{"id":10135,"date":"2015-08-01T13:53:22","date_gmt":"2015-08-01T11:53:22","guid":{"rendered":"http:\/\/beta.amis-tico.eu\/de\/?p=10135"},"modified":"2016-07-20T12:56:55","modified_gmt":"2016-07-20T10:56:55","slug":"bella-3","status":"publish","type":"post","link":"https:\/\/www.amis-tico.eu\/de\/2015\/bella-3\/","title":{"rendered":"Bella"},"content":{"rendered":"<p>Name<strong>:\u00a0 Bella<\/strong><br \/>\nAlter: ca. 12 &#8211; 15 J. (?)<br \/>\nGeschlecht: weiblich<\/p>\n<p><del><span style=\"color: #ff0000\">PATEN GESUCHT<\/span><\/del><\/p>\n<p><!--more--><\/p>\n<p><a href=\"https:\/\/www.amis-tico.eu\/de\/wp-content\/uploads\/sites\/3\/2015\/08\/bellakatze1-1.jpg\"><img loading=\"lazy\" decoding=\"async\" class=\" wp-image-10136 alignleft\" src=\"https:\/\/www.amis-tico.eu\/de\/wp-content\/uploads\/sites\/3\/2015\/08\/bellakatze1-1-602x400.jpg\" alt=\"bellakatze1-1\" width=\"348\" height=\"231\" srcset=\"https:\/\/www.amis-tico.eu\/de\/wp-content\/uploads\/sites\/3\/2015\/08\/bellakatze1-1-602x400.jpg 602w, https:\/\/www.amis-tico.eu\/de\/wp-content\/uploads\/sites\/3\/2015\/08\/bellakatze1-1-624x415.jpg 624w, https:\/\/www.amis-tico.eu\/de\/wp-content\/uploads\/sites\/3\/2015\/08\/bellakatze1-1.jpg 700w\" sizes=\"auto, (max-width: 348px) 100vw, 348px\" \/><\/a><\/p>\n<p>&nbsp;<\/p>\n<p>Bella wurde gefunden und bei einem Tierarzt abgegeben. Bella ist sehr sehr mager. Das Alter kennt niemand und ist schwer zum sch\u00e4tzen aufgrund des schlimmen Zustandes von Bella. Die Schilddr\u00fcsenwerte sind sehr hoch und die Nierenwerte und Diabetiswerte sind auch erh\u00f6ht. Bella befindet sich im Moment station\u00e4r beim Tierarzt.<\/p>\n<p><a href=\"https:\/\/www.amis-tico.eu\/de\/wp-content\/uploads\/sites\/3\/2015\/08\/bellakatze1-2.jpg\"><img loading=\"lazy\" decoding=\"async\" class=\"alignnone wp-image-10138\" src=\"https:\/\/www.amis-tico.eu\/de\/wp-content\/uploads\/sites\/3\/2015\/08\/bellakatze1-2-602x400.jpg\" alt=\"bellakatze1-2\" width=\"432\" height=\"287\" srcset=\"https:\/\/www.amis-tico.eu\/de\/wp-content\/uploads\/sites\/3\/2015\/08\/bellakatze1-2-602x400.jpg 602w, https:\/\/www.amis-tico.eu\/de\/wp-content\/uploads\/sites\/3\/2015\/08\/bellakatze1-2-624x415.jpg 624w, https:\/\/www.amis-tico.eu\/de\/wp-content\/uploads\/sites\/3\/2015\/08\/bellakatze1-2.jpg 700w\" sizes=\"auto, (max-width: 432px) 100vw, 432px\" \/><\/a><\/p>\n<p><strong>Update, 26.08.2015<\/strong><\/p>\n<p><strong>Bella unser Sorgenkind<\/strong><\/p>\n<p>Nach H\u00f6hen und Tiefen, die Bella gesundheitlich durchschritten hat, geht es ihr nun wieder besser!<\/p>\n<p>Bei den Messungen der Blutzuckerwerte befand sich Bella nun immer im Normbereich und au\u00dferdem wurde Bella Fiv\/Leukose negativ getestet. Die Blutwerte wurden erneut kontrolliert. Und sehr gro\u00df war die Verbl\u00fcffung: \u201eAlle Werte waren im Normbereich!\u201c Die Medikamente wurden abgesetzt und eine erneute Kontrolle best\u00e4tigte die guten Laborwerte erneut. Bella ist wahrscheinlich schon viel \u00e4lter als urspr\u00fcnglich gedacht. Sie k\u00f6nnte auch schon 12-15 Jahre alt sein. Sie ist immer noch sehr mager. Es besteht aber die Hoffnung, dass sie noch mehr aufgep\u00e4ppelt werden kann. Da sie Streicheleinheiten liebt und auch die W\u00e4rme der Sonnenstrahlen genie\u00dft w\u00e4re nun ein endg\u00fcltiges Zuhause umso wichtiger f\u00fcr Bella.<\/p>\n<p><strong>Danke an alle Spender, die Bella unterst\u00fctzt haben!!!<\/strong><\/p>\n<p><a href=\"https:\/\/www.amis-tico.eu\/de\/wp-content\/uploads\/sites\/3\/2015\/08\/Bella-update-1-2.jpg\"><img loading=\"lazy\" decoding=\"async\" class=\"alignnone wp-image-10322\" src=\"https:\/\/www.amis-tico.eu\/de\/wp-content\/uploads\/sites\/3\/2015\/08\/Bella-update-1-2-225x400.jpg\" alt=\"Bella update 1-2\" width=\"159\" height=\"283\" srcset=\"https:\/\/www.amis-tico.eu\/de\/wp-content\/uploads\/sites\/3\/2015\/08\/Bella-update-1-2-225x400.jpg 225w, https:\/\/www.amis-tico.eu\/de\/wp-content\/uploads\/sites\/3\/2015\/08\/Bella-update-1-2-624x1109.jpg 624w, https:\/\/www.amis-tico.eu\/de\/wp-content\/uploads\/sites\/3\/2015\/08\/Bella-update-1-2.jpg 700w\" sizes=\"auto, (max-width: 159px) 100vw, 159px\" \/><\/a><a href=\"https:\/\/www.amis-tico.eu\/de\/wp-content\/uploads\/sites\/3\/2015\/08\/Bella-update-1-1.jpg\"><img loading=\"lazy\" decoding=\"async\" class=\"alignnone wp-image-10321\" src=\"https:\/\/www.amis-tico.eu\/de\/wp-content\/uploads\/sites\/3\/2015\/08\/Bella-update-1-1-626x352.jpg\" alt=\"Bella update 1-1\" width=\"272\" height=\"153\" srcset=\"https:\/\/www.amis-tico.eu\/de\/wp-content\/uploads\/sites\/3\/2015\/08\/Bella-update-1-1-626x352.jpg 626w, https:\/\/www.amis-tico.eu\/de\/wp-content\/uploads\/sites\/3\/2015\/08\/Bella-update-1-1-624x351.jpg 624w, https:\/\/www.amis-tico.eu\/de\/wp-content\/uploads\/sites\/3\/2015\/08\/Bella-update-1-1.jpg 700w\" sizes=\"auto, (max-width: 272px) 100vw, 272px\" \/><\/a><\/p>\n<p><strong>Update, 22.09.2015<\/strong><\/p>\n<p>Bella die Gl\u00fcckliche hat es auf eine Langzeitpflegestelle geschafft. Bitte unterst\u00fctzen Sie Bella mit einer Patenschaft.<\/p>\n<p>&nbsp;<\/p>\n<p><strong>Update, 05.01.2016<\/strong><\/p>\n<p>Nach einer gr\u00fcndlichen Untersuchung bei der Tier\u00e4rztink\u00f6nnen wir durchweg positives berichten: Bellas Nieren funktionieren einwandfrei, sie hat kein Problem mit der Schilddr\u00fcse und auch keine Diabetes oder Tumore. Was hat sie dann und wieso ist sie so spindeld\u00fcrr? Man vermutet, dass Bella an einer chronischen Magen-Darm-St\u00f6rung leidet. Das w\u00e4re eine Erkl\u00e4rung, wieso sie oft Durchfall hat und regelm\u00e4ssig erbrechen muss. Obwohl sie gut auf eine speziellen Di\u00e4t und einer Cortisontherapie reagiert hat, ist das Leben mit Bella wie eine Achterbahnfahrt: sobald ich glaube, dass ich alles in Griff habe, kommen Durchfall und Erbrechen wieder. Trotz ihres schlechten Zustandes ist sie stets gut gelaunt. Sie hat eine sehr sanfte und liebenswerte Art und l\u00e4sst sich gerne streicheln, mal eine halbe Stunde, mal nur ein paar Sekunden, aber immer ist ein Liebesbiss dabei. Wenn es ihr nicht gut geht (Bad Hair Day) zieht sie sichzur\u00fcck und ist dementsprechend teilnahmslos. Aber es gibt immer mehr Tage wo sie munter und aufgeweckt ist. Sie springt regelrecht herum, versucht die Kratztrommel hoch zu klettern oder l\u00e4uft im Trab durchs Haus. Ihr Lieblingsplatz ist mein \u201cbeheizter Anzuchtkasten\u201c (eigentlich f\u00fcr Stecklinge und Saatgut gedacht). Mit d\u00fcnnem Fell und nur wenig Fleisch am Knochen, f\u00fchlt sie sich dort anscheinend sehr wohl. Sie mag keine synthetischen Stoffe, ihr Kuschelbett muss aus reiner Baumwolle oder Schurwolle sein. Sie w\u00fcrde sich lieber auf einen harten Holztisch oder kalten Fliesenboden legen, als auf einem flauschigen Fleece aus Kunstfasern. Wenn es ums Futter geht, ist sie gar nicht w\u00e4hlerisch. Sie frisst alles auf und leckt dann das Sch\u00fcsselchen sauber, bis es wieder gl\u00e4nzt. Vorbildlich, oder? Mit Minette, meinem 10-j\u00e4hrigen M\u00e4del, hat es nicht ganz richtig gefunkt. Es gibt nie b\u00f6swilligen Krach, aber allerbeste Freundinnen werden sie wohl nicht mehr. ZurFutterzeit steht Bella immer in der ersten Reihe und wennes beim servieren nicht schnell genug geht, tastet sie leicht meine Hosenbeine. Obwohl ich hier das Gef\u00fchl habe, dass sie auch laut schreien will, ist ihr Miauen nurstumm !<\/p>\n\n\t\t\t<div id='10135-1' class='gallery gallery-10135 gallery-columns-3 gallery-size-medium' itemscope itemtype='http:\/\/schema.org\/ImageGallery'>\n\t\t\t\t<div class='gallery-row gallery-col-3 gallery-clear'>\n\t\t\t\t\t<figure class='gallery-item col-3' itemprop='associatedMedia' itemscope itemtype='http:\/\/schema.org\/ImageObject'>\n\t\t\t\t\t\t<div class='gallery-icon landscape'><a href='https:\/\/www.amis-tico.eu\/de\/wp-content\/uploads\/sites\/3\/2015\/08\/Bella-update-1-518x400.jpg' title='Bella update 1'><img loading=\"lazy\" decoding=\"async\" width=\"518\" height=\"400\" src=\"https:\/\/www.amis-tico.eu\/de\/wp-content\/uploads\/sites\/3\/2015\/08\/Bella-update-1-518x400.jpg\" class=\"attachment-medium size-medium\" alt=\"\" srcset=\"https:\/\/www.amis-tico.eu\/de\/wp-content\/uploads\/sites\/3\/2015\/08\/Bella-update-1-518x400.jpg 518w, https:\/\/www.amis-tico.eu\/de\/wp-content\/uploads\/sites\/3\/2015\/08\/Bella-update-1-624x482.jpg 624w, https:\/\/www.amis-tico.eu\/de\/wp-content\/uploads\/sites\/3\/2015\/08\/Bella-update-1.jpg 700w\" sizes=\"auto, (max-width: 518px) 100vw, 518px\" itemprop=\"thumbnail\" \/><\/a><\/div>\n\t\t\t\t\t<\/figure>\n\t\t\t\t\t<figure class='gallery-item col-3' itemprop='associatedMedia' itemscope itemtype='http:\/\/schema.org\/ImageObject'>\n\t\t\t\t\t\t<div class='gallery-icon landscape'><a href='https:\/\/www.amis-tico.eu\/de\/wp-content\/uploads\/sites\/3\/2015\/08\/Bella-update-2-533x400.jpg' title='Bella update 2'><img loading=\"lazy\" decoding=\"async\" width=\"533\" height=\"400\" src=\"https:\/\/www.amis-tico.eu\/de\/wp-content\/uploads\/sites\/3\/2015\/08\/Bella-update-2-533x400.jpg\" class=\"attachment-medium size-medium\" alt=\"\" srcset=\"https:\/\/www.amis-tico.eu\/de\/wp-content\/uploads\/sites\/3\/2015\/08\/Bella-update-2-533x400.jpg 533w, https:\/\/www.amis-tico.eu\/de\/wp-content\/uploads\/sites\/3\/2015\/08\/Bella-update-2-624x468.jpg 624w, https:\/\/www.amis-tico.eu\/de\/wp-content\/uploads\/sites\/3\/2015\/08\/Bella-update-2.jpg 700w\" sizes=\"auto, (max-width: 533px) 100vw, 533px\" itemprop=\"thumbnail\" \/><\/a><\/div>\n\t\t\t\t\t<\/figure>\n\t\t\t<\/div>\n\t\t\t<\/div><!-- .gallery -->\n\n<p>&nbsp;<\/p>\n<p><strong>Update, 01.02.2016<\/strong><\/p>\n<p>Bella hat ein Geschenk von ihrer lieben Patin Regina bekommen.<\/p>\n<p><img loading=\"lazy\" decoding=\"async\" class=\"alignnone wp-image-11628\" src=\"https:\/\/www.amis-tico.eu\/de\/wp-content\/uploads\/sites\/3\/2015\/08\/Bella-update-4-1-533x400.jpg\" alt=\"Bella update 4 (1)\" width=\"289\" height=\"217\" srcset=\"https:\/\/www.amis-tico.eu\/de\/wp-content\/uploads\/sites\/3\/2015\/08\/Bella-update-4-1-533x400.jpg 533w, https:\/\/www.amis-tico.eu\/de\/wp-content\/uploads\/sites\/3\/2015\/08\/Bella-update-4-1-624x468.jpg 624w, https:\/\/www.amis-tico.eu\/de\/wp-content\/uploads\/sites\/3\/2015\/08\/Bella-update-4-1.jpg 700w\" sizes=\"auto, (max-width: 289px) 100vw, 289px\" \/> <img loading=\"lazy\" decoding=\"async\" class=\"alignnone wp-image-11629\" src=\"https:\/\/www.amis-tico.eu\/de\/wp-content\/uploads\/sites\/3\/2015\/08\/Bella-update-4-2-533x400.jpg\" alt=\"Bella update 4 (2)\" width=\"287\" height=\"215\" srcset=\"https:\/\/www.amis-tico.eu\/de\/wp-content\/uploads\/sites\/3\/2015\/08\/Bella-update-4-2-533x400.jpg 533w, https:\/\/www.amis-tico.eu\/de\/wp-content\/uploads\/sites\/3\/2015\/08\/Bella-update-4-2-624x468.jpg 624w, https:\/\/www.amis-tico.eu\/de\/wp-content\/uploads\/sites\/3\/2015\/08\/Bella-update-4-2.jpg 700w\" sizes=\"auto, (max-width: 287px) 100vw, 287px\" \/><\/p>\n<p><strong>Update, 12.04.2016<\/strong><\/p>\n<p class=\"s2\"><span class=\"s3\"><span class=\"bumpedFont15\" style=\"line-height: 21px\">Die Achterbahnfahrt mit Bella geht weiter.<\/span><\/span><span class=\"s3\"><span class=\"bumpedFont15\">\u00a0\u00a0Der<\/span><\/span><span class=\"s3\" style=\"line-height: 14px\"><span class=\"bumpedFont15\" style=\"line-height: 21px\">\u00a0Armen ging es eine Weile schlecht und<\/span><\/span><span class=\"s3\"><span class=\"bumpedFont15\">\u00a0sie<\/span><\/span><span class=\"s3\" style=\"line-height: 14px\"><span class=\"bumpedFont15\" style=\"line-height: 21px\">\u00a0hat\u00a0<\/span><\/span><span class=\"s3\" style=\"line-height: 14px\"><span class=\"bumpedFont15\" style=\"line-height: 21px\">wieder\u00a0<\/span><\/span><span class=\"s3\" style=\"line-height: 14px\"><span class=\"bumpedFont15\" style=\"line-height: 21px\">angefangen abzunehmen. \u00a0Verschiedene Untersuchungen ergaben dann das Ergebnis, dass sie eine Bauchspeicheldr\u00fcsenentz\u00fcndung hat. \u00a0Eine spezielle fettarme Di\u00e4t<\/span><\/span><span class=\"s3\" style=\"line-height: 14px\"><span class=\"bumpedFont15\" style=\"line-height: 21px\">\u00a0wurde verordnet<\/span><\/span><span class=\"s3\" style=\"line-height: 14px\"><span class=\"bumpedFont15\" style=\"line-height: 21px\">,<\/span><\/span><span class=\"s3\" style=\"line-height: 14px\"><span class=\"bumpedFont15\" style=\"line-height: 21px\">\u00a0aber da sie<\/span><\/span><span class=\"s3\" style=\"line-height: 14px\"><span class=\"bumpedFont15\" style=\"line-height: 21px\">dieses Futter wegen ihrer IBD schlecht\u00a0<\/span><\/span><span class=\"s3\"><span class=\"bumpedFont15\">vertr\u00e4gt<\/span><\/span><span class=\"s3\"><span class=\"bumpedFont15\" style=\"line-height: 21px\">, gebe ich ihr\u00a0<\/span><\/span><span class=\"s3\" style=\"line-height: 14px\"><span class=\"bumpedFont15\" style=\"line-height: 21px\">ausschlie\u00dflich\u00a0<\/span><\/span><span class=\"s3\" style=\"line-height: 14px\"><span class=\"bumpedFont15\">bis auf weiteres hausgekochtes Futter (mageres Huhnfleisch und Zusatzstoffe). \u00a0Sie schluckt\u00a0<\/span><\/span><span class=\"s3\"><span class=\"bumpedFont15\">alles\u00a0<\/span><\/span><span class=\"s3\" style=\"line-height: 14px\"><span class=\"bumpedFont15\" style=\"line-height: 21px\">brav hinunter.<\/span><\/span><span class=\"s3\" style=\"line-height: 14px\"><span class=\"bumpedFont15\" style=\"line-height: 21px\">\u00a0\u00a0Sie hat in letzter Z<\/span><\/span><span class=\"s3\" style=\"line-height: 14px\"><span class=\"bumpedFont15\">eit zugenommen und wiegt nun 4.4 kg. \u00a0Trotz dieser Gewichtszunahme hat sie nach wie<\/span><\/span><span class=\"s3\"><span class=\"bumpedFont15\">\u00a0vor zu wenig Muskulatur &#8211; ihre<\/span><\/span><span class=\"s3\"><span class=\"bumpedFont15\">\u00a0Schulterbl\u00e4tter und H\u00fcft<\/span><\/span><span class=\"s3\"><span class=\"bumpedFont15\">en sind deutlich zu sp\u00fcren. \u00a0 Aber kein Wunder wenn sie die Nahrung schlecht\u00a0<\/span><\/span><span class=\"s3\" style=\"line-height: 14px\"><span class=\"bumpedFont15\" style=\"line-height: 21px\">aufnehm<\/span><\/span><span class=\"s3\" style=\"line-height: 14px\"><span class=\"bumpedFont15\">en und verwerten kann. \u00a0B<\/span><\/span><span class=\"s3\" style=\"line-height: 14px\"><span class=\"bumpedFont15\">ei einer Blutanal<\/span><\/span><span class=\"s3\"><span class=\"bumpedFont15\">yse<\/span><\/span><span class=\"s3\" style=\"line-height: 14px\"><span class=\"bumpedFont15\" style=\"line-height: 21px\">\u00a0wurde\u00a0<\/span><\/span><span class=\"s3\" style=\"line-height: 14px\"><span class=\"bumpedFont15\" style=\"line-height: 21px\">festgestellt<\/span><\/span><span class=\"s3\" style=\"line-height: 14px\"><span class=\"bumpedFont15\">, dass sie einen Mangel an Vitamin B12 h<\/span><\/span><span class=\"s3\" style=\"line-height: 14px\"><span class=\"bumpedFont15\" style=\"line-height: 21px\">at.\u00a0<\/span><\/span><span class=\"s3\" style=\"line-height: 14px\"><span class=\"bumpedFont15\" style=\"line-height: 21px\">D<\/span><\/span><span class=\"s3\" style=\"line-height: 14px\"><span class=\"bumpedFont15\" style=\"line-height: 21px\">af\u00fcr bekommt si<\/span><\/span><span class=\"s3\" style=\"line-height: 14px\"><span class=\"bumpedFont15\">e regelm\u00e4\u00dfig eine Spritze.<\/span><\/span><\/p>\n<p class=\"s2\"><span class=\"s3\"><span class=\"bumpedFont15\" style=\"line-height: 21px\">U<\/span><\/span><span class=\"s3\" style=\"line-height: 14px\"><span class=\"bumpedFont15\">m den Muskulatur<\/span><\/span><span class=\"s3\"><span class=\"bumpedFont15\">aufbau zu f\u00f6rdern<\/span><\/span><span class=\"s3\"><span class=\"bumpedFont15\">\u00a0machen wir t\u00e4glich<\/span><\/span><span class=\"s3\"><span class=\"bumpedFont15\">\u00dcbungen<\/span><\/span><span class=\"s3\" style=\"line-height: 14px\"><span class=\"bumpedFont15\" style=\"line-height: 21px\">.\u00a0<\/span><\/span><span class=\"s3\" style=\"line-height: 14px\"><span class=\"bumpedFont15\" style=\"line-height: 21px\">&#8222;\u00dcbung&#8220; hei\u00df<\/span><\/span><span class=\"s3\" style=\"line-height: 14px\"><span class=\"bumpedFont15\" style=\"line-height: 21px\">t<\/span><\/span><span class=\"s3\" style=\"line-height: 14px\"><span class=\"bumpedFont15\" style=\"line-height: 21px\">:\u00a0<\/span><\/span><span class=\"s3\" style=\"line-height: 14px\"><span class=\"bumpedFont15\" style=\"line-height: 21px\">S<\/span><\/span><span class=\"s3\" style=\"line-height: 14px\"><span class=\"bumpedFont15\">ie rennt gerne hinter mir die Treppe hoch<\/span><\/span><span class=\"s3\" style=\"line-height: 14px\"><span class=\"bumpedFont15\" style=\"line-height: 21px\">,<\/span><\/span><span class=\"s3\" style=\"line-height: 14px\"><span class=\"bumpedFont15\" style=\"line-height: 21px\">\u00a0wenn ich ein St\u00fcck K\u00e4se in der Hand habe. \u00a0Sie kennt diese Gymnastik auswendig und ich finde sie manchmal tags\u00fcber im Treppenhaus sitzend auf der obersten Stufe ;-)<\/span><\/span><span class=\"s3\" style=\"line-height: 14px\"><span class=\"bumpedFont15\" style=\"line-height: 21px\">\u00a0Ihr Lieblingsplatz ist auf dem Tisch vor dem Fenster und das st\u00e4ndige Hoch- und Herunterspringen (mittels ein<\/span><\/span><span class=\"s3\"><span class=\"bumpedFont15\" style=\"line-height: 21px\">es Stuhl<\/span><\/span><span class=\"s3\" style=\"line-height: 14px\"><span class=\"bumpedFont15\">s) dient<\/span><\/span><span class=\"s3\"><span class=\"bumpedFont15\">\u00a0auch<\/span><\/span><span class=\"s3\" style=\"line-height: 14px\"><span class=\"bumpedFont15\" style=\"line-height: 21px\">\u00a0als\u00a0<\/span><\/span><span class=\"s3\" style=\"line-height: 14px\"><span class=\"bumpedFont15\" style=\"line-height: 21px\">Therapie.<\/span><\/span><span class=\"s3\" style=\"line-height: 14px\"><span class=\"bumpedFont15\" style=\"line-height: 21px\">\u00a0\u00a0Sie macht auch gerne Yoga, siehe Foto.<\/span><\/span><\/p>\n<p class=\"s2\"><span class=\"s3\"><span class=\"bumpedFont15\" style=\"line-height: 21px\">Nach 7 Monaten bei mir hat sie endlich ihre Stimme<\/span><\/span><span class=\"s3\"><span class=\"bumpedFont15\" style=\"line-height: 21px\">gefunden; jetzt h\u00f6rt man was wenn sie miaut (es klingt aber wie statische Aufladung). \u00a0Mit Minette geht\u00b4s gut, die beiden haben angefangen miteinander zu spielen, so s\u00fc\u00df. \u00a0Mal habe ich sie erwischt Schulter an Schulter am selben Fressnapf. Auf den Fotos kann man sehen\u00a0<\/span><\/span><a name=\"_GoBack\"><\/a><span class=\"s3\"><span class=\"bumpedFont15\" style=\"line-height: 21px\">wie wohl sich Bella f\u00fchlt und wie wundersch\u00f6n sie geworden ist. Bella ist meine erste Pflegekatze. \u00a0Ohne<\/span><\/span><span class=\"s3\"><span class=\"bumpedFont15\">\u00a0die gro\u00dfz\u00fcgigen Spenden und die<\/span><\/span><span class=\"s3\"><span class=\"bumpedFont15\">\u00a0st\u00e4ndige Hilfe meiner Freundin Svenja h\u00e4tte ich es vielleicht nicht ge<\/span><\/span><span class=\"s3\" style=\"line-height: 14px\"><span class=\"bumpedFont15\" style=\"line-height: 21px\">schafft.\u00a0<\/span><\/span><span class=\"s3\" style=\"line-height: 14px\"><span class=\"bumpedFont15\" style=\"line-height: 21px\">\u00a0Einfach Danke!<\/span><\/span><\/p>\n\n\t\t\t<div id='10135-2' class='gallery gallery-10135 gallery-columns-3 gallery-size-thumbnail' itemscope itemtype='http:\/\/schema.org\/ImageGallery'>\n\t\t\t\t<div class='gallery-row gallery-col-3 gallery-clear'>\n\t\t\t\t\t<figure class='gallery-item col-3' itemprop='associatedMedia' itemscope itemtype='http:\/\/schema.org\/ImageObject'>\n\t\t\t\t\t\t<div class='gallery-icon landscape'><a href='https:\/\/www.amis-tico.eu\/de\/wp-content\/uploads\/sites\/3\/2015\/08\/Bella-11-update-533x400.jpg' title='Bella 11 update'><img loading=\"lazy\" decoding=\"async\" width=\"170\" height=\"150\" src=\"https:\/\/www.amis-tico.eu\/de\/wp-content\/uploads\/sites\/3\/2015\/08\/Bella-11-update-170x150.jpg\" class=\"attachment-thumbnail size-thumbnail\" alt=\"\" itemprop=\"thumbnail\" \/><\/a><\/div>\n\t\t\t\t\t<\/figure>\n\t\t\t\t\t<figure class='gallery-item col-3' itemprop='associatedMedia' itemscope itemtype='http:\/\/schema.org\/ImageObject'>\n\t\t\t\t\t\t<div class='gallery-icon landscape'><a href='https:\/\/www.amis-tico.eu\/de\/wp-content\/uploads\/sites\/3\/2015\/08\/Bella-10update-533x400.jpg' title='Bella 10update'><img loading=\"lazy\" decoding=\"async\" width=\"170\" height=\"150\" src=\"https:\/\/www.amis-tico.eu\/de\/wp-content\/uploads\/sites\/3\/2015\/08\/Bella-10update-170x150.jpg\" class=\"attachment-thumbnail size-thumbnail\" alt=\"\" itemprop=\"thumbnail\" \/><\/a><\/div>\n\t\t\t\t\t<\/figure>\n\t\t\t\t\t<figure class='gallery-item col-3' itemprop='associatedMedia' itemscope itemtype='http:\/\/schema.org\/ImageObject'>\n\t\t\t\t\t\t<div class='gallery-icon landscape'><a href='https:\/\/www.amis-tico.eu\/de\/wp-content\/uploads\/sites\/3\/2015\/08\/Bella-9-update-2-533x400.jpg' title='Bella 9 update  (2)'><img loading=\"lazy\" decoding=\"async\" width=\"170\" height=\"150\" src=\"https:\/\/www.amis-tico.eu\/de\/wp-content\/uploads\/sites\/3\/2015\/08\/Bella-9-update-2-170x150.jpg\" class=\"attachment-thumbnail size-thumbnail\" alt=\"\" itemprop=\"thumbnail\" \/><\/a><\/div>\n\t\t\t\t\t<\/figure>\n\t\t\t\t<\/div>\n\t\t\t\t<div class='gallery-row gallery-col-3 gallery-clear'>\n\t\t\t\t\t<figure class='gallery-item col-3' itemprop='associatedMedia' itemscope itemtype='http:\/\/schema.org\/ImageObject'>\n\t\t\t\t\t\t<div class='gallery-icon landscape'><a href='https:\/\/www.amis-tico.eu\/de\/wp-content\/uploads\/sites\/3\/2015\/08\/Bella-9-update-1-533x400.jpg' title='Bella 9 update  (1)'><img loading=\"lazy\" decoding=\"async\" width=\"170\" height=\"150\" src=\"https:\/\/www.amis-tico.eu\/de\/wp-content\/uploads\/sites\/3\/2015\/08\/Bella-9-update-1-170x150.jpg\" class=\"attachment-thumbnail size-thumbnail\" alt=\"\" itemprop=\"thumbnail\" \/><\/a><\/div>\n\t\t\t\t\t<\/figure>\n\t\t\t\t\t<figure class='gallery-item col-3' itemprop='associatedMedia' itemscope itemtype='http:\/\/schema.org\/ImageObject'>\n\t\t\t\t\t\t<div class='gallery-icon landscape'><a href='https:\/\/www.amis-tico.eu\/de\/wp-content\/uploads\/sites\/3\/2015\/08\/Bella-8-update-533x400.jpg' title='Bella 8 update'><img loading=\"lazy\" decoding=\"async\" width=\"170\" height=\"150\" src=\"https:\/\/www.amis-tico.eu\/de\/wp-content\/uploads\/sites\/3\/2015\/08\/Bella-8-update-170x150.jpg\" class=\"attachment-thumbnail size-thumbnail\" alt=\"\" itemprop=\"thumbnail\" \/><\/a><\/div>\n\t\t\t\t\t<\/figure>\n\t\t\t\t\t<figure class='gallery-item col-3' itemprop='associatedMedia' itemscope itemtype='http:\/\/schema.org\/ImageObject'>\n\t\t\t\t\t\t<div class='gallery-icon landscape'><a href='https:\/\/www.amis-tico.eu\/de\/wp-content\/uploads\/sites\/3\/2015\/08\/Bella-7b-update-533x400.jpg' title='Bella 7b update'><img loading=\"lazy\" decoding=\"async\" width=\"170\" height=\"150\" src=\"https:\/\/www.amis-tico.eu\/de\/wp-content\/uploads\/sites\/3\/2015\/08\/Bella-7b-update-170x150.jpg\" class=\"attachment-thumbnail size-thumbnail\" alt=\"\" itemprop=\"thumbnail\" \/><\/a><\/div>\n\t\t\t\t\t<\/figure>\n\t\t\t\t<\/div>\n\t\t\t\t<div class='gallery-row gallery-col-3 gallery-clear'>\n\t\t\t\t\t<figure class='gallery-item col-3' itemprop='associatedMedia' itemscope itemtype='http:\/\/schema.org\/ImageObject'>\n\t\t\t\t\t\t<div class='gallery-icon landscape'><a href='https:\/\/www.amis-tico.eu\/de\/wp-content\/uploads\/sites\/3\/2015\/08\/Bella-6-update-533x400.jpg' title='Bella 6 update'><img loading=\"lazy\" decoding=\"async\" width=\"170\" height=\"150\" src=\"https:\/\/www.amis-tico.eu\/de\/wp-content\/uploads\/sites\/3\/2015\/08\/Bella-6-update-170x150.jpg\" class=\"attachment-thumbnail size-thumbnail\" alt=\"\" itemprop=\"thumbnail\" \/><\/a><\/div>\n\t\t\t\t\t<\/figure>\n\t\t\t\t\t<figure class='gallery-item col-3' itemprop='associatedMedia' itemscope itemtype='http:\/\/schema.org\/ImageObject'>\n\t\t\t\t\t\t<div class='gallery-icon landscape'><a href='https:\/\/www.amis-tico.eu\/de\/wp-content\/uploads\/sites\/3\/2015\/08\/Bella-5-update-533x400.jpg' title='Bella 5 update'><img loading=\"lazy\" decoding=\"async\" width=\"170\" height=\"150\" src=\"https:\/\/www.amis-tico.eu\/de\/wp-content\/uploads\/sites\/3\/2015\/08\/Bella-5-update-170x150.jpg\" class=\"attachment-thumbnail size-thumbnail\" alt=\"\" itemprop=\"thumbnail\" \/><\/a><\/div>\n\t\t\t\t\t<\/figure>\n\t\t\t\t\t<figure class='gallery-item col-3' itemprop='associatedMedia' itemscope itemtype='http:\/\/schema.org\/ImageObject'>\n\t\t\t\t\t\t<div class='gallery-icon landscape'><a href='https:\/\/www.amis-tico.eu\/de\/wp-content\/uploads\/sites\/3\/2015\/08\/Bella-4-update-533x400.jpg' title='Bella 4 update'><img loading=\"lazy\" decoding=\"async\" width=\"170\" height=\"150\" src=\"https:\/\/www.amis-tico.eu\/de\/wp-content\/uploads\/sites\/3\/2015\/08\/Bella-4-update-170x150.jpg\" class=\"attachment-thumbnail size-thumbnail\" alt=\"\" itemprop=\"thumbnail\" \/><\/a><\/div>\n\t\t\t\t\t<\/figure>\n\t\t\t\t<\/div>\n\t\t\t\t<div class='gallery-row gallery-col-3 gallery-clear'>\n\t\t\t\t\t<figure class='gallery-item col-3' itemprop='associatedMedia' itemscope itemtype='http:\/\/schema.org\/ImageObject'>\n\t\t\t\t\t\t<div class='gallery-icon landscape'><a href='https:\/\/www.amis-tico.eu\/de\/wp-content\/uploads\/sites\/3\/2015\/08\/Bella-3-update-626x352.jpg' title='Bella 3 update'><img loading=\"lazy\" decoding=\"async\" width=\"170\" height=\"150\" src=\"https:\/\/www.amis-tico.eu\/de\/wp-content\/uploads\/sites\/3\/2015\/08\/Bella-3-update-170x150.jpg\" class=\"attachment-thumbnail size-thumbnail\" alt=\"\" itemprop=\"thumbnail\" \/><\/a><\/div>\n\t\t\t\t\t<\/figure>\n\t\t\t\t\t<figure class='gallery-item col-3' itemprop='associatedMedia' itemscope itemtype='http:\/\/schema.org\/ImageObject'>\n\t\t\t\t\t\t<div class='gallery-icon landscape'><a href='https:\/\/www.amis-tico.eu\/de\/wp-content\/uploads\/sites\/3\/2015\/08\/Bella-2-update-626x352.jpg' title='Bella 2 update'><img loading=\"lazy\" decoding=\"async\" width=\"170\" height=\"150\" src=\"https:\/\/www.amis-tico.eu\/de\/wp-content\/uploads\/sites\/3\/2015\/08\/Bella-2-update-170x150.jpg\" class=\"attachment-thumbnail size-thumbnail\" alt=\"\" itemprop=\"thumbnail\" \/><\/a><\/div>\n\t\t\t\t\t<\/figure>\n\t\t\t\t\t<figure class='gallery-item col-3' itemprop='associatedMedia' itemscope itemtype='http:\/\/schema.org\/ImageObject'>\n\t\t\t\t\t\t<div class='gallery-icon landscape'><a href='https:\/\/www.amis-tico.eu\/de\/wp-content\/uploads\/sites\/3\/2015\/08\/Bella-1-update-626x352.jpg' title='Bella 1 update'><img loading=\"lazy\" decoding=\"async\" width=\"170\" height=\"150\" src=\"https:\/\/www.amis-tico.eu\/de\/wp-content\/uploads\/sites\/3\/2015\/08\/Bella-1-update-170x150.jpg\" class=\"attachment-thumbnail size-thumbnail\" alt=\"\" itemprop=\"thumbnail\" \/><\/a><\/div>\n\t\t\t\t\t<\/figure>\n\t\t\t\t<\/div>\n\t\t\t<\/div><!-- .gallery -->\n\n<p>&nbsp;<\/p>\n\n\t\t\t<div id='10135-3' class='gallery gallery-10135 gallery-columns-3 gallery-size-thumbnail' itemscope itemtype='http:\/\/schema.org\/ImageGallery'>\n\t\t\t\t<div class='gallery-row gallery-col-3 gallery-clear'>\n\t\t\t\t\t<figure class='gallery-item col-3' itemprop='associatedMedia' itemscope itemtype='http:\/\/schema.org\/ImageObject'>\n\t\t\t\t\t\t<div class='gallery-icon landscape'><a href='https:\/\/www.amis-tico.eu\/de\/wp-content\/uploads\/sites\/3\/2016\/07\/Bella-Abschied-1-1-551x400.jpg' title='Bella Abschied 1-1'><img loading=\"lazy\" decoding=\"async\" width=\"170\" height=\"150\" src=\"https:\/\/www.amis-tico.eu\/de\/wp-content\/uploads\/sites\/3\/2016\/07\/Bella-Abschied-1-1-170x150.jpg\" class=\"attachment-thumbnail size-thumbnail\" alt=\"\" itemprop=\"thumbnail\" \/><\/a><\/div>\n\t\t\t\t\t<\/figure>\n\t\t\t\t\t<figure class='gallery-item col-3' itemprop='associatedMedia' itemscope itemtype='http:\/\/schema.org\/ImageObject'>\n\t\t\t\t\t\t<div class='gallery-icon landscape'><a href='https:\/\/www.amis-tico.eu\/de\/wp-content\/uploads\/sites\/3\/2016\/07\/Bella-Abschied-1-3-580x400.jpg' title='Bella Abschied 1-3'><img loading=\"lazy\" decoding=\"async\" width=\"170\" height=\"150\" src=\"https:\/\/www.amis-tico.eu\/de\/wp-content\/uploads\/sites\/3\/2016\/07\/Bella-Abschied-1-3-170x150.jpg\" class=\"attachment-thumbnail size-thumbnail\" alt=\"\" itemprop=\"thumbnail\" \/><\/a><\/div>\n\t\t\t\t\t<\/figure>\n\t\t\t\t\t<figure class='gallery-item col-3' itemprop='associatedMedia' itemscope itemtype='http:\/\/schema.org\/ImageObject'>\n\t\t\t\t\t\t<div class='gallery-icon landscape'><a href='https:\/\/www.amis-tico.eu\/de\/wp-content\/uploads\/sites\/3\/2016\/07\/Bella-Abschied-1-4-501x400.jpg' title='Bella Abschied 1-4'><img loading=\"lazy\" decoding=\"async\" width=\"170\" height=\"150\" src=\"https:\/\/www.amis-tico.eu\/de\/wp-content\/uploads\/sites\/3\/2016\/07\/Bella-Abschied-1-4-170x150.jpg\" class=\"attachment-thumbnail size-thumbnail\" alt=\"\" itemprop=\"thumbnail\" \/><\/a><\/div>\n\t\t\t\t\t<\/figure>\n\t\t\t\t<\/div>\n\t\t\t\t<div class='gallery-row gallery-col-3 gallery-clear'>\n\t\t\t\t\t<figure class='gallery-item col-3' itemprop='associatedMedia' itemscope itemtype='http:\/\/schema.org\/ImageObject'>\n\t\t\t\t\t\t<div class='gallery-icon landscape'><a href='https:\/\/www.amis-tico.eu\/de\/wp-content\/uploads\/sites\/3\/2016\/07\/Bella-Abschied-1-5-601x400.jpg' title='Bella Abschied 1-5'><img loading=\"lazy\" decoding=\"async\" width=\"170\" height=\"150\" src=\"https:\/\/www.amis-tico.eu\/de\/wp-content\/uploads\/sites\/3\/2016\/07\/Bella-Abschied-1-5-170x150.jpg\" class=\"attachment-thumbnail size-thumbnail\" alt=\"\" itemprop=\"thumbnail\" \/><\/a><\/div>\n\t\t\t\t\t<\/figure>\n\t\t\t\t\t<figure class='gallery-item col-3' itemprop='associatedMedia' itemscope itemtype='http:\/\/schema.org\/ImageObject'>\n\t\t\t\t\t\t<div class='gallery-icon landscape'><a href='https:\/\/www.amis-tico.eu\/de\/wp-content\/uploads\/sites\/3\/2016\/07\/Bella-Abschied-1-6-574x400.jpg' title='Bella Abschied 1-6'><img loading=\"lazy\" decoding=\"async\" width=\"170\" height=\"150\" src=\"https:\/\/www.amis-tico.eu\/de\/wp-content\/uploads\/sites\/3\/2016\/07\/Bella-Abschied-1-6-170x150.jpg\" class=\"attachment-thumbnail size-thumbnail\" alt=\"\" itemprop=\"thumbnail\" \/><\/a><\/div>\n\t\t\t\t\t<\/figure>\n\t\t\t\t\t<figure class='gallery-item col-3' itemprop='associatedMedia' itemscope itemtype='http:\/\/schema.org\/ImageObject'>\n\t\t\t\t\t\t<div class='gallery-icon landscape'><a href='https:\/\/www.amis-tico.eu\/de\/wp-content\/uploads\/sites\/3\/2016\/07\/Bella-Abschied-1-7-546x400.jpg' title='Bella Abschied 1-7'><img loading=\"lazy\" decoding=\"async\" width=\"170\" height=\"150\" src=\"https:\/\/www.amis-tico.eu\/de\/wp-content\/uploads\/sites\/3\/2016\/07\/Bella-Abschied-1-7-170x150.jpg\" class=\"attachment-thumbnail size-thumbnail\" alt=\"\" itemprop=\"thumbnail\" \/><\/a><\/div>\n\t\t\t\t\t<\/figure>\n\t\t\t\t<\/div>\n\t\t\t\t<div class='gallery-row gallery-col-3 gallery-clear'>\n\t\t\t\t\t<figure class='gallery-item col-3' itemprop='associatedMedia' itemscope itemtype='http:\/\/schema.org\/ImageObject'>\n\t\t\t\t\t\t<div class='gallery-icon landscape'><a href='https:\/\/www.amis-tico.eu\/de\/wp-content\/uploads\/sites\/3\/2016\/07\/Bella-Abschied-1-8-626x352.jpg' title='Bella Abschied 1-8'><img loading=\"lazy\" decoding=\"async\" width=\"170\" height=\"150\" src=\"https:\/\/www.amis-tico.eu\/de\/wp-content\/uploads\/sites\/3\/2016\/07\/Bella-Abschied-1-8-170x150.jpg\" class=\"attachment-thumbnail size-thumbnail\" alt=\"\" itemprop=\"thumbnail\" \/><\/a><\/div>\n\t\t\t\t\t<\/figure>\n\t\t\t\t\t<figure class='gallery-item col-3' itemprop='associatedMedia' itemscope itemtype='http:\/\/schema.org\/ImageObject'>\n\t\t\t\t\t\t<div class='gallery-icon landscape'><a href='https:\/\/www.amis-tico.eu\/de\/wp-content\/uploads\/sites\/3\/2016\/07\/Bella-Abschied-1-9-626x381.jpg' title='Bella Abschied 1-9'><img loading=\"lazy\" decoding=\"async\" width=\"170\" height=\"150\" src=\"https:\/\/www.amis-tico.eu\/de\/wp-content\/uploads\/sites\/3\/2016\/07\/Bella-Abschied-1-9-170x150.jpg\" class=\"attachment-thumbnail size-thumbnail\" alt=\"\" itemprop=\"thumbnail\" \/><\/a><\/div>\n\t\t\t\t\t<\/figure>\n\t\t\t<\/div>\n\t\t\t<\/div><!-- .gallery -->\n\n<p>&nbsp;<\/p>\n","protected":false},"excerpt":{"rendered":"<p>Name:\u00a0 Bella Alter: ca. 12 &#8211; 15 J. (?) Geschlecht: weiblich PATEN GESUCHT<\/p>\n","protected":false},"author":7,"featured_media":10137,"comment_status":"open","ping_status":"open","sticky":false,"template":"","format":"standard","meta":{"footnotes":""},"categories":[165],"tags":[],"class_list":["post-10135","post","type-post","status-publish","format-standard","has-post-thumbnail","hentry","category-abschied-link"],"_links":{"self":[{"href":"https:\/\/www.amis-tico.eu\/de\/wp-json\/wp\/v2\/posts\/10135","targetHints":{"allow":["GET"]}}],"collection":[{"href":"https:\/\/www.amis-tico.eu\/de\/wp-json\/wp\/v2\/posts"}],"about":[{"href":"https:\/\/www.amis-tico.eu\/de\/wp-json\/wp\/v2\/types\/post"}],"author":[{"embeddable":true,"href":"https:\/\/www.amis-tico.eu\/de\/wp-json\/wp\/v2\/users\/7"}],"replies":[{"embeddable":true,"href":"https:\/\/www.amis-tico.eu\/de\/wp-json\/wp\/v2\/comments?post=10135"}],"version-history":[{"count":11,"href":"https:\/\/www.amis-tico.eu\/de\/wp-json\/wp\/v2\/posts\/10135\/revisions"}],"predecessor-version":[{"id":12981,"href":"https:\/\/www.amis-tico.eu\/de\/wp-json\/wp\/v2\/posts\/10135\/revisions\/12981"}],"wp:featuredmedia":[{"embeddable":true,"href":"https:\/\/www.amis-tico.eu\/de\/wp-json\/wp\/v2\/media\/10137"}],"wp:attachment":[{"href":"https:\/\/www.amis-tico.eu\/de\/wp-json\/wp\/v2\/media?parent=10135"}],"wp:term":[{"taxonomy":"category","embeddable":true,"href":"https:\/\/www.amis-tico.eu\/de\/wp-json\/wp\/v2\/categories?post=10135"},{"taxonomy":"post_tag","embeddable":true,"href":"https:\/\/www.amis-tico.eu\/de\/wp-json\/wp\/v2\/tags?post=10135"}],"curies":[{"name":"wp","href":"https:\/\/api.w.org\/{rel}","templated":true}]}}