{"id":108,"date":"2013-03-26T18:31:30","date_gmt":"2013-03-26T16:31:30","guid":{"rendered":"http:\/\/beta.amis-tico.eu\/de\/?p=108"},"modified":"2026-03-02T20:08:58","modified_gmt":"2026-03-02T19:08:58","slug":"neues-projekt-hundezwinger-fur-den-sudflugel","status":"publish","type":"post","link":"https:\/\/www.amis-tico.eu\/de\/2013\/neues-projekt-hundezwinger-fur-den-sudflugel\/","title":{"rendered":"Hundezwinger f\u00fcr den S\u00fcdfl\u00fcgel werden dringend ben\u00f6tigt"},"content":{"rendered":"<p>Jeder, der das alte Tierheim in Colmar kennt, wei\u00df, wie dringend erforderlich ein neues Tierheim ist! Die alten Geb\u00e4ude sind marode, die Hundezwinger viel zu klein,ohne Heizung, sehr zugig und besonders im Winter unerbittlich kalt. Die Stromversorgung war absolut unzureichend und erlaubt es nicht, eine zweite Waschmaschine, einen Trockner oder gar Heizradiatoren zu betreiben.<br \/>\nDie Situation der Katzen ist ebenso schlecht \u2013 viel zu viele Samtpfoten haben in ihren unsch\u00f6nen und unsauberen Unterk\u00fcnften viel zu wenig Platz. F\u00fcr die Tiere wird getan, was angesichts der Gegebenheiten m\u00f6glich ist. Doch das reicht nicht. F\u00fcr eine echte Verbesserung f\u00fcr die Tiere kann nur der Bau eines neuen Tierheims sorgen.<\/p>\n<p>Seit vielen Jahren wird in Colmar deshalb bereits von diesem Neubau gesprochen. Und nach dem Sprichwort \u201eWas lange w\u00e4hrt, wird endlich gut\u201c und dem Zitat \u201e Je vois le nouveau SPA \u00e0 l\u2019horizon\u201c ist es nun endlich soweit. Mit eigenen Augen kann man sehen, dass das Vorhaben nun wirklich realisiert werden soll &#8211; allerdings leider aufgrund der angespannten finanziellen Situation in einer, gemessen an den urspr\u00fcnglichen Pl\u00e4nen, verkleinerten Form.<br \/>\nUnd nun kommen wir ins Spiel: Denn genau hier wollen und k\u00f6nnen wir helfen, und zwar in Form von Spenden. Unser erkl\u00e4rtes Ziel ist es, den Ausbau des neuen Tierheims zu unterst\u00fctzen und den Bau weiterer Zwinger zu erm\u00f6glichen. Wir m\u00f6chten im Zeichen der deutsch-franz\u00f6sischen Freundschaft und Zusammenarbeit mithelfen, dass es den Tieren in Colmar besser gehen wird, ganz nach unserem Motto einer \u201egrenzenlosen Hilfe f\u00fcr Tiere\u201c.<\/p>\n<p>Hierf\u00fcr sind wir nat\u00fcrlich auf Ihre Hilfe und Ihre Spenden angewiesen. Unsere Idee besteht darin, die zus\u00e4tzlichen Zwinger zu errichten und gemeinsam mit dem franz\u00f6sischen Tierschutzverein als deutsch-franz\u00f6sisches Tierheim im Zeichen der grenz\u00fcberschreitenden Zusammenarbeit zu betreiben. Die Realisierung dieser Idee wird allerdings nur durch F\u00f6rdergelder m\u00f6glich sein, die wir beantragen werden. Doch ist Voraussetzung hierf\u00fcr, dass einTeil der Kosten in Cofinanzierung auch durch unseren Verein aufgebracht werden. Hierf\u00fcr ben\u00f6tigen wir Ihre finanzielle Unterst\u00fctzung. Wenn Sie unter dem Betreff &#8222;ein besseres SPA f\u00fcr Colmar&#8220; spenden, wird garantiert, dass die von Ihnen erfolgten Zahlungen ausschlie\u00dflich f\u00fcr bauliche Verbesserungen des Tierheims Colmar- und damit f\u00fcr eine Verbesserung von Lebensqualit\u00e4t f\u00fcr die Tiere- verwendet wird.<\/p>\n<p><!--more--><\/p>\n\n\t\t\t<div id='108-1' class='gallery gallery-108 gallery-columns-4 gallery-size-thumbnail' itemscope itemtype='http:\/\/schema.org\/ImageGallery'>\n\t\t\t\t<div class='gallery-row gallery-col-4 gallery-clear'>\n\t\t\t\t\t<figure class='gallery-item col-4' itemprop='associatedMedia' itemscope itemtype='http:\/\/schema.org\/ImageObject'>\n\t\t\t\t\t\t<div class='gallery-icon landscape'><a href='https:\/\/www.amis-tico.eu\/de\/wp-content\/uploads\/sites\/3\/2013\/01\/colmar3f.jpg' title='colmar3f'><img loading=\"lazy\" decoding=\"async\" width=\"150\" height=\"150\" src=\"https:\/\/www.amis-tico.eu\/de\/wp-content\/uploads\/sites\/3\/2013\/01\/colmar3f-150x150.jpg\" class=\"attachment-thumbnail size-thumbnail\" alt=\"\" itemprop=\"thumbnail\" \/><\/a><\/div>\n\t\t\t\t\t<\/figure>\n\t\t\t\t\t<figure class='gallery-item col-4' itemprop='associatedMedia' itemscope itemtype='http:\/\/schema.org\/ImageObject'>\n\t\t\t\t\t\t<div class='gallery-icon landscape'><a href='https:\/\/www.amis-tico.eu\/de\/wp-content\/uploads\/sites\/3\/2013\/01\/colmar4c.jpg' title='colmar4c'><img loading=\"lazy\" decoding=\"async\" width=\"150\" height=\"150\" src=\"https:\/\/www.amis-tico.eu\/de\/wp-content\/uploads\/sites\/3\/2013\/01\/colmar4c-150x150.jpg\" class=\"attachment-thumbnail size-thumbnail\" alt=\"\" itemprop=\"thumbnail\" \/><\/a><\/div>\n\t\t\t\t\t<\/figure>\n\t\t\t\t\t<figure class='gallery-item col-4' itemprop='associatedMedia' itemscope itemtype='http:\/\/schema.org\/ImageObject'>\n\t\t\t\t\t\t<div class='gallery-icon landscape'><a href='https:\/\/www.amis-tico.eu\/de\/wp-content\/uploads\/sites\/3\/2013\/01\/colmar2a.jpg' title='colmar2a'><img loading=\"lazy\" decoding=\"async\" width=\"150\" height=\"150\" src=\"https:\/\/www.amis-tico.eu\/de\/wp-content\/uploads\/sites\/3\/2013\/01\/colmar2a-150x150.jpg\" class=\"attachment-thumbnail size-thumbnail\" alt=\"\" itemprop=\"thumbnail\" \/><\/a><\/div>\n\t\t\t\t\t<\/figure>\n\t\t\t<\/div>\n\t\t\t<\/div><!-- .gallery -->\n\n","protected":false},"excerpt":{"rendered":"<p>Jeder, der das alte Tierheim in Colmar kennt, wei\u00df, wie dringend erforderlich ein neues Tierheim ist! Die alten Geb\u00e4ude sind marode, die Hundezwinger viel zu klein,ohne Heizung, sehr zugig und besonders im Winter unerbittlich kalt. Die Stromversorgung war absolut unzureichend und erlaubt es nicht, eine zweite Waschmaschine, einen Trockner oder gar Heizradiatoren zu betreiben. Die [&hellip;]<\/p>\n","protected":false},"author":1,"featured_media":0,"comment_status":"closed","ping_status":"open","sticky":false,"template":"","format":"standard","meta":{"footnotes":""},"categories":[31],"tags":[],"class_list":["post-108","post","type-post","status-publish","format-standard","hentry","category-abgeschlossene"],"_links":{"self":[{"href":"https:\/\/www.amis-tico.eu\/de\/wp-json\/wp\/v2\/posts\/108","targetHints":{"allow":["GET"]}}],"collection":[{"href":"https:\/\/www.amis-tico.eu\/de\/wp-json\/wp\/v2\/posts"}],"about":[{"href":"https:\/\/www.amis-tico.eu\/de\/wp-json\/wp\/v2\/types\/post"}],"author":[{"embeddable":true,"href":"https:\/\/www.amis-tico.eu\/de\/wp-json\/wp\/v2\/users\/1"}],"replies":[{"embeddable":true,"href":"https:\/\/www.amis-tico.eu\/de\/wp-json\/wp\/v2\/comments?post=108"}],"version-history":[{"count":11,"href":"https:\/\/www.amis-tico.eu\/de\/wp-json\/wp\/v2\/posts\/108\/revisions"}],"predecessor-version":[{"id":8859,"href":"https:\/\/www.amis-tico.eu\/de\/wp-json\/wp\/v2\/posts\/108\/revisions\/8859"}],"wp:attachment":[{"href":"https:\/\/www.amis-tico.eu\/de\/wp-json\/wp\/v2\/media?parent=108"}],"wp:term":[{"taxonomy":"category","embeddable":true,"href":"https:\/\/www.amis-tico.eu\/de\/wp-json\/wp\/v2\/categories?post=108"},{"taxonomy":"post_tag","embeddable":true,"href":"https:\/\/www.amis-tico.eu\/de\/wp-json\/wp\/v2\/tags?post=108"}],"curies":[{"name":"wp","href":"https:\/\/api.w.org\/{rel}","templated":true}]}}