{"id":11566,"date":"2016-01-13T12:49:33","date_gmt":"2016-01-13T11:49:33","guid":{"rendered":"http:\/\/www.amis-tico.eu\/de\/?p=11566"},"modified":"2019-04-17T13:51:14","modified_gmt":"2019-04-17T11:51:14","slug":"grisu","status":"publish","type":"post","link":"https:\/\/www.amis-tico.eu\/de\/2016\/grisu\/","title":{"rendered":"Grisu"},"content":{"rendered":"<p>Name: <strong>Grisu<\/strong><br \/>\ngeb.: 06\/2015<br \/>\nGeschlecht: m\u00e4nnlich<\/p>\n<p><!--more--><\/p>\n<p>&nbsp;<\/p>\n<p><img loading=\"lazy\" decoding=\"async\" class=\" wp-image-11587 alignleft\" src=\"https:\/\/www.amis-tico.eu\/de\/wp-content\/uploads\/sites\/3\/2016\/01\/grisu-1-2-225x400.jpg\" alt=\"grisu 1-2\" width=\"161\" height=\"286\" srcset=\"https:\/\/www.amis-tico.eu\/de\/wp-content\/uploads\/sites\/3\/2016\/01\/grisu-1-2-225x400.jpg 225w, https:\/\/www.amis-tico.eu\/de\/wp-content\/uploads\/sites\/3\/2016\/01\/grisu-1-2-624x1110.jpg 624w, https:\/\/www.amis-tico.eu\/de\/wp-content\/uploads\/sites\/3\/2016\/01\/grisu-1-2.jpg 700w\" sizes=\"auto, (max-width: 161px) 100vw, 161px\" \/><\/p>\n<p>&nbsp;<\/p>\n<p>Das ist Grisu (Kleiner fauchender Drache). Er ist scheu und \u00e4ngstlich und braucht Zeit und Geduld, um sich einzugew\u00f6hnen .<br \/>\nGrisu ist geimpft und kastriert.<\/p>\n<p>Pflegestelle bei Bad Krozingen.<\/p>\n<p><img loading=\"lazy\" decoding=\"async\" class=\"alignnone wp-image-11586\" src=\"https:\/\/www.amis-tico.eu\/de\/wp-content\/uploads\/sites\/3\/2016\/01\/grisu-1-1-626x352.jpg\" alt=\"grisu 1-1\" width=\"306\" height=\"172\" srcset=\"https:\/\/www.amis-tico.eu\/de\/wp-content\/uploads\/sites\/3\/2016\/01\/grisu-1-1-626x352.jpg 626w, https:\/\/www.amis-tico.eu\/de\/wp-content\/uploads\/sites\/3\/2016\/01\/grisu-1-1-624x351.jpg 624w, https:\/\/www.amis-tico.eu\/de\/wp-content\/uploads\/sites\/3\/2016\/01\/grisu-1-1.jpg 700w\" sizes=\"auto, (max-width: 306px) 100vw, 306px\" \/><\/p>\n<p><strong>Update, 01.02.2016<\/strong><\/p>\n<p>Grisu liebt andere Katzen. Menschen gegen\u00fcber ist er noch sehr scheu und ben\u00f6tigt daher viel Einf\u00fchlungsverm\u00f6gen und Zeit.<\/p>\n<p><img loading=\"lazy\" decoding=\"async\" class=\"alignnone wp-image-11623\" src=\"https:\/\/www.amis-tico.eu\/de\/wp-content\/uploads\/sites\/3\/2016\/01\/Grisu-update-1-1-400x400.jpg\" alt=\"Grisu update 1 (1)\" width=\"298\" height=\"298\" srcset=\"https:\/\/www.amis-tico.eu\/de\/wp-content\/uploads\/sites\/3\/2016\/01\/Grisu-update-1-1-400x400.jpg 400w, https:\/\/www.amis-tico.eu\/de\/wp-content\/uploads\/sites\/3\/2016\/01\/Grisu-update-1-1-624x624.jpg 624w, https:\/\/www.amis-tico.eu\/de\/wp-content\/uploads\/sites\/3\/2016\/01\/Grisu-update-1-1.jpg 700w\" sizes=\"auto, (max-width: 298px) 100vw, 298px\" \/><\/p>\n<p>&#8222;Ach ja was ich,euer Grisu, noch sagen wollte.<br \/>\nIch bin auf eine andere Pflegestelle gezogen. Dort habe ich viele Katzen Kumpel zum spielen, zwei sind so alt wie ich und das macht total viel Spa\u00df den ganzen Tag zu toben. Ist auch viel sch\u00f6ner als sich allein zu besch\u00e4ftigen. Hier gibt es auch ein Gecko TV.<br \/>\nIch muss nur noch lernen den Zweibeinern zu vertrauen,die sind mir noch nicht geheuer. Aber ich r\u00fccke von Tag zu Tag n\u00e4her ran an den Mensch. Schnurre auch schon beim streicheln.<br \/>\nSo werde ich langsam auf die gro\u00dfe Welt drau\u00dfen und auf eine Vermittlung vorbereitet. Also fragt ruhig schon mal nach mir.&#8220;<\/p>\n<p>Grisu hat ein sehr sch\u00f6nes Zuhause bei einem gleichaltrigen Katzenm\u00e4del gefunden :-)<\/p>\n<p>Danke an alle, die mitgeholfen haben und Grisu somit die Chance auf ein sch\u00f6nes Zuhause erm\u00f6glicht haben!<\/p>\n<p><strong>Update, 17.04.2019<\/strong><\/p>\n<p><strong><a href=\"https:\/\/www.amis-tico.eu\/de\/2019\/grisu-sein-weg-ins-glueck\/\">Grisu &#8211; sein Weg ins Gl\u00fcck<\/a><\/strong><\/p>\n<p>&nbsp;<\/p>\n","protected":false},"excerpt":{"rendered":"<p>Name: Grisu geb.: 06\/2015 Geschlecht: m\u00e4nnlich<\/p>\n","protected":false},"author":7,"featured_media":11591,"comment_status":"open","ping_status":"open","sticky":false,"template":"","format":"standard","meta":{"footnotes":""},"categories":[194],"tags":[],"class_list":["post-11566","post","type-post","status-publish","format-standard","has-post-thumbnail","hentry","category-vermittelt-2016"],"_links":{"self":[{"href":"https:\/\/www.amis-tico.eu\/de\/wp-json\/wp\/v2\/posts\/11566","targetHints":{"allow":["GET"]}}],"collection":[{"href":"https:\/\/www.amis-tico.eu\/de\/wp-json\/wp\/v2\/posts"}],"about":[{"href":"https:\/\/www.amis-tico.eu\/de\/wp-json\/wp\/v2\/types\/post"}],"author":[{"embeddable":true,"href":"https:\/\/www.amis-tico.eu\/de\/wp-json\/wp\/v2\/users\/7"}],"replies":[{"embeddable":true,"href":"https:\/\/www.amis-tico.eu\/de\/wp-json\/wp\/v2\/comments?post=11566"}],"version-history":[{"count":6,"href":"https:\/\/www.amis-tico.eu\/de\/wp-json\/wp\/v2\/posts\/11566\/revisions"}],"predecessor-version":[{"id":22062,"href":"https:\/\/www.amis-tico.eu\/de\/wp-json\/wp\/v2\/posts\/11566\/revisions\/22062"}],"wp:featuredmedia":[{"embeddable":true,"href":"https:\/\/www.amis-tico.eu\/de\/wp-json\/wp\/v2\/media\/11591"}],"wp:attachment":[{"href":"https:\/\/www.amis-tico.eu\/de\/wp-json\/wp\/v2\/media?parent=11566"}],"wp:term":[{"taxonomy":"category","embeddable":true,"href":"https:\/\/www.amis-tico.eu\/de\/wp-json\/wp\/v2\/categories?post=11566"},{"taxonomy":"post_tag","embeddable":true,"href":"https:\/\/www.amis-tico.eu\/de\/wp-json\/wp\/v2\/tags?post=11566"}],"curies":[{"name":"wp","href":"https:\/\/api.w.org\/{rel}","templated":true}]}}