{"id":17397,"date":"2017-11-15T14:06:14","date_gmt":"2017-11-15T13:06:14","guid":{"rendered":"http:\/\/www.amis-tico.eu\/de\/?p=17397"},"modified":"2018-01-04T20:26:14","modified_gmt":"2018-01-04T19:26:14","slug":"joshi","status":"publish","type":"post","link":"https:\/\/www.amis-tico.eu\/de\/2017\/joshi\/","title":{"rendered":"Joshi"},"content":{"rendered":"<p>Name<strong>: Joshi<\/strong><br \/>\nAlter: ca. 7 &#8211; 8 Jahre<br \/>\nGeschlecht: m\u00e4nnlich<br \/>\nRasse: Bardino-Boxer-Mischling<\/p>\n<p><!--more--><\/p>\n<p>&nbsp;<\/p>\n<p><img loading=\"lazy\" decoding=\"async\" class=\"wp-image-17399 alignleft\" src=\"https:\/\/www.amis-tico.eu\/de\/wp-content\/uploads\/sites\/3\/2017\/11\/Joshi-1.1bb-300x400.jpg\" alt=\"\" width=\"242\" height=\"323\" srcset=\"https:\/\/www.amis-tico.eu\/de\/wp-content\/uploads\/sites\/3\/2017\/11\/Joshi-1.1bb-300x400.jpg 300w, https:\/\/www.amis-tico.eu\/de\/wp-content\/uploads\/sites\/3\/2017\/11\/Joshi-1.1bb.jpg 600w\" sizes=\"auto, (max-width: 242px) 100vw, 242px\" \/>ca.50 cm Schulterh\u00f6he , 25kg schwer<\/p>\n<p>sehr menschenbezogen, leinenf\u00fchrig, gelassen, vertr\u00e4glich, ganz lieber Bursche.<\/p>\n<p>&#8222;Ich &#8211;\u00a0 Juan, jetzt Joshi\u00a0 wurde im September 2013 vor einem Tierheim in Teneriffa ausgesetzt. Im Tierheim wurde ich zwar versorgt, aber f\u00fcr einen begabten Schmuser wie mich ist es ganz furchtbar fast ohne menschlichen Kontakt zu sein. Ich hatte Gl\u00fcck und durfte zu einer lieben Familie nach Deutschland reisen. Dort gab es andere Hunde, Katzen, und vor allem die Gro\u00dfmutter der Familie, deren spezieller Liebling ich sein durfte. Leider ist mein Frauchen k\u00fcrzlich verstorben, und es gibt einen weiteren schweren Schicksalsschlag in der Familie, der es nicht erlaubt, dass man sich weiter dort um mich k\u00fcmmern kann. Deshalb suche ich dringend nach einem neuen Zuhause, bei Menschen mit einem gro\u00dfen Herzen. Besonders beweglich bin ich momentan nicht, da ich in letzter Zeit viel zu wenig Bewegung hatte, auch sind meine H\u00fcften nicht mehr so gut.<\/p>\n<p>Kurzum, ein Sportler bin ich nicht, aber ein netter,verschmuster Hausgenosse,\u00a0 der sich \u00fcber kleine Spazierg\u00e4nge freut. Ich finde es auch sehr gem\u00fctlich auf der Couch, und sollte das Schicksal mal nicht gn\u00e4dig sein,kann ich auch gut tr\u00f6sten.Das habe ich schon bewiesen.W\u00e4re da bei einem von euch etwas zu machen?&#8220;<\/p>\n\n\t\t\t<div id='17397-1' class='gallery gallery-17397 gallery-columns-3 gallery-size-thumbnail' itemscope itemtype='http:\/\/schema.org\/ImageGallery'>\n\t\t\t\t<div class='gallery-row gallery-col-3 gallery-clear'>\n\t\t\t\t\t<figure class='gallery-item col-3' itemprop='associatedMedia' itemscope itemtype='http:\/\/schema.org\/ImageObject'>\n\t\t\t\t\t\t<div class='gallery-icon landscape'><a href='https:\/\/www.amis-tico.eu\/de\/wp-content\/uploads\/sites\/3\/2017\/11\/Joshi-1.1bb-300x400.jpg' title='Joshi 1.1bb'><img loading=\"lazy\" decoding=\"async\" width=\"170\" height=\"150\" src=\"https:\/\/www.amis-tico.eu\/de\/wp-content\/uploads\/sites\/3\/2017\/11\/Joshi-1.1bb-170x150.jpg\" class=\"attachment-thumbnail size-thumbnail\" alt=\"\" aria-describedby=\"figcaption-17397-17399\" itemprop=\"thumbnail\" \/><\/a><\/div>\n\t\t\t\t\t\t<figcaption id=\"figcaption-17397-17399\" class=\"gallery-caption\" itemprop=\"caption\">Joshi guckt<\/figcaption>\n\t\t\t\t\t<\/figure>\n\t\t\t\t\t<figure class='gallery-item col-3' itemprop='associatedMedia' itemscope itemtype='http:\/\/schema.org\/ImageObject'>\n\t\t\t\t\t\t<div class='gallery-icon landscape'><a href='https:\/\/www.amis-tico.eu\/de\/wp-content\/uploads\/sites\/3\/2017\/11\/Joshi-1.2-533x400.jpg' title='Joshi 1.2'><img loading=\"lazy\" decoding=\"async\" width=\"170\" height=\"150\" src=\"https:\/\/www.amis-tico.eu\/de\/wp-content\/uploads\/sites\/3\/2017\/11\/Joshi-1.2-170x150.jpg\" class=\"attachment-thumbnail size-thumbnail\" alt=\"\" aria-describedby=\"figcaption-17397-17400\" itemprop=\"thumbnail\" \/><\/a><\/div>\n\t\t\t\t\t\t<figcaption id=\"figcaption-17397-17400\" class=\"gallery-caption\" itemprop=\"caption\">Joshi gerettet<\/figcaption>\n\t\t\t\t\t<\/figure>\n\t\t\t\t\t<figure class='gallery-item col-3' itemprop='associatedMedia' itemscope itemtype='http:\/\/schema.org\/ImageObject'>\n\t\t\t\t\t\t<div class='gallery-icon landscape'><a href='https:\/\/www.amis-tico.eu\/de\/wp-content\/uploads\/sites\/3\/2017\/11\/Joshi-1.3-300x400.jpg' title='Joshi 1.3'><img loading=\"lazy\" decoding=\"async\" width=\"170\" height=\"150\" src=\"https:\/\/www.amis-tico.eu\/de\/wp-content\/uploads\/sites\/3\/2017\/11\/Joshi-1.3-170x150.jpg\" class=\"attachment-thumbnail size-thumbnail\" alt=\"\" aria-describedby=\"figcaption-17397-17401\" itemprop=\"thumbnail\" \/><\/a><\/div>\n\t\t\t\t\t\t<figcaption id=\"figcaption-17397-17401\" class=\"gallery-caption\" itemprop=\"caption\">Joshi lebt auf<\/figcaption>\n\t\t\t\t\t<\/figure>\n\t\t\t\t<\/div>\n\t\t\t\t<div class='gallery-row gallery-col-3 gallery-clear'>\n\t\t\t\t\t<figure class='gallery-item col-3' itemprop='associatedMedia' itemscope itemtype='http:\/\/schema.org\/ImageObject'>\n\t\t\t\t\t\t<div class='gallery-icon landscape'><a href='https:\/\/www.amis-tico.eu\/de\/wp-content\/uploads\/sites\/3\/2017\/11\/Joshi-1.4-533x400.jpg' title='Joshi 1.4'><img loading=\"lazy\" decoding=\"async\" width=\"170\" height=\"150\" src=\"https:\/\/www.amis-tico.eu\/de\/wp-content\/uploads\/sites\/3\/2017\/11\/Joshi-1.4-170x150.jpg\" class=\"attachment-thumbnail size-thumbnail\" alt=\"\" aria-describedby=\"figcaption-17397-17402\" itemprop=\"thumbnail\" \/><\/a><\/div>\n\t\t\t\t\t\t<figcaption id=\"figcaption-17397-17402\" class=\"gallery-caption\" itemprop=\"caption\">Joshis Lieblingsschlafpose<\/figcaption>\n\t\t\t\t\t<\/figure>\n\t\t\t<\/div>\n\t\t\t<\/div><!-- .gallery -->\n\n<p><strong>Update, 04.01.2018<\/strong><\/p>\n<p><strong>Abschied<\/strong><\/p>\n<p><strong><em>Vor einigen Wochen hatte uns eine liebe Tierschutzkollegin um Hilfe gebeten. Es ging um den lieben Joshi, dessen Frauchen verstorben war und die restliche Familie wegen einem weiteren schweren Schicksalsschlag sich nicht mehr k\u00fcmmern konnte oder wollte. Sofort hat sie sich bereit erkl\u00e4rt, Joshi abzuholen. Was sie vorfand war ersch\u00fcttend. Ein v\u00f6llig abgemagerter Hund der wegen schwerster Arthrose nur unter gr\u00f6\u00dften Schmerzen laufen konnte. Joshi wurde tier\u00e4rztlich untersucht und erst einmal &#8222;gep\u00e4ppelt&#8220;. Man hat versucht ein geeignetes Schmerzmittel zu finden. Leider ging es ihm zusehends schlechter und er musste erl\u00f6st werden. Unserer Freundin danken wir von Herzen, dass sie Joshi ohne zu z\u00f6gern aufgenommen hat. Vier Frauen waren rund um die Uhr f\u00fcr ihn da. Endlich hatte er die menschliche Zuwendung, die er so vermisst hatte Er wurde umsorgt und geliebt. Lieber Joshi, du durftest in Liebe gehen und wir hoffen du bist wieder mit deinem geliebten Frauchen vereint. Auch wenn das Leben oft nicht fair ist und man selbst Schicksalsschl\u00e4ge zu verkraften hat, darf man sein Haustier nicht vergessen. Die Familie h\u00e4tte viel fr\u00fcher um Hilfe bitten m\u00fcssen &#8211; f\u00fcr Joshi war es zu sp\u00e4t&#8230;<\/em><\/strong><\/p>\n<p><img loading=\"lazy\" decoding=\"async\" class=\"alignnone  wp-image-17775\" src=\"https:\/\/www.amis-tico.eu\/de\/wp-content\/uploads\/sites\/3\/2018\/01\/Joshi-verst.-1.2-400x400.jpg\" alt=\"\" width=\"188\" height=\"188\" srcset=\"https:\/\/www.amis-tico.eu\/de\/wp-content\/uploads\/sites\/3\/2018\/01\/Joshi-verst.-1.2-400x400.jpg 400w, https:\/\/www.amis-tico.eu\/de\/wp-content\/uploads\/sites\/3\/2018\/01\/Joshi-verst.-1.2.jpg 476w\" sizes=\"auto, (max-width: 188px) 100vw, 188px\" \/><img loading=\"lazy\" decoding=\"async\" class=\"alignnone  wp-image-17774\" src=\"https:\/\/www.amis-tico.eu\/de\/wp-content\/uploads\/sites\/3\/2018\/01\/Joshi-verst.-1.1.jpg\" alt=\"\" width=\"190\" height=\"190\" \/><\/p>\n<p>&nbsp;<\/p>\n<p>&nbsp;<\/p>\n","protected":false},"excerpt":{"rendered":"<p>Name: Joshi Alter: ca. 7 &#8211; 8 Jahre Geschlecht: m\u00e4nnlich Rasse: Bardino-Boxer-Mischling<\/p>\n","protected":false},"author":7,"featured_media":17398,"comment_status":"open","ping_status":"open","sticky":false,"template":"","format":"standard","meta":{"footnotes":""},"categories":[165],"tags":[],"class_list":["post-17397","post","type-post","status-publish","format-standard","has-post-thumbnail","hentry","category-abschied-link"],"_links":{"self":[{"href":"https:\/\/www.amis-tico.eu\/de\/wp-json\/wp\/v2\/posts\/17397","targetHints":{"allow":["GET"]}}],"collection":[{"href":"https:\/\/www.amis-tico.eu\/de\/wp-json\/wp\/v2\/posts"}],"about":[{"href":"https:\/\/www.amis-tico.eu\/de\/wp-json\/wp\/v2\/types\/post"}],"author":[{"embeddable":true,"href":"https:\/\/www.amis-tico.eu\/de\/wp-json\/wp\/v2\/users\/7"}],"replies":[{"embeddable":true,"href":"https:\/\/www.amis-tico.eu\/de\/wp-json\/wp\/v2\/comments?post=17397"}],"version-history":[{"count":4,"href":"https:\/\/www.amis-tico.eu\/de\/wp-json\/wp\/v2\/posts\/17397\/revisions"}],"predecessor-version":[{"id":17777,"href":"https:\/\/www.amis-tico.eu\/de\/wp-json\/wp\/v2\/posts\/17397\/revisions\/17777"}],"wp:featuredmedia":[{"embeddable":true,"href":"https:\/\/www.amis-tico.eu\/de\/wp-json\/wp\/v2\/media\/17398"}],"wp:attachment":[{"href":"https:\/\/www.amis-tico.eu\/de\/wp-json\/wp\/v2\/media?parent=17397"}],"wp:term":[{"taxonomy":"category","embeddable":true,"href":"https:\/\/www.amis-tico.eu\/de\/wp-json\/wp\/v2\/categories?post=17397"},{"taxonomy":"post_tag","embeddable":true,"href":"https:\/\/www.amis-tico.eu\/de\/wp-json\/wp\/v2\/tags?post=17397"}],"curies":[{"name":"wp","href":"https:\/\/api.w.org\/{rel}","templated":true}]}}