{"id":17945,"date":"2018-02-07T13:39:31","date_gmt":"2018-02-07T12:39:31","guid":{"rendered":"http:\/\/www.amis-tico.eu\/de\/?p=17945"},"modified":"2018-02-21T16:34:25","modified_gmt":"2018-02-21T15:34:25","slug":"zag","status":"publish","type":"post","link":"https:\/\/www.amis-tico.eu\/de\/2018\/zag\/","title":{"rendered":"Zag"},"content":{"rendered":"<p>Name<strong>: Zag<\/strong><br \/>\ngeb.: 06\/2015<br \/>\nGeschlecht: m\u00e4nnlich<\/p>\n<p><!--more--><\/p>\n<p>&nbsp;<\/p>\n<p><img loading=\"lazy\" decoding=\"async\" class=\"wp-image-17946 alignleft\" src=\"https:\/\/www.amis-tico.eu\/de\/wp-content\/uploads\/sites\/3\/2018\/02\/zag-1.1-225x400.jpg\" alt=\"\" width=\"149\" height=\"265\" srcset=\"https:\/\/www.amis-tico.eu\/de\/wp-content\/uploads\/sites\/3\/2018\/02\/zag-1.1-225x400.jpg 225w, https:\/\/www.amis-tico.eu\/de\/wp-content\/uploads\/sites\/3\/2018\/02\/zag-1.1.jpg 405w\" sizes=\"auto, (max-width: 149px) 100vw, 149px\" \/>&#8222;Zag ist mein Name und ich bin der Bruder von<a href=\"https:\/\/www.amis-tico.eu\/de\/2018\/zig\/\"> Zig<\/a>. Von ihm habe ich die Schramme am Kopf. Wir sind schon vertr\u00e4glich, aber zusammen in einem kleinen K\u00e4fig und der Tierheimstress dazu, da ist es eben passiert. Bin ein lieber Kater auf der Suche nach einem sch\u00f6nen Zuhause. Wer holt mich ab?&#8220;<\/p>\n<p>&nbsp;<\/p>\n<p>&nbsp;<\/p>\n<p>&nbsp;<\/p>\n<p>&nbsp;<\/p>\n<p><strong>Update, 21.02.2018<\/strong><\/p>\n<p>Zag ist vermittelt.<\/p>\n<p>&nbsp;<\/p>\n<p>&nbsp;<\/p>\n","protected":false},"excerpt":{"rendered":"<p>Name: Zag geb.: 06\/2015 Geschlecht: m\u00e4nnlich<\/p>\n","protected":false},"author":7,"featured_media":17947,"comment_status":"open","ping_status":"open","sticky":false,"template":"","format":"standard","meta":{"footnotes":""},"categories":[220],"tags":[],"class_list":["post-17945","post","type-post","status-publish","format-standard","has-post-thumbnail","hentry","category-vermittelt-2018"],"_links":{"self":[{"href":"https:\/\/www.amis-tico.eu\/de\/wp-json\/wp\/v2\/posts\/17945","targetHints":{"allow":["GET"]}}],"collection":[{"href":"https:\/\/www.amis-tico.eu\/de\/wp-json\/wp\/v2\/posts"}],"about":[{"href":"https:\/\/www.amis-tico.eu\/de\/wp-json\/wp\/v2\/types\/post"}],"author":[{"embeddable":true,"href":"https:\/\/www.amis-tico.eu\/de\/wp-json\/wp\/v2\/users\/7"}],"replies":[{"embeddable":true,"href":"https:\/\/www.amis-tico.eu\/de\/wp-json\/wp\/v2\/comments?post=17945"}],"version-history":[{"count":3,"href":"https:\/\/www.amis-tico.eu\/de\/wp-json\/wp\/v2\/posts\/17945\/revisions"}],"predecessor-version":[{"id":18088,"href":"https:\/\/www.amis-tico.eu\/de\/wp-json\/wp\/v2\/posts\/17945\/revisions\/18088"}],"wp:featuredmedia":[{"embeddable":true,"href":"https:\/\/www.amis-tico.eu\/de\/wp-json\/wp\/v2\/media\/17947"}],"wp:attachment":[{"href":"https:\/\/www.amis-tico.eu\/de\/wp-json\/wp\/v2\/media?parent=17945"}],"wp:term":[{"taxonomy":"category","embeddable":true,"href":"https:\/\/www.amis-tico.eu\/de\/wp-json\/wp\/v2\/categories?post=17945"},{"taxonomy":"post_tag","embeddable":true,"href":"https:\/\/www.amis-tico.eu\/de\/wp-json\/wp\/v2\/tags?post=17945"}],"curies":[{"name":"wp","href":"https:\/\/api.w.org\/{rel}","templated":true}]}}