{"id":17949,"date":"2018-02-07T13:30:08","date_gmt":"2018-02-07T12:30:08","guid":{"rendered":"http:\/\/www.amis-tico.eu\/de\/?p=17949"},"modified":"2018-02-21T16:35:08","modified_gmt":"2018-02-21T15:35:08","slug":"zig","status":"publish","type":"post","link":"https:\/\/www.amis-tico.eu\/de\/2018\/zig\/","title":{"rendered":"Zig"},"content":{"rendered":"<p>Name<strong>: Zig<\/strong><br \/>\ngeb.: 06\/2015<br \/>\nGeschlecht: m\u00e4nnlich<\/p>\n<p><!--more--><\/p>\n<p>&nbsp;<\/p>\n<p><img loading=\"lazy\" decoding=\"async\" class=\"wp-image-17950 alignleft\" src=\"https:\/\/www.amis-tico.eu\/de\/wp-content\/uploads\/sites\/3\/2018\/02\/Zig-1.1-225x400.jpg\" alt=\"\" width=\"152\" height=\"270\" srcset=\"https:\/\/www.amis-tico.eu\/de\/wp-content\/uploads\/sites\/3\/2018\/02\/Zig-1.1-225x400.jpg 225w, https:\/\/www.amis-tico.eu\/de\/wp-content\/uploads\/sites\/3\/2018\/02\/Zig-1.1.jpg 405w\" sizes=\"auto, (max-width: 152px) 100vw, 152px\" \/><\/p>\n<p>&#8222;Auch ich wurde nicht mehr gewollt und nun sitze ich hier. Es gibt nichts auszusetzen an mir. Bin ein lieber Kater. W\u00fcnsche mir ein sch\u00f6nes Zuhause bei einer Familie, gerne mit Artgenossen. Wer kann mir diesen Wunsch erf\u00fcllen?&#8220;<\/p>\n<p>&nbsp;<\/p>\n<p>&nbsp;<\/p>\n<p>&nbsp;<\/p>\n<p>&nbsp;<\/p>\n<p><strong>Update, 21.02.2018<\/strong><\/p>\n<p>Zig ist vermittelt.<\/p>\n<p>&nbsp;<\/p>\n","protected":false},"excerpt":{"rendered":"<p>Name: Zig geb.: 06\/2015 Geschlecht: m\u00e4nnlich<\/p>\n","protected":false},"author":7,"featured_media":17951,"comment_status":"open","ping_status":"open","sticky":false,"template":"","format":"standard","meta":{"footnotes":""},"categories":[220],"tags":[],"class_list":["post-17949","post","type-post","status-publish","format-standard","has-post-thumbnail","hentry","category-vermittelt-2018"],"_links":{"self":[{"href":"https:\/\/www.amis-tico.eu\/de\/wp-json\/wp\/v2\/posts\/17949","targetHints":{"allow":["GET"]}}],"collection":[{"href":"https:\/\/www.amis-tico.eu\/de\/wp-json\/wp\/v2\/posts"}],"about":[{"href":"https:\/\/www.amis-tico.eu\/de\/wp-json\/wp\/v2\/types\/post"}],"author":[{"embeddable":true,"href":"https:\/\/www.amis-tico.eu\/de\/wp-json\/wp\/v2\/users\/7"}],"replies":[{"embeddable":true,"href":"https:\/\/www.amis-tico.eu\/de\/wp-json\/wp\/v2\/comments?post=17949"}],"version-history":[{"count":3,"href":"https:\/\/www.amis-tico.eu\/de\/wp-json\/wp\/v2\/posts\/17949\/revisions"}],"predecessor-version":[{"id":18089,"href":"https:\/\/www.amis-tico.eu\/de\/wp-json\/wp\/v2\/posts\/17949\/revisions\/18089"}],"wp:featuredmedia":[{"embeddable":true,"href":"https:\/\/www.amis-tico.eu\/de\/wp-json\/wp\/v2\/media\/17951"}],"wp:attachment":[{"href":"https:\/\/www.amis-tico.eu\/de\/wp-json\/wp\/v2\/media?parent=17949"}],"wp:term":[{"taxonomy":"category","embeddable":true,"href":"https:\/\/www.amis-tico.eu\/de\/wp-json\/wp\/v2\/categories?post=17949"},{"taxonomy":"post_tag","embeddable":true,"href":"https:\/\/www.amis-tico.eu\/de\/wp-json\/wp\/v2\/tags?post=17949"}],"curies":[{"name":"wp","href":"https:\/\/api.w.org\/{rel}","templated":true}]}}