{"id":17962,"date":"2018-02-07T14:13:17","date_gmt":"2018-02-07T13:13:17","guid":{"rendered":"http:\/\/www.amis-tico.eu\/de\/?p=17962"},"modified":"2019-02-08T08:21:01","modified_gmt":"2019-02-08T07:21:01","slug":"ceylane","status":"publish","type":"post","link":"https:\/\/www.amis-tico.eu\/de\/2018\/ceylane\/","title":{"rendered":"Ceylane"},"content":{"rendered":"<p>Name<strong>: Ceylane (nun Carry)<\/strong><br \/>\ngeb.: 04\/2017<br \/>\nGeschlecht: weiblich<\/p>\n<p><!--more--><\/p>\n<p><img loading=\"lazy\" decoding=\"async\" class=\"wp-image-17963 alignnone\" src=\"https:\/\/www.amis-tico.eu\/de\/wp-content\/uploads\/sites\/3\/2018\/02\/Ceylane-1.1-490x400.jpg\" alt=\"\" width=\"267\" height=\"218\" srcset=\"https:\/\/www.amis-tico.eu\/de\/wp-content\/uploads\/sites\/3\/2018\/02\/Ceylane-1.1-490x400.jpg 490w, https:\/\/www.amis-tico.eu\/de\/wp-content\/uploads\/sites\/3\/2018\/02\/Ceylane-1.1-624x509.jpg 624w, https:\/\/www.amis-tico.eu\/de\/wp-content\/uploads\/sites\/3\/2018\/02\/Ceylane-1.1.jpg 700w\" sizes=\"auto, (max-width: 267px) 100vw, 267px\" \/><\/p>\n<p>&#8222;Wenn du mich im Tierheim entdecken willst, musst du schon nach mir suchen. Ich bin perfekt darin mich zu verstecken, weil ich Angst habe. Wenn Besucher kommen, dann flitze ich sofort nach drau\u00dfen. Schaue dann aber doch aus sicherer Entfernung, was die so tun.\u00a0Ich suche ein verst\u00e4ndnisvolles Zuhause, gerne zusammen mit meinem Bruder <a href=\"https:\/\/www.amis-tico.eu\/de\/2018\/droopy-2\/\">Droopy<\/a>. Auf jeden Fall zu anderen sozialen Katzen.\u00a0Ich hoffe, dass ich nicht mehr lange warten muss.&#8220;<\/p>\n<p><strong>Update, 18.06.2018<\/strong><\/p>\n<p>Seit 10 Monaten ist Ceylane schon im Tierheim.\u00a010 Monate versteckt, 10 Monate Angst, 10 Monate ohne streichelnde Hand, 10 Monate ohne Zuhause.\u00a010 Monate sind viel zu viel !<\/p>\n\n\t\t\t<div id='17962-1' class='gallery gallery-17962 gallery-columns-3 gallery-size-thumbnail' itemscope itemtype='http:\/\/schema.org\/ImageGallery'>\n\t\t\t\t<div class='gallery-row gallery-col-3 gallery-clear'>\n\t\t\t\t\t<figure class='gallery-item col-3' itemprop='associatedMedia' itemscope itemtype='http:\/\/schema.org\/ImageObject'>\n\t\t\t\t\t\t<div class='gallery-icon landscape'><a href='https:\/\/www.amis-tico.eu\/de\/wp-content\/uploads\/sites\/3\/2018\/02\/Ceylane-1-up-1-503x400.jpg' title='Ceylane 1 up (1)'><img loading=\"lazy\" decoding=\"async\" width=\"170\" height=\"150\" src=\"https:\/\/www.amis-tico.eu\/de\/wp-content\/uploads\/sites\/3\/2018\/02\/Ceylane-1-up-1-170x150.jpg\" class=\"attachment-thumbnail size-thumbnail\" alt=\"\" itemprop=\"thumbnail\" \/><\/a><\/div>\n\t\t\t\t\t<\/figure>\n\t\t\t\t\t<figure class='gallery-item col-3' itemprop='associatedMedia' itemscope itemtype='http:\/\/schema.org\/ImageObject'>\n\t\t\t\t\t\t<div class='gallery-icon landscape'><a href='https:\/\/www.amis-tico.eu\/de\/wp-content\/uploads\/sites\/3\/2018\/02\/Ceylane-1-up-2-600x400.jpg' title='Ceylane 1 up (2)'><img loading=\"lazy\" decoding=\"async\" width=\"170\" height=\"150\" src=\"https:\/\/www.amis-tico.eu\/de\/wp-content\/uploads\/sites\/3\/2018\/02\/Ceylane-1-up-2-170x150.jpg\" class=\"attachment-thumbnail size-thumbnail\" alt=\"\" itemprop=\"thumbnail\" \/><\/a><\/div>\n\t\t\t\t\t<\/figure>\n\t\t\t<\/div>\n\t\t\t<\/div><!-- .gallery -->\n\n<p><strong>Update, 07.08.2018<\/strong><\/p>\n<p>Was f\u00fcr eine Freude !!!<br \/>\nZum ersten mal haben wir Ceylane au\u00dferhalb eines ihrer Verstecke gesehen. Sie hat flei\u00dfig mitgemacht beim Leckerli fangen und wirkte dabei \u00fcberhaupt nicht \u00e4ngstlich.<br \/>\nNat\u00fcrlich hat sie sich noch nicht von uns anfassen lassen und einen Sicherheitsabstand gewahrt. Aber wenn man sie die ersten Monate gesehen hat, wie sie bei der kleinsten Ann\u00e4herung panisch davon gerannt ist, dann war das ein Riesenschritt in die richtige Richtung.<br \/>\nWo sind die verst\u00e4ndnisvollen Menschen mit dem Herz am rechten Fleck? Meldet euch,<br \/>\nCeylane sitzt schon so lange hinter Gittern, das hat sie nicht verdient!<\/p>\n\n\t\t\t<div id='17962-2' class='gallery gallery-17962 gallery-columns-3 gallery-size-thumbnail' itemscope itemtype='http:\/\/schema.org\/ImageGallery'>\n\t\t\t\t<div class='gallery-row gallery-col-3 gallery-clear'>\n\t\t\t\t\t<figure class='gallery-item col-3' itemprop='associatedMedia' itemscope itemtype='http:\/\/schema.org\/ImageObject'>\n\t\t\t\t\t\t<div class='gallery-icon landscape'><a href='https:\/\/www.amis-tico.eu\/de\/wp-content\/uploads\/sites\/3\/2018\/02\/Ceylane-1-533x400.jpg' title='Ceylane (1)'><img loading=\"lazy\" decoding=\"async\" width=\"170\" height=\"150\" src=\"https:\/\/www.amis-tico.eu\/de\/wp-content\/uploads\/sites\/3\/2018\/02\/Ceylane-1-170x150.jpg\" class=\"attachment-thumbnail size-thumbnail\" alt=\"\" itemprop=\"thumbnail\" \/><\/a><\/div>\n\t\t\t\t\t<\/figure>\n\t\t\t\t\t<figure class='gallery-item col-3' itemprop='associatedMedia' itemscope itemtype='http:\/\/schema.org\/ImageObject'>\n\t\t\t\t\t\t<div class='gallery-icon landscape'><a href='https:\/\/www.amis-tico.eu\/de\/wp-content\/uploads\/sites\/3\/2018\/02\/Ceylane-2-300x400.jpg' title='Ceylane (2)'><img loading=\"lazy\" decoding=\"async\" width=\"170\" height=\"150\" src=\"https:\/\/www.amis-tico.eu\/de\/wp-content\/uploads\/sites\/3\/2018\/02\/Ceylane-2-170x150.jpg\" class=\"attachment-thumbnail size-thumbnail\" alt=\"\" itemprop=\"thumbnail\" \/><\/a><\/div>\n\t\t\t\t\t<\/figure>\n\t\t\t\t\t<figure class='gallery-item col-3' itemprop='associatedMedia' itemscope itemtype='http:\/\/schema.org\/ImageObject'>\n\t\t\t\t\t\t<div class='gallery-icon landscape'><a href='https:\/\/www.amis-tico.eu\/de\/wp-content\/uploads\/sites\/3\/2018\/02\/Ceylane-4-533x400.jpg' title='Ceylane (4)'><img loading=\"lazy\" decoding=\"async\" width=\"170\" height=\"150\" src=\"https:\/\/www.amis-tico.eu\/de\/wp-content\/uploads\/sites\/3\/2018\/02\/Ceylane-4-170x150.jpg\" class=\"attachment-thumbnail size-thumbnail\" alt=\"\" itemprop=\"thumbnail\" \/><\/a><\/div>\n\t\t\t\t\t<\/figure>\n\t\t\t\t<\/div>\n\t\t\t<\/div><!-- .gallery -->\n\n<p><strong>Update, 07.09.2018<\/strong><\/p>\n<p>Auch Ceylane wartet bereits seit einem Jahr auf ein Zuhause.<br \/>\nAls sie ins Tierheim kam war sie sehr scheu, fast unsichtbar. Wollte man sie sehen musste man schon nach ihr suchen. Mittlerweile sitzt sie meist dabei beim Leckerli suchen.<br \/>\nJetzt fehlt ihr noch ein sch\u00f6nes Pl\u00e4tzchen, an dem sie die n\u00f6tige Zeit bekommt. Ceylane ist sehr sozial und in ihrem neuen Zuhause m\u00fcssen andere Katzen sein.<br \/>\nVergesst sie bitte nicht.<\/p>\n\n\t\t\t<div id='17962-3' class='gallery gallery-17962 gallery-columns-3 gallery-size-thumbnail' itemscope itemtype='http:\/\/schema.org\/ImageGallery'>\n\t\t\t\t<div class='gallery-row gallery-col-3 gallery-clear'>\n\t\t\t\t\t<figure class='gallery-item col-3' itemprop='associatedMedia' itemscope itemtype='http:\/\/schema.org\/ImageObject'>\n\t\t\t\t\t\t<div class='gallery-icon landscape'><a href='https:\/\/www.amis-tico.eu\/de\/wp-content\/uploads\/sites\/3\/2018\/02\/upd.-ceylane-1-533x400.jpg' title='upd. ceylane (1)'><img loading=\"lazy\" decoding=\"async\" width=\"170\" height=\"150\" src=\"https:\/\/www.amis-tico.eu\/de\/wp-content\/uploads\/sites\/3\/2018\/02\/upd.-ceylane-1-170x150.jpg\" class=\"attachment-thumbnail size-thumbnail\" alt=\"\" itemprop=\"thumbnail\" \/><\/a><\/div>\n\t\t\t\t\t<\/figure>\n\t\t\t\t\t<figure class='gallery-item col-3' itemprop='associatedMedia' itemscope itemtype='http:\/\/schema.org\/ImageObject'>\n\t\t\t\t\t\t<div class='gallery-icon landscape'><a href='https:\/\/www.amis-tico.eu\/de\/wp-content\/uploads\/sites\/3\/2018\/02\/upd.-ceylane-2-533x400.jpg' title='upd. ceylane (2)'><img loading=\"lazy\" decoding=\"async\" width=\"170\" height=\"150\" src=\"https:\/\/www.amis-tico.eu\/de\/wp-content\/uploads\/sites\/3\/2018\/02\/upd.-ceylane-2-170x150.jpg\" class=\"attachment-thumbnail size-thumbnail\" alt=\"\" itemprop=\"thumbnail\" \/><\/a><\/div>\n\t\t\t\t\t<\/figure>\n\t\t\t<\/div>\n\t\t\t<\/div><!-- .gallery -->\n\n<p><strong>Update, 05.11.2018<\/strong><\/p>\n<p>Ceylane ist vermittelt.<\/p>\n<p><strong>Update, 08.02.2019<\/strong><\/p>\n<p>Ceylane (nun Carry) und <a href=\"https:\/\/www.amis-tico.eu\/de\/2018\/polochon\/\">Polochon<\/a> (nun Doug) haben ein kleines Katzenparadies in der Schweiz gefunden.\u00a0Es geht ihnen sehr gut.\u00a0Ceylane ist noch sch\u00fcchtern, aber die Besitzerin kann sie schon anfassen Polochon ist immer\u00a0 mittendrin und am liebsten dort, wo es etwas zu fressen gibt.\u00a0Wir freuen uns sehr f\u00fcr die beiden.<\/p>\n\n\t\t\t<div id='17962-4' class='gallery gallery-17962 gallery-columns-3 gallery-size-thumbnail' itemscope itemtype='http:\/\/schema.org\/ImageGallery'>\n\t\t\t\t<div class='gallery-row gallery-col-3 gallery-clear'>\n\t\t\t\t\t<figure class='gallery-item col-3' itemprop='associatedMedia' itemscope itemtype='http:\/\/schema.org\/ImageObject'>\n\t\t\t\t\t\t<div class='gallery-icon landscape'><a href='https:\/\/www.amis-tico.eu\/de\/wp-content\/uploads\/sites\/3\/2018\/02\/Ceylane-up-3-1-225x400.jpg' title='Ceylane up 3 (1)'><img loading=\"lazy\" decoding=\"async\" width=\"170\" height=\"150\" src=\"https:\/\/www.amis-tico.eu\/de\/wp-content\/uploads\/sites\/3\/2018\/02\/Ceylane-up-3-1-170x150.jpg\" class=\"attachment-thumbnail size-thumbnail\" alt=\"\" aria-describedby=\"figcaption-17962-21197\" itemprop=\"thumbnail\" \/><\/a><\/div>\n\t\t\t\t\t\t<figcaption id=\"figcaption-17962-21197\" class=\"gallery-caption\" itemprop=\"caption\">Polochon, nun Doug<\/figcaption>\n\t\t\t\t\t<\/figure>\n\t\t\t\t\t<figure class='gallery-item col-3' itemprop='associatedMedia' itemscope itemtype='http:\/\/schema.org\/ImageObject'>\n\t\t\t\t\t\t<div class='gallery-icon landscape'><a href='https:\/\/www.amis-tico.eu\/de\/wp-content\/uploads\/sites\/3\/2018\/02\/Ceylane-up-3-2-516x400.jpg' title='Ceylane up 3 (2)'><img loading=\"lazy\" decoding=\"async\" width=\"170\" height=\"150\" src=\"https:\/\/www.amis-tico.eu\/de\/wp-content\/uploads\/sites\/3\/2018\/02\/Ceylane-up-3-2-170x150.jpg\" class=\"attachment-thumbnail size-thumbnail\" alt=\"\" itemprop=\"thumbnail\" \/><\/a><\/div>\n\t\t\t\t\t<\/figure>\n\t\t\t\t\t<figure class='gallery-item col-3' itemprop='associatedMedia' itemscope itemtype='http:\/\/schema.org\/ImageObject'>\n\t\t\t\t\t\t<div class='gallery-icon landscape'><a href='https:\/\/www.amis-tico.eu\/de\/wp-content\/uploads\/sites\/3\/2018\/02\/Ceylane-up-3-3-225x400.jpg' title='Ceylane up 3 (3)'><img loading=\"lazy\" decoding=\"async\" width=\"170\" height=\"150\" src=\"https:\/\/www.amis-tico.eu\/de\/wp-content\/uploads\/sites\/3\/2018\/02\/Ceylane-up-3-3-170x150.jpg\" class=\"attachment-thumbnail size-thumbnail\" alt=\"\" itemprop=\"thumbnail\" \/><\/a><\/div>\n\t\t\t\t\t<\/figure>\n\t\t\t\t<\/div>\n\t\t\t\t<div class='gallery-row gallery-col-3 gallery-clear'>\n\t\t\t\t\t<figure class='gallery-item col-3' itemprop='associatedMedia' itemscope itemtype='http:\/\/schema.org\/ImageObject'>\n\t\t\t\t\t\t<div class='gallery-icon landscape'><a href='https:\/\/www.amis-tico.eu\/de\/wp-content\/uploads\/sites\/3\/2018\/02\/Ceylane-up-3-4-300x400.jpg' title='Ceylane up 3 (4)'><img loading=\"lazy\" decoding=\"async\" width=\"170\" height=\"150\" src=\"https:\/\/www.amis-tico.eu\/de\/wp-content\/uploads\/sites\/3\/2018\/02\/Ceylane-up-3-4-170x150.jpg\" class=\"attachment-thumbnail size-thumbnail\" alt=\"\" aria-describedby=\"figcaption-17962-21200\" itemprop=\"thumbnail\" \/><\/a><\/div>\n\t\t\t\t\t\t<figcaption id=\"figcaption-17962-21200\" class=\"gallery-caption\" itemprop=\"caption\">Ceylane, nun Carry<\/figcaption>\n\t\t\t\t\t<\/figure>\n\t\t\t<\/div>\n\t\t\t<\/div><!-- .gallery -->\n\n","protected":false},"excerpt":{"rendered":"<p>Name: Ceylane (nun Carry) geb.: 04\/2017 Geschlecht: weiblich<\/p>\n","protected":false},"author":7,"featured_media":17964,"comment_status":"open","ping_status":"open","sticky":false,"template":"","format":"standard","meta":{"footnotes":""},"categories":[220],"tags":[],"class_list":["post-17962","post","type-post","status-publish","format-standard","has-post-thumbnail","hentry","category-vermittelt-2018"],"_links":{"self":[{"href":"https:\/\/www.amis-tico.eu\/de\/wp-json\/wp\/v2\/posts\/17962","targetHints":{"allow":["GET"]}}],"collection":[{"href":"https:\/\/www.amis-tico.eu\/de\/wp-json\/wp\/v2\/posts"}],"about":[{"href":"https:\/\/www.amis-tico.eu\/de\/wp-json\/wp\/v2\/types\/post"}],"author":[{"embeddable":true,"href":"https:\/\/www.amis-tico.eu\/de\/wp-json\/wp\/v2\/users\/7"}],"replies":[{"embeddable":true,"href":"https:\/\/www.amis-tico.eu\/de\/wp-json\/wp\/v2\/comments?post=17962"}],"version-history":[{"count":4,"href":"https:\/\/www.amis-tico.eu\/de\/wp-json\/wp\/v2\/posts\/17962\/revisions"}],"predecessor-version":[{"id":21252,"href":"https:\/\/www.amis-tico.eu\/de\/wp-json\/wp\/v2\/posts\/17962\/revisions\/21252"}],"wp:featuredmedia":[{"embeddable":true,"href":"https:\/\/www.amis-tico.eu\/de\/wp-json\/wp\/v2\/media\/17964"}],"wp:attachment":[{"href":"https:\/\/www.amis-tico.eu\/de\/wp-json\/wp\/v2\/media?parent=17962"}],"wp:term":[{"taxonomy":"category","embeddable":true,"href":"https:\/\/www.amis-tico.eu\/de\/wp-json\/wp\/v2\/categories?post=17962"},{"taxonomy":"post_tag","embeddable":true,"href":"https:\/\/www.amis-tico.eu\/de\/wp-json\/wp\/v2\/tags?post=17962"}],"curies":[{"name":"wp","href":"https:\/\/api.w.org\/{rel}","templated":true}]}}