{"id":1797,"date":"2013-08-24T12:25:45","date_gmt":"2013-08-24T10:25:45","guid":{"rendered":"http:\/\/beta.amis-tico.eu\/de\/?p=1797"},"modified":"2015-01-29T17:16:38","modified_gmt":"2015-01-29T16:16:38","slug":"blacky","status":"publish","type":"post","link":"https:\/\/www.amis-tico.eu\/de\/2013\/blacky\/","title":{"rendered":"Blacky"},"content":{"rendered":"<p>Name:\u00a0 <strong>Blacky<\/strong><br \/>\nAlter:\u00a0 geb. im Mai 2013<br \/>\nGeschlecht:\u00a0 m\u00e4nnlich<br \/>\nRasse: Sch\u00e4ferhund<\/p>\n<p>Blacky wurde auf der Stra\u00dfe gefunden (zusammen mit Br\u00fcderchen <a title=\"Brownie\" href=\"https:\/\/www.amis-tico.eu\/de\/2013\/brownie\/\">Brownie<\/a>).<\/p>\n<p><!--more--><\/p>\n\n\t\t\t<div id='1797-1' class='gallery gallery-1797 gallery-columns-3 gallery-size-thumbnail' itemscope itemtype='http:\/\/schema.org\/ImageGallery'>\n\t\t\t\t<div class='gallery-row gallery-col-3 gallery-clear'>\n\t\t\t\t\t<figure class='gallery-item col-3' itemprop='associatedMedia' itemscope itemtype='http:\/\/schema.org\/ImageObject'>\n\t\t\t\t\t\t<div class='gallery-icon landscape'><a href='https:\/\/www.amis-tico.eu\/de\/wp-content\/uploads\/sites\/3\/2013\/08\/Blacky-1-2-532x400.jpg' title='Blacky 1-2'><img loading=\"lazy\" decoding=\"async\" width=\"180\" height=\"106\" src=\"https:\/\/www.amis-tico.eu\/de\/wp-content\/uploads\/sites\/3\/2013\/08\/Blacky-1-2-180x106.jpg\" class=\"attachment-thumbnail size-thumbnail\" alt=\"\" aria-describedby=\"figcaption-1797-1799\" itemprop=\"thumbnail\" \/><\/a><\/div>\n\t\t\t\t\t\t<figcaption id=\"figcaption-1797-1799\" class=\"gallery-caption\" itemprop=\"caption\">Der junge Blacky<\/figcaption>\n\t\t\t\t\t<\/figure>\n\t\t\t\t\t<figure class='gallery-item col-3' itemprop='associatedMedia' itemscope itemtype='http:\/\/schema.org\/ImageObject'>\n\t\t\t\t\t\t<div class='gallery-icon landscape'><a href='https:\/\/www.amis-tico.eu\/de\/wp-content\/uploads\/sites\/3\/2013\/08\/Blacky-1-1bb-287x400.jpg' title='Blacky 1-1bb'><img loading=\"lazy\" decoding=\"async\" width=\"180\" height=\"106\" src=\"https:\/\/www.amis-tico.eu\/de\/wp-content\/uploads\/sites\/3\/2013\/08\/Blacky-1-1bb-180x106.jpg\" class=\"attachment-thumbnail size-thumbnail\" alt=\"\" aria-describedby=\"figcaption-1797-1798\" itemprop=\"thumbnail\" \/><\/a><\/div>\n\t\t\t\t\t\t<figcaption id=\"figcaption-1797-1798\" class=\"gallery-caption\" itemprop=\"caption\">ein lieber und vertr\u00e4glicher R\u00fcde<\/figcaption>\n\t\t\t\t\t<\/figure>\n\t\t\t<\/div>\n\t\t\t<\/div><!-- .gallery -->\n\n<p class=\"MsoNormal\"><span style=\"font-family: 'Arial','sans-serif'\">Blacky, geb.\u00a0 ca. Anfangs Mai ist ein ganz toller, typischer junger Sch\u00e4fi wie er im Buche steht. Aufgeschlossen, vertr\u00e4glich, menschenfreundlich, aufgeweckt.<br \/>\nWir suchen f\u00fcr ihn &#8222;Sch\u00e4ferhund-Menschen&#8220;, die gerne einen Hund m\u00f6chten, mit dem man viel unternehmen kann und der auch gef\u00f6rdert werden will. Selbstredend muss er in seinem neuen Zuhause 100%-igen Familienanschluss haben und Zugang zu den Wohnr\u00e4umen, wir vermitteln nicht in Aussen &#8211; oder Zwingerhaltung oder als Wachhund.<\/span><\/p>\n<p class=\"MsoNormal\"><span style=\"font-family: 'Arial','sans-serif'\">Laufend aktuelle Infos, Fotos und Video finden Sie auf unserer Homepage: <a href=\"http:\/\/www.grisette.ch\" target=\"_blank\">www.grisette.ch<\/a>.<\/span><\/p>\n<p>Falls Sie Blacky kennenlernen m\u00f6chten, melden Sie Sich bitte, damit wir Ihnen das\u00a0Bewerbungsformular zustellen k\u00f6nnen:<br \/>\n<span lang=\"DE\" style=\"font-family: 'Arial','sans-serif'\">Tel. 0041 32 462 3219 (falls Anrufbeantworter, bitte Meldung UND Telefonnummer hinterlassen, wir rufen gerne zur\u00fcck) oder per Mail: <\/span><span style=\"font-family: 'Arial','sans-serif'\"><a href=\"mailto:info@grisette.ch\" target=\"_blank\"><span lang=\"DE\">info@grisette.ch<\/span><\/a><\/span><span lang=\"DE\" style=\"font-family: 'Arial','sans-serif'\">.<br \/>\nBlacky ist gechipt und\u00a0 geimpft und \u00a0wird mit Schutzvertrag und gegen eine Schutzgeb\u00fchr von SFr. 500.&#8211; vermittelt.<\/span><\/p>\n<p><strong>Blacky wurde vermittelt.<\/strong><\/p>\n<p>&nbsp;<\/p>\n","protected":false},"excerpt":{"rendered":"<p>Name:\u00a0 Blacky Alter:\u00a0 geb. im Mai 2013 Geschlecht:\u00a0 m\u00e4nnlich Rasse: Sch\u00e4ferhund Blacky wurde auf der Stra\u00dfe gefunden (zusammen mit Br\u00fcderchen Brownie).<\/p>\n","protected":false},"author":7,"featured_media":1799,"comment_status":"open","ping_status":"open","sticky":false,"template":"","format":"standard","meta":{"footnotes":""},"categories":[185],"tags":[42],"class_list":["post-1797","post","type-post","status-publish","format-standard","has-post-thumbnail","hentry","category-vermittelt-2013","tag-deutscher-schaferhund"],"_links":{"self":[{"href":"https:\/\/www.amis-tico.eu\/de\/wp-json\/wp\/v2\/posts\/1797","targetHints":{"allow":["GET"]}}],"collection":[{"href":"https:\/\/www.amis-tico.eu\/de\/wp-json\/wp\/v2\/posts"}],"about":[{"href":"https:\/\/www.amis-tico.eu\/de\/wp-json\/wp\/v2\/types\/post"}],"author":[{"embeddable":true,"href":"https:\/\/www.amis-tico.eu\/de\/wp-json\/wp\/v2\/users\/7"}],"replies":[{"embeddable":true,"href":"https:\/\/www.amis-tico.eu\/de\/wp-json\/wp\/v2\/comments?post=1797"}],"version-history":[{"count":7,"href":"https:\/\/www.amis-tico.eu\/de\/wp-json\/wp\/v2\/posts\/1797\/revisions"}],"predecessor-version":[{"id":2031,"href":"https:\/\/www.amis-tico.eu\/de\/wp-json\/wp\/v2\/posts\/1797\/revisions\/2031"}],"wp:featuredmedia":[{"embeddable":true,"href":"https:\/\/www.amis-tico.eu\/de\/wp-json\/wp\/v2\/media\/1799"}],"wp:attachment":[{"href":"https:\/\/www.amis-tico.eu\/de\/wp-json\/wp\/v2\/media?parent=1797"}],"wp:term":[{"taxonomy":"category","embeddable":true,"href":"https:\/\/www.amis-tico.eu\/de\/wp-json\/wp\/v2\/categories?post=1797"},{"taxonomy":"post_tag","embeddable":true,"href":"https:\/\/www.amis-tico.eu\/de\/wp-json\/wp\/v2\/tags?post=1797"}],"curies":[{"name":"wp","href":"https:\/\/api.w.org\/{rel}","templated":true}]}}