{"id":18149,"date":"2018-03-21T12:46:36","date_gmt":"2018-03-21T11:46:36","guid":{"rendered":"http:\/\/www.amis-tico.eu\/de\/?p=18149"},"modified":"2019-02-08T08:21:28","modified_gmt":"2019-02-08T07:21:28","slug":"polochon","status":"publish","type":"post","link":"https:\/\/www.amis-tico.eu\/de\/2018\/polochon\/","title":{"rendered":"Polochon"},"content":{"rendered":"<p>Name<strong>: Polochon (nun Doug)<\/strong><br \/>\ngeb.: 2015<br \/>\nGeschlecht: m\u00e4nnlich<\/p>\n<p><!--more--><\/p>\n<p><img loading=\"lazy\" decoding=\"async\" class=\"wp-image-18151 alignnone\" src=\"https:\/\/www.amis-tico.eu\/de\/wp-content\/uploads\/sites\/3\/2018\/03\/Polochon-1.2-574x400.jpg\" alt=\"\" width=\"274\" height=\"191\" srcset=\"https:\/\/www.amis-tico.eu\/de\/wp-content\/uploads\/sites\/3\/2018\/03\/Polochon-1.2-574x400.jpg 574w, https:\/\/www.amis-tico.eu\/de\/wp-content\/uploads\/sites\/3\/2018\/03\/Polochon-1.2-624x435.jpg 624w, https:\/\/www.amis-tico.eu\/de\/wp-content\/uploads\/sites\/3\/2018\/03\/Polochon-1.2.jpg 700w\" sizes=\"auto, (max-width: 274px) 100vw, 274px\" \/><\/p>\n<p>&#8222;Es gef\u00e4llt mir \u00fcberhaupt nicht hier und deshalb zeige ich das auch sehr deutlich.\u00a0Ich fauche jeden erstmal an, der mir zu nahe kommt und Anfassen&#8230;.das entscheide ich selbst.\u00a0Es ist mir einfach sehr unheimlich hier.\u00a0Dringend suche ich ein verst\u00e4ndnisvolles Zuhause. Sp\u00e4terer Freigang ist erw\u00fcnscht.\u00a0Wo sind die Menschen. die sich nicht gleich abschrecken lassen? Euch suche ich.&#8220;<\/p>\n<p><strong>Update, 18.06.2018<\/strong><\/p>\n<p>Polochon faucht einen zur Begr\u00fc\u00dfung erstmal an. Wenn man sich davon nicht beeindrucken l\u00e4sst, ist er beeindruckt. Leckerli nimmt er, anfassen lassen mag er sich im Moment noch nicht.\u00a0Polochon hat keine Probleme mit seinen Artgenossen und sollte dringend in ein verst\u00e4ndnisvolles Zuhause.<\/p>\n\n\t\t\t<div id='18149-1' class='gallery gallery-18149 gallery-columns-3 gallery-size-thumbnail' itemscope itemtype='http:\/\/schema.org\/ImageGallery'>\n\t\t\t\t<div class='gallery-row gallery-col-3 gallery-clear'>\n\t\t\t\t\t<figure class='gallery-item col-3' itemprop='associatedMedia' itemscope itemtype='http:\/\/schema.org\/ImageObject'>\n\t\t\t\t\t\t<div class='gallery-icon landscape'><a href='https:\/\/www.amis-tico.eu\/de\/wp-content\/uploads\/sites\/3\/2018\/03\/Polochon-up-1-1-392x400.jpg' title='Polochon up 1 (1)'><img loading=\"lazy\" decoding=\"async\" width=\"170\" height=\"150\" src=\"https:\/\/www.amis-tico.eu\/de\/wp-content\/uploads\/sites\/3\/2018\/03\/Polochon-up-1-1-170x150.jpg\" class=\"attachment-thumbnail size-thumbnail\" alt=\"\" itemprop=\"thumbnail\" \/><\/a><\/div>\n\t\t\t\t\t<\/figure>\n\t\t\t\t\t<figure class='gallery-item col-3' itemprop='associatedMedia' itemscope itemtype='http:\/\/schema.org\/ImageObject'>\n\t\t\t\t\t\t<div class='gallery-icon landscape'><a href='https:\/\/www.amis-tico.eu\/de\/wp-content\/uploads\/sites\/3\/2018\/03\/Polochon-up-1-2-500x400.jpg' title='Polochon up 1 (2)'><img loading=\"lazy\" decoding=\"async\" width=\"170\" height=\"150\" src=\"https:\/\/www.amis-tico.eu\/de\/wp-content\/uploads\/sites\/3\/2018\/03\/Polochon-up-1-2-170x150.jpg\" class=\"attachment-thumbnail size-thumbnail\" alt=\"\" itemprop=\"thumbnail\" \/><\/a><\/div>\n\t\t\t\t\t<\/figure>\n\t\t\t<\/div>\n\t\t\t<\/div><!-- .gallery -->\n\n<p><strong>Update, 27.08.2018<\/strong><\/p>\n<p>Polochon wartet auch schon so lange auf ein Zuhause.<br \/>\nJa, er ist noch sch\u00fcchtern, aber das kann sich ja nicht \u00e4ndern wenn niemand Zeit f\u00fcr ihn hat.<br \/>\nPolochon ist vertr\u00e4glich mit Artgenossen und sucht ein Zuhause in dem er nach einer Eingew\u00f6hnungszeit Freigang bekommen kann.<\/p>\n\n\t\t\t<div id='18149-2' class='gallery gallery-18149 gallery-columns-3 gallery-size-thumbnail' itemscope itemtype='http:\/\/schema.org\/ImageGallery'>\n\t\t\t\t<div class='gallery-row gallery-col-3 gallery-clear'>\n\t\t\t\t\t<figure class='gallery-item col-3' itemprop='associatedMedia' itemscope itemtype='http:\/\/schema.org\/ImageObject'>\n\t\t\t\t\t\t<div class='gallery-icon landscape'><a href='https:\/\/www.amis-tico.eu\/de\/wp-content\/uploads\/sites\/3\/2018\/03\/Polochon-upd-1-533x400.jpg' title='Polochon upd (1)'><img loading=\"lazy\" decoding=\"async\" width=\"170\" height=\"150\" src=\"https:\/\/www.amis-tico.eu\/de\/wp-content\/uploads\/sites\/3\/2018\/03\/Polochon-upd-1-170x150.jpg\" class=\"attachment-thumbnail size-thumbnail\" alt=\"\" itemprop=\"thumbnail\" \/><\/a><\/div>\n\t\t\t\t\t<\/figure>\n\t\t\t\t\t<figure class='gallery-item col-3' itemprop='associatedMedia' itemscope itemtype='http:\/\/schema.org\/ImageObject'>\n\t\t\t\t\t\t<div class='gallery-icon landscape'><a href='https:\/\/www.amis-tico.eu\/de\/wp-content\/uploads\/sites\/3\/2018\/03\/Polochon-upd-2-533x400.jpg' title='Polochon upd (2)'><img loading=\"lazy\" decoding=\"async\" width=\"170\" height=\"150\" src=\"https:\/\/www.amis-tico.eu\/de\/wp-content\/uploads\/sites\/3\/2018\/03\/Polochon-upd-2-170x150.jpg\" class=\"attachment-thumbnail size-thumbnail\" alt=\"\" itemprop=\"thumbnail\" \/><\/a><\/div>\n\t\t\t\t\t<\/figure>\n\t\t\t<\/div>\n\t\t\t<\/div><!-- .gallery -->\n\n<p><strong>Update, 16.10.2018<\/strong><\/p>\n<p>Auch Polochon ist schon einige Monate im Tierheim.<br \/>\nMittlerweile faucht er einen nicht mehr an.<br \/>\nIm Gegenteil, er kommt, holt sich die Leckerli ab und man darf ihn auch schon mal anfassen.<br \/>\nPolochon ist ein ruhiger und lieber Kater. Als er beim Leckerli verteilen heftig von einer anderen Katze angefaucht wurde hat er sich einfach hingesetzt und sich nicht beeindrucken lassen.<\/p>\n<p>Lasst ihn nicht mehr l\u00e4nger warten.<\/p>\n\n\t\t\t<div id='18149-3' class='gallery gallery-18149 gallery-columns-3 gallery-size-thumbnail' itemscope itemtype='http:\/\/schema.org\/ImageGallery'>\n\t\t\t\t<div class='gallery-row gallery-col-3 gallery-clear'>\n\t\t\t\t\t<figure class='gallery-item col-3' itemprop='associatedMedia' itemscope itemtype='http:\/\/schema.org\/ImageObject'>\n\t\t\t\t\t\t<div class='gallery-icon landscape'><a href='https:\/\/www.amis-tico.eu\/de\/wp-content\/uploads\/sites\/3\/2018\/03\/Upd.-Polochon-Okt-1-300x400.jpg' title='Upd. Polochon Okt (1)'><img loading=\"lazy\" decoding=\"async\" width=\"170\" height=\"150\" src=\"https:\/\/www.amis-tico.eu\/de\/wp-content\/uploads\/sites\/3\/2018\/03\/Upd.-Polochon-Okt-1-170x150.jpg\" class=\"attachment-thumbnail size-thumbnail\" alt=\"\" itemprop=\"thumbnail\" \/><\/a><\/div>\n\t\t\t\t\t<\/figure>\n\t\t\t\t\t<figure class='gallery-item col-3' itemprop='associatedMedia' itemscope itemtype='http:\/\/schema.org\/ImageObject'>\n\t\t\t\t\t\t<div class='gallery-icon landscape'><a href='https:\/\/www.amis-tico.eu\/de\/wp-content\/uploads\/sites\/3\/2018\/03\/Upd.-Polochon-Okt-2-300x400.jpg' title='Upd. Polochon Okt (2)'><img loading=\"lazy\" decoding=\"async\" width=\"170\" height=\"150\" src=\"https:\/\/www.amis-tico.eu\/de\/wp-content\/uploads\/sites\/3\/2018\/03\/Upd.-Polochon-Okt-2-170x150.jpg\" class=\"attachment-thumbnail size-thumbnail\" alt=\"\" itemprop=\"thumbnail\" \/><\/a><\/div>\n\t\t\t\t\t<\/figure>\n\t\t\t<\/div>\n\t\t\t<\/div><!-- .gallery -->\n\n<p><strong>Update, 05.11.2018<\/strong><\/p>\n<p>Polochon ist vermittelt.<\/p>\n<p><strong>Update, 08.02.2019<\/strong><\/p>\n<p><a href=\"https:\/\/www.amis-tico.eu\/de\/2018\/ceylane\/\">Ceylane<\/a> (nun Carry) und Polochon (nun Doug) haben ein kleines Katzenparadies in der Schweiz gefunden.<br \/>\nEs geht ihnen sehr gut. Ceylane ist noch sch\u00fcchtern, aber die Besitzerin kann sie schon anfassen,und Polochon ist immer mittendrin und am liebsten dort wo es was zu fressen gibt. Wir freuen uns sehr f\u00fcr die beiden.<\/p>\n\n\t\t\t<div id='18149-4' class='gallery gallery-18149 gallery-columns-3 gallery-size-thumbnail' itemscope itemtype='http:\/\/schema.org\/ImageGallery'>\n\t\t\t\t<div class='gallery-row gallery-col-3 gallery-clear'>\n\t\t\t\t\t<figure class='gallery-item col-3' itemprop='associatedMedia' itemscope itemtype='http:\/\/schema.org\/ImageObject'>\n\t\t\t\t\t\t<div class='gallery-icon landscape'><a href='https:\/\/www.amis-tico.eu\/de\/wp-content\/uploads\/sites\/3\/2018\/02\/Ceylane-up-3-3-225x400.jpg' title='Ceylane up 3 (3)'><img loading=\"lazy\" decoding=\"async\" width=\"170\" height=\"150\" src=\"https:\/\/www.amis-tico.eu\/de\/wp-content\/uploads\/sites\/3\/2018\/02\/Ceylane-up-3-3-170x150.jpg\" class=\"attachment-thumbnail size-thumbnail\" alt=\"\" itemprop=\"thumbnail\" \/><\/a><\/div>\n\t\t\t\t\t<\/figure>\n\t\t\t\t\t<figure class='gallery-item col-3' itemprop='associatedMedia' itemscope itemtype='http:\/\/schema.org\/ImageObject'>\n\t\t\t\t\t\t<div class='gallery-icon landscape'><a href='https:\/\/www.amis-tico.eu\/de\/wp-content\/uploads\/sites\/3\/2018\/02\/Ceylane-up-3-4-300x400.jpg' title='Ceylane up 3 (4)'><img loading=\"lazy\" decoding=\"async\" width=\"170\" height=\"150\" src=\"https:\/\/www.amis-tico.eu\/de\/wp-content\/uploads\/sites\/3\/2018\/02\/Ceylane-up-3-4-170x150.jpg\" class=\"attachment-thumbnail size-thumbnail\" alt=\"\" aria-describedby=\"figcaption-18149-21200\" itemprop=\"thumbnail\" \/><\/a><\/div>\n\t\t\t\t\t\t<figcaption id=\"figcaption-18149-21200\" class=\"gallery-caption\" itemprop=\"caption\">Ceylane, nun Carry<\/figcaption>\n\t\t\t\t\t<\/figure>\n\t\t\t\t\t<figure class='gallery-item col-3' itemprop='associatedMedia' itemscope itemtype='http:\/\/schema.org\/ImageObject'>\n\t\t\t\t\t\t<div class='gallery-icon landscape'><a href='https:\/\/www.amis-tico.eu\/de\/wp-content\/uploads\/sites\/3\/2018\/02\/Ceylane-up-3-2-516x400.jpg' title='Ceylane up 3 (2)'><img loading=\"lazy\" decoding=\"async\" width=\"170\" height=\"150\" src=\"https:\/\/www.amis-tico.eu\/de\/wp-content\/uploads\/sites\/3\/2018\/02\/Ceylane-up-3-2-170x150.jpg\" class=\"attachment-thumbnail size-thumbnail\" alt=\"\" itemprop=\"thumbnail\" \/><\/a><\/div>\n\t\t\t\t\t<\/figure>\n\t\t\t\t<\/div>\n\t\t\t\t<div class='gallery-row gallery-col-3 gallery-clear'>\n\t\t\t\t\t<figure class='gallery-item col-3' itemprop='associatedMedia' itemscope itemtype='http:\/\/schema.org\/ImageObject'>\n\t\t\t\t\t\t<div class='gallery-icon landscape'><a href='https:\/\/www.amis-tico.eu\/de\/wp-content\/uploads\/sites\/3\/2018\/02\/Ceylane-up-3-1-225x400.jpg' title='Ceylane up 3 (1)'><img loading=\"lazy\" decoding=\"async\" width=\"170\" height=\"150\" src=\"https:\/\/www.amis-tico.eu\/de\/wp-content\/uploads\/sites\/3\/2018\/02\/Ceylane-up-3-1-170x150.jpg\" class=\"attachment-thumbnail size-thumbnail\" alt=\"\" aria-describedby=\"figcaption-18149-21197\" itemprop=\"thumbnail\" \/><\/a><\/div>\n\t\t\t\t\t\t<figcaption id=\"figcaption-18149-21197\" class=\"gallery-caption\" itemprop=\"caption\">Polochon, nun Doug<\/figcaption>\n\t\t\t\t\t<\/figure>\n\t\t\t<\/div>\n\t\t\t<\/div><!-- .gallery -->\n\n","protected":false},"excerpt":{"rendered":"<p>Name: Polochon (nun Doug) geb.: 2015 Geschlecht: m\u00e4nnlich<\/p>\n","protected":false},"author":7,"featured_media":18152,"comment_status":"open","ping_status":"open","sticky":false,"template":"","format":"standard","meta":{"footnotes":""},"categories":[220],"tags":[],"class_list":["post-18149","post","type-post","status-publish","format-standard","has-post-thumbnail","hentry","category-vermittelt-2018"],"_links":{"self":[{"href":"https:\/\/www.amis-tico.eu\/de\/wp-json\/wp\/v2\/posts\/18149","targetHints":{"allow":["GET"]}}],"collection":[{"href":"https:\/\/www.amis-tico.eu\/de\/wp-json\/wp\/v2\/posts"}],"about":[{"href":"https:\/\/www.amis-tico.eu\/de\/wp-json\/wp\/v2\/types\/post"}],"author":[{"embeddable":true,"href":"https:\/\/www.amis-tico.eu\/de\/wp-json\/wp\/v2\/users\/7"}],"replies":[{"embeddable":true,"href":"https:\/\/www.amis-tico.eu\/de\/wp-json\/wp\/v2\/comments?post=18149"}],"version-history":[{"count":5,"href":"https:\/\/www.amis-tico.eu\/de\/wp-json\/wp\/v2\/posts\/18149\/revisions"}],"predecessor-version":[{"id":21253,"href":"https:\/\/www.amis-tico.eu\/de\/wp-json\/wp\/v2\/posts\/18149\/revisions\/21253"}],"wp:featuredmedia":[{"embeddable":true,"href":"https:\/\/www.amis-tico.eu\/de\/wp-json\/wp\/v2\/media\/18152"}],"wp:attachment":[{"href":"https:\/\/www.amis-tico.eu\/de\/wp-json\/wp\/v2\/media?parent=18149"}],"wp:term":[{"taxonomy":"category","embeddable":true,"href":"https:\/\/www.amis-tico.eu\/de\/wp-json\/wp\/v2\/categories?post=18149"},{"taxonomy":"post_tag","embeddable":true,"href":"https:\/\/www.amis-tico.eu\/de\/wp-json\/wp\/v2\/tags?post=18149"}],"curies":[{"name":"wp","href":"https:\/\/api.w.org\/{rel}","templated":true}]}}