{"id":22017,"date":"2019-04-15T14:59:07","date_gmt":"2019-04-15T12:59:07","guid":{"rendered":"https:\/\/www.amis-tico.eu\/de\/?p=22017"},"modified":"2019-06-11T18:19:36","modified_gmt":"2019-06-11T16:19:36","slug":"jules-2","status":"publish","type":"post","link":"https:\/\/www.amis-tico.eu\/de\/2019\/jules-2\/","title":{"rendered":"Jules"},"content":{"rendered":"<p>Name<strong>: Jules\u00a0 <a href=\"https:\/\/www.amis-tico.eu\/de\/category\/was-ist-fiv\/\">FIV+<\/a><\/strong><br \/>\ngeb.: 2014<br \/>\nGeschlecht: m\u00e4nnlich<\/p>\n<p><!--more--><\/p>\n<p>&nbsp;<\/p>\n<p><img loading=\"lazy\" decoding=\"async\" class=\"alignnone wp-image-22018\" src=\"https:\/\/www.amis-tico.eu\/de\/wp-content\/uploads\/sites\/3\/2019\/04\/Jules-1-1-266x400.jpg\" alt=\"\" width=\"236\" height=\"355\" srcset=\"https:\/\/www.amis-tico.eu\/de\/wp-content\/uploads\/sites\/3\/2019\/04\/Jules-1-1-266x400.jpg 266w, https:\/\/www.amis-tico.eu\/de\/wp-content\/uploads\/sites\/3\/2019\/04\/Jules-1-1-624x937.jpg 624w, https:\/\/www.amis-tico.eu\/de\/wp-content\/uploads\/sites\/3\/2019\/04\/Jules-1-1.jpg 639w\" sizes=\"auto, (max-width: 236px) 100vw, 236px\" \/><\/p>\n<p>&#8222;Jules ist mein Name und ich bin ein ruhiger und lieber Kater.\u00a0Leider bin ich Fiv-positiv getestet. Deshalb suche ich ein Zuhause in Wohnungshaltung. Wenn du einen gesicherten Balkon hast, w\u00e4re das klasse, dann kann ich trotzdem noch bei sch\u00f6nem Wetter drau\u00dfen sitzen.\u00a0Jetzt warte ich mal geduldig, ob sich jemand f\u00fcr mich interessiert.\u00a0Hoffentlich&#8230;.&#8220;<\/p>\n<p><img loading=\"lazy\" decoding=\"async\" class=\"alignnone wp-image-22020\" src=\"https:\/\/www.amis-tico.eu\/de\/wp-content\/uploads\/sites\/3\/2019\/04\/Jules-1-3-225x400.jpg\" alt=\"\" width=\"123\" height=\"218\" srcset=\"https:\/\/www.amis-tico.eu\/de\/wp-content\/uploads\/sites\/3\/2019\/04\/Jules-1-3-225x400.jpg 225w, https:\/\/www.amis-tico.eu\/de\/wp-content\/uploads\/sites\/3\/2019\/04\/Jules-1-3.jpg 398w\" sizes=\"auto, (max-width: 123px) 100vw, 123px\" \/><img loading=\"lazy\" decoding=\"async\" class=\"alignnone wp-image-22019\" src=\"https:\/\/www.amis-tico.eu\/de\/wp-content\/uploads\/sites\/3\/2019\/04\/Jules-1-2-225x400.jpg\" alt=\"\" width=\"122\" height=\"218\" srcset=\"https:\/\/www.amis-tico.eu\/de\/wp-content\/uploads\/sites\/3\/2019\/04\/Jules-1-2-225x400.jpg 225w, https:\/\/www.amis-tico.eu\/de\/wp-content\/uploads\/sites\/3\/2019\/04\/Jules-1-2.jpg 398w\" sizes=\"auto, (max-width: 122px) 100vw, 122px\" \/><\/p>\n<p>&nbsp;<\/p>\n<p><strong>Update, 21.05.2019<\/strong><\/p>\n<p>Jules ist ein ruhiger und lieber Kater.\u00a0Streicheleinheiten genie\u00dft er sehr, vertr\u00e4glich mit seinen Artgenossen ist er auch.\u00a0Es ist ihm so langweilig in diesem K\u00e4fig.\u00a0Jules m\u00f6chte schnell in ein Zuhause einziehen.<\/p>\n\n\t\t\t<div id='22017-1' class='gallery gallery-22017 gallery-columns-3 gallery-size-thumbnail' itemscope itemtype='http:\/\/schema.org\/ImageGallery'>\n\t\t\t\t<div class='gallery-row gallery-col-3 gallery-clear'>\n\t\t\t\t\t<figure class='gallery-item col-3' itemprop='associatedMedia' itemscope itemtype='http:\/\/schema.org\/ImageObject'>\n\t\t\t\t\t\t<div class='gallery-icon landscape'><a href='https:\/\/www.amis-tico.eu\/de\/wp-content\/uploads\/sites\/3\/2019\/04\/Jules-1-up-1-533x400.jpg' title='Jules 1 up (1)'><img loading=\"lazy\" decoding=\"async\" width=\"170\" height=\"150\" src=\"https:\/\/www.amis-tico.eu\/de\/wp-content\/uploads\/sites\/3\/2019\/04\/Jules-1-up-1-170x150.jpg\" class=\"attachment-thumbnail size-thumbnail\" alt=\"\" itemprop=\"thumbnail\" \/><\/a><\/div>\n\t\t\t\t\t<\/figure>\n\t\t\t\t\t<figure class='gallery-item col-3' itemprop='associatedMedia' itemscope itemtype='http:\/\/schema.org\/ImageObject'>\n\t\t\t\t\t\t<div class='gallery-icon landscape'><a href='https:\/\/www.amis-tico.eu\/de\/wp-content\/uploads\/sites\/3\/2019\/04\/Jules-1-up-2-533x400.jpg' title='Jules 1 up (2)'><img loading=\"lazy\" decoding=\"async\" width=\"170\" height=\"150\" src=\"https:\/\/www.amis-tico.eu\/de\/wp-content\/uploads\/sites\/3\/2019\/04\/Jules-1-up-2-170x150.jpg\" class=\"attachment-thumbnail size-thumbnail\" alt=\"\" aria-describedby=\"figcaption-22017-22480\" itemprop=\"thumbnail\" \/><\/a><\/div>\n\t\t\t\t\t\t<figcaption id=\"figcaption-22017-22480\" class=\"gallery-caption\" itemprop=\"caption\">Jules<\/figcaption>\n\t\t\t\t\t<\/figure>\n\t\t\t<\/div>\n\t\t\t<\/div><!-- .gallery -->\n\n<p>&nbsp;<\/p>\n<p><strong>Update, 11.06.2019<\/strong><\/p>\n<p>Jules ist vermittelt.<\/p>\n<p>&nbsp;<\/p>\n","protected":false},"excerpt":{"rendered":"<p>Name: Jules\u00a0 FIV+ geb.: 2014 Geschlecht: m\u00e4nnlich<\/p>\n","protected":false},"author":7,"featured_media":22021,"comment_status":"open","ping_status":"open","sticky":false,"template":"","format":"standard","meta":{"footnotes":""},"categories":[232],"tags":[],"class_list":["post-22017","post","type-post","status-publish","format-standard","has-post-thumbnail","hentry","category-vermittelt-2019"],"_links":{"self":[{"href":"https:\/\/www.amis-tico.eu\/de\/wp-json\/wp\/v2\/posts\/22017","targetHints":{"allow":["GET"]}}],"collection":[{"href":"https:\/\/www.amis-tico.eu\/de\/wp-json\/wp\/v2\/posts"}],"about":[{"href":"https:\/\/www.amis-tico.eu\/de\/wp-json\/wp\/v2\/types\/post"}],"author":[{"embeddable":true,"href":"https:\/\/www.amis-tico.eu\/de\/wp-json\/wp\/v2\/users\/7"}],"replies":[{"embeddable":true,"href":"https:\/\/www.amis-tico.eu\/de\/wp-json\/wp\/v2\/comments?post=22017"}],"version-history":[{"count":4,"href":"https:\/\/www.amis-tico.eu\/de\/wp-json\/wp\/v2\/posts\/22017\/revisions"}],"predecessor-version":[{"id":22579,"href":"https:\/\/www.amis-tico.eu\/de\/wp-json\/wp\/v2\/posts\/22017\/revisions\/22579"}],"wp:featuredmedia":[{"embeddable":true,"href":"https:\/\/www.amis-tico.eu\/de\/wp-json\/wp\/v2\/media\/22021"}],"wp:attachment":[{"href":"https:\/\/www.amis-tico.eu\/de\/wp-json\/wp\/v2\/media?parent=22017"}],"wp:term":[{"taxonomy":"category","embeddable":true,"href":"https:\/\/www.amis-tico.eu\/de\/wp-json\/wp\/v2\/categories?post=22017"},{"taxonomy":"post_tag","embeddable":true,"href":"https:\/\/www.amis-tico.eu\/de\/wp-json\/wp\/v2\/tags?post=22017"}],"curies":[{"name":"wp","href":"https:\/\/api.w.org\/{rel}","templated":true}]}}