{"id":24001,"date":"2019-09-23T15:11:43","date_gmt":"2019-09-23T13:11:43","guid":{"rendered":"https:\/\/www.amis-tico.eu\/de\/?p=24001"},"modified":"2020-08-19T13:26:26","modified_gmt":"2020-08-19T11:26:26","slug":"lilou-2","status":"publish","type":"post","link":"https:\/\/www.amis-tico.eu\/de\/2019\/lilou-2\/","title":{"rendered":"Lilou"},"content":{"rendered":"<p>Name: Lilou<br \/>\ngeb.: 2011<br \/>\nGeschlecht: weiblich<\/p>\n<p><!--more--><\/p>\n<p>&nbsp;<\/p>\n<p><img loading=\"lazy\" decoding=\"async\" class=\"alignnone wp-image-24003\" src=\"https:\/\/www.amis-tico.eu\/de\/wp-content\/uploads\/sites\/3\/2019\/09\/Lilou-1-2-533x400.jpg\" alt=\"\" width=\"293\" height=\"220\" srcset=\"https:\/\/www.amis-tico.eu\/de\/wp-content\/uploads\/sites\/3\/2019\/09\/Lilou-1-2-533x400.jpg 533w, https:\/\/www.amis-tico.eu\/de\/wp-content\/uploads\/sites\/3\/2019\/09\/Lilou-1-2-624x468.jpg 624w, https:\/\/www.amis-tico.eu\/de\/wp-content\/uploads\/sites\/3\/2019\/09\/Lilou-1-2.jpg 700w\" sizes=\"auto, (max-width: 293px) 100vw, 293px\" \/><\/p>\n<p>&#8222;Ihr k\u00f6nnt es ja sehen, ich habe noch gro\u00dfe Angst hier. Alles ist mir fremd und die Menschen jagen mir Angst ein. Aber auch ich ben\u00f6tige dringend ein Zuhause und zwar bei geduldigen Menschen. Andere Katzen sollten dort schon leben, denn von ihnen kann ich lernen. Wer zeigt mir, dass Menschen gar nicht so schlimm sind?&#8220;<\/p>\n\n\t\t\t<div id='24001-1' class='gallery gallery-24001 gallery-columns-3 gallery-size-thumbnail' itemscope itemtype='http:\/\/schema.org\/ImageGallery'>\n\t\t\t\t<div class='gallery-row gallery-col-3 gallery-clear'>\n\t\t\t\t\t<figure class='gallery-item col-3' itemprop='associatedMedia' itemscope itemtype='http:\/\/schema.org\/ImageObject'>\n\t\t\t\t\t\t<div class='gallery-icon landscape'><a href='https:\/\/www.amis-tico.eu\/de\/wp-content\/uploads\/sites\/3\/2019\/09\/Lilou-1-1-533x400.jpg' title='Lilou 1 (1)'><img loading=\"lazy\" decoding=\"async\" width=\"170\" height=\"150\" src=\"https:\/\/www.amis-tico.eu\/de\/wp-content\/uploads\/sites\/3\/2019\/09\/Lilou-1-1-170x150.jpg\" class=\"attachment-thumbnail size-thumbnail\" alt=\"\" itemprop=\"thumbnail\" \/><\/a><\/div>\n\t\t\t\t\t<\/figure>\n\t\t\t<\/div>\n\t\t\t<\/div><!-- .gallery -->\n\n<p>&nbsp;<\/p>\n<p><strong>Update, 05.11.2019<\/strong><\/p>\n<p>Lilou ist eine zierliche Katze. Sie ist noch sehr zur\u00fcckhaltend. Wenn man aber die Fotos anschaut, als sie neu ins Tierheim kam und nun&#8230;kein Vergleich. Wer m\u00f6chte der h\u00fcbschen Lilou ein Zuhause geben?<\/p>\n\n\t\t\t<div id='24001-2' class='gallery gallery-24001 gallery-columns-3 gallery-size-thumbnail' itemscope itemtype='http:\/\/schema.org\/ImageGallery'>\n\t\t\t\t<div class='gallery-row gallery-col-3 gallery-clear'>\n\t\t\t\t\t<figure class='gallery-item col-3' itemprop='associatedMedia' itemscope itemtype='http:\/\/schema.org\/ImageObject'>\n\t\t\t\t\t\t<div class='gallery-icon landscape'><a href='https:\/\/www.amis-tico.eu\/de\/wp-content\/uploads\/sites\/3\/2019\/09\/Lilou-up-5.11-1-300x400.jpg' title='Lilou up 5.11 (1)'><img loading=\"lazy\" decoding=\"async\" width=\"170\" height=\"150\" src=\"https:\/\/www.amis-tico.eu\/de\/wp-content\/uploads\/sites\/3\/2019\/09\/Lilou-up-5.11-1-170x150.jpg\" class=\"attachment-thumbnail size-thumbnail\" alt=\"\" itemprop=\"thumbnail\" \/><\/a><\/div>\n\t\t\t\t\t<\/figure>\n\t\t\t\t\t<figure class='gallery-item col-3' itemprop='associatedMedia' itemscope itemtype='http:\/\/schema.org\/ImageObject'>\n\t\t\t\t\t\t<div class='gallery-icon landscape'><a href='https:\/\/www.amis-tico.eu\/de\/wp-content\/uploads\/sites\/3\/2019\/09\/Lilou-up-5.11-2-300x400.jpg' title='Lilou up 5.11 (2)'><img loading=\"lazy\" decoding=\"async\" width=\"170\" height=\"150\" src=\"https:\/\/www.amis-tico.eu\/de\/wp-content\/uploads\/sites\/3\/2019\/09\/Lilou-up-5.11-2-170x150.jpg\" class=\"attachment-thumbnail size-thumbnail\" alt=\"\" itemprop=\"thumbnail\" \/><\/a><\/div>\n\t\t\t\t\t<\/figure>\n\t\t\t\t\t<figure class='gallery-item col-3' itemprop='associatedMedia' itemscope itemtype='http:\/\/schema.org\/ImageObject'>\n\t\t\t\t\t\t<div class='gallery-icon landscape'><a href='https:\/\/www.amis-tico.eu\/de\/wp-content\/uploads\/sites\/3\/2019\/09\/Lilou-up-5.11-3-300x400.jpg' title='Lilou up 5.11 (3)'><img loading=\"lazy\" decoding=\"async\" width=\"170\" height=\"150\" src=\"https:\/\/www.amis-tico.eu\/de\/wp-content\/uploads\/sites\/3\/2019\/09\/Lilou-up-5.11-3-170x150.jpg\" class=\"attachment-thumbnail size-thumbnail\" alt=\"\" aria-describedby=\"figcaption-24001-24467\" itemprop=\"thumbnail\" \/><\/a><\/div>\n\t\t\t\t\t\t<figcaption id=\"figcaption-24001-24467\" class=\"gallery-caption\" itemprop=\"caption\">Lilou<\/figcaption>\n\t\t\t\t\t<\/figure>\n\t\t\t\t<\/div>\n\t\t\t<\/div><!-- .gallery -->\n\n<p>&nbsp;<\/p>\n<p><strong>Update, 10.12.2019<br \/>\n<\/strong><\/p>\n<p>Lilou ist vermittelt.<\/p>\n<p><strong>Update, 19.08.2020<\/strong><\/p>\n<p>Lilou schickt tierische Gr\u00fc\u00dfe. Sie hat sich sehr schnell eingelebt und ist mittlerweile auch eine gute Freundin f\u00fcr Minni.<\/p>\n\n\t\t\t<div id='24001-3' class='gallery gallery-24001 gallery-columns-3 gallery-size-thumbnail' itemscope itemtype='http:\/\/schema.org\/ImageGallery'>\n\t\t\t\t<div class='gallery-row gallery-col-3 gallery-clear'>\n\t\t\t\t\t<figure class='gallery-item col-3' itemprop='associatedMedia' itemscope itemtype='http:\/\/schema.org\/ImageObject'>\n\t\t\t\t\t\t<div class='gallery-icon landscape'><a href='https:\/\/www.amis-tico.eu\/de\/wp-content\/uploads\/sites\/3\/2019\/09\/Lilou-zuhause-19.08.-533x400.jpg' title='Lilou zuhause 19.08.'><img loading=\"lazy\" decoding=\"async\" width=\"170\" height=\"150\" src=\"https:\/\/www.amis-tico.eu\/de\/wp-content\/uploads\/sites\/3\/2019\/09\/Lilou-zuhause-19.08.-170x150.jpg\" class=\"attachment-thumbnail size-thumbnail\" alt=\"\" aria-describedby=\"figcaption-24001-26812\" itemprop=\"thumbnail\" \/><\/a><\/div>\n\t\t\t\t\t\t<figcaption id=\"figcaption-24001-26812\" class=\"gallery-caption\" itemprop=\"caption\">Lilou<\/figcaption>\n\t\t\t\t\t<\/figure>\n\t\t\t<\/div>\n\t\t\t<\/div><!-- .gallery -->\n\n<p>&nbsp;<\/p>\n","protected":false},"excerpt":{"rendered":"<p>Name: Lilou geb.: 2011 Geschlecht: weiblich<\/p>\n","protected":false},"author":7,"featured_media":24278,"comment_status":"open","ping_status":"open","sticky":false,"template":"","format":"standard","meta":{"footnotes":""},"categories":[232],"tags":[],"class_list":["post-24001","post","type-post","status-publish","format-standard","has-post-thumbnail","hentry","category-vermittelt-2019"],"_links":{"self":[{"href":"https:\/\/www.amis-tico.eu\/de\/wp-json\/wp\/v2\/posts\/24001","targetHints":{"allow":["GET"]}}],"collection":[{"href":"https:\/\/www.amis-tico.eu\/de\/wp-json\/wp\/v2\/posts"}],"about":[{"href":"https:\/\/www.amis-tico.eu\/de\/wp-json\/wp\/v2\/types\/post"}],"author":[{"embeddable":true,"href":"https:\/\/www.amis-tico.eu\/de\/wp-json\/wp\/v2\/users\/7"}],"replies":[{"embeddable":true,"href":"https:\/\/www.amis-tico.eu\/de\/wp-json\/wp\/v2\/comments?post=24001"}],"version-history":[{"count":5,"href":"https:\/\/www.amis-tico.eu\/de\/wp-json\/wp\/v2\/posts\/24001\/revisions"}],"predecessor-version":[{"id":26813,"href":"https:\/\/www.amis-tico.eu\/de\/wp-json\/wp\/v2\/posts\/24001\/revisions\/26813"}],"wp:featuredmedia":[{"embeddable":true,"href":"https:\/\/www.amis-tico.eu\/de\/wp-json\/wp\/v2\/media\/24278"}],"wp:attachment":[{"href":"https:\/\/www.amis-tico.eu\/de\/wp-json\/wp\/v2\/media?parent=24001"}],"wp:term":[{"taxonomy":"category","embeddable":true,"href":"https:\/\/www.amis-tico.eu\/de\/wp-json\/wp\/v2\/categories?post=24001"},{"taxonomy":"post_tag","embeddable":true,"href":"https:\/\/www.amis-tico.eu\/de\/wp-json\/wp\/v2\/tags?post=24001"}],"curies":[{"name":"wp","href":"https:\/\/api.w.org\/{rel}","templated":true}]}}