{"id":24494,"date":"2019-11-12T13:51:55","date_gmt":"2019-11-12T12:51:55","guid":{"rendered":"https:\/\/www.amis-tico.eu\/de\/?p=24494"},"modified":"2020-10-20T15:14:00","modified_gmt":"2020-10-20T13:14:00","slug":"tequila-2","status":"publish","type":"post","link":"https:\/\/www.amis-tico.eu\/de\/2019\/tequila-2\/","title":{"rendered":"Tequila"},"content":{"rendered":"<p>Name: Tequila<br \/>\ngeb.: 2017<br \/>\nGeschlecht: weiblich<\/p>\n<p><!--more--><\/p>\n<p><strong>Patin: Regina Vogler<\/strong><\/p>\n<p><img loading=\"lazy\" decoding=\"async\" class=\"alignnone wp-image-24495\" src=\"https:\/\/www.amis-tico.eu\/de\/wp-content\/uploads\/sites\/3\/2019\/11\/Tequila-1-533x400.jpg\" alt=\"\" width=\"304\" height=\"228\" srcset=\"https:\/\/www.amis-tico.eu\/de\/wp-content\/uploads\/sites\/3\/2019\/11\/Tequila-1-533x400.jpg 533w, https:\/\/www.amis-tico.eu\/de\/wp-content\/uploads\/sites\/3\/2019\/11\/Tequila-1-624x468.jpg 624w, https:\/\/www.amis-tico.eu\/de\/wp-content\/uploads\/sites\/3\/2019\/11\/Tequila-1.jpg 700w\" sizes=\"auto, (max-width: 304px) 100vw, 304px\" \/><\/p>\n<p>&#8222;Tequila ist mein Name und ich bin, wie so viele andere hier, noch zur\u00fcckhaltend.\u00a0Aber auch wir haben die Chance verdient, adoptiert zu werden und in einem liebevollen Zuhause zu zeigen, wie wir nach und nach Vertrauen fassen. Deshalb Besuch mich doch und dann werden wir weiter sehen&#8230;&#8220;<\/p>\n<p><strong>Update, 08.01.2020<\/strong><\/p>\n<p>Auch Tequila ist noch \u00e4ngstlich. Aber auch sie ist, wie alle \u00e4ngstlichen Katzen sehr sozial. Es w\u00e4re sch\u00f6n, wenn sie bald ein Zuhause mit netter Katzengesellschaft finden w\u00fcrde.<\/p>\n\n\t\t\t<div id='24494-1' class='gallery gallery-24494 gallery-columns-3 gallery-size-thumbnail' itemscope itemtype='http:\/\/schema.org\/ImageGallery'>\n\t\t\t\t<div class='gallery-row gallery-col-3 gallery-clear'>\n\t\t\t\t\t<figure class='gallery-item col-3' itemprop='associatedMedia' itemscope itemtype='http:\/\/schema.org\/ImageObject'>\n\t\t\t\t\t\t<div class='gallery-icon landscape'><a href='https:\/\/www.amis-tico.eu\/de\/wp-content\/uploads\/sites\/3\/2019\/11\/Tequila-up-08.01.-533x400.jpg' title='Tequila up 08.01.'><img loading=\"lazy\" decoding=\"async\" width=\"170\" height=\"150\" src=\"https:\/\/www.amis-tico.eu\/de\/wp-content\/uploads\/sites\/3\/2019\/11\/Tequila-up-08.01.-170x150.jpg\" class=\"attachment-thumbnail size-thumbnail\" alt=\"\" aria-describedby=\"figcaption-24494-25072\" itemprop=\"thumbnail\" \/><\/a><\/div>\n\t\t\t\t\t\t<figcaption id=\"figcaption-24494-25072\" class=\"gallery-caption\" itemprop=\"caption\">Tequila<\/figcaption>\n\t\t\t\t\t<\/figure>\n\t\t\t<\/div>\n\t\t\t<\/div><!-- .gallery -->\n\n<p>&nbsp;<\/p>\n<p><strong>Update, 29.06.2020<\/strong><\/p>\n<p>Tequila wartet und wartet&#8230;Sie ben\u00f6tigt ein verst\u00e4ndnisvolles Zuhause, wo sie die n\u00f6tige Zeit zur Eingew\u00f6hnung bekommt, unbedingt mit Katzengesellschaft. Vergesst Tequila bitte nicht.<\/p>\n\n\t\t\t<div id='24494-2' class='gallery gallery-24494 gallery-columns-3 gallery-size-thumbnail' itemscope itemtype='http:\/\/schema.org\/ImageGallery'>\n\t\t\t\t<div class='gallery-row gallery-col-3 gallery-clear'>\n\t\t\t\t\t<figure class='gallery-item col-3' itemprop='associatedMedia' itemscope itemtype='http:\/\/schema.org\/ImageObject'>\n\t\t\t\t\t\t<div class='gallery-icon landscape'><a href='https:\/\/www.amis-tico.eu\/de\/wp-content\/uploads\/sites\/3\/2019\/11\/Tequila-up-29.06-1.jpg' title='Tequila up 29.06 (1)'><img loading=\"lazy\" decoding=\"async\" width=\"170\" height=\"150\" src=\"https:\/\/www.amis-tico.eu\/de\/wp-content\/uploads\/sites\/3\/2019\/11\/Tequila-up-29.06-1-170x150.jpg\" class=\"attachment-thumbnail size-thumbnail\" alt=\"\" aria-describedby=\"figcaption-24494-26284\" itemprop=\"thumbnail\" \/><\/a><\/div>\n\t\t\t\t\t\t<figcaption id=\"figcaption-24494-26284\" class=\"gallery-caption\" itemprop=\"caption\">Tequila<\/figcaption>\n\t\t\t\t\t<\/figure>\n\t\t\t\t\t<figure class='gallery-item col-3' itemprop='associatedMedia' itemscope itemtype='http:\/\/schema.org\/ImageObject'>\n\t\t\t\t\t\t<div class='gallery-icon landscape'><a href='https:\/\/www.amis-tico.eu\/de\/wp-content\/uploads\/sites\/3\/2019\/11\/Tequila-up-29.06-2-533x400.jpg' title='Tequila up 29.06 (2)'><img loading=\"lazy\" decoding=\"async\" width=\"170\" height=\"150\" src=\"https:\/\/www.amis-tico.eu\/de\/wp-content\/uploads\/sites\/3\/2019\/11\/Tequila-up-29.06-2-170x150.jpg\" class=\"attachment-thumbnail size-thumbnail\" alt=\"\" itemprop=\"thumbnail\" \/><\/a><\/div>\n\t\t\t\t\t<\/figure>\n\t\t\t<\/div>\n\t\t\t<\/div><!-- .gallery -->\n\n<p>&nbsp;<\/p>\n<p><strong>Update, 06.10.2020<\/strong><\/p>\n<p>Tequila, ein Jahr im Tierheim &#8211; keine einzige Anfrage. Wo sind die Menschen mit dem gro\u00dfen Herzen. Auch sie macht Fortschritte, sie versteckt sich nicht mehr dauernd ,sondern bleibt auch mal sitzen, wenn man sich n\u00e4hert. Vergesst Tequila bitte nicht.<\/p>\n\n\t\t\t<div id='24494-3' class='gallery gallery-24494 gallery-columns-3 gallery-size-thumbnail' itemscope itemtype='http:\/\/schema.org\/ImageGallery'>\n\t\t\t\t<div class='gallery-row gallery-col-3 gallery-clear'>\n\t\t\t\t\t<figure class='gallery-item col-3' itemprop='associatedMedia' itemscope itemtype='http:\/\/schema.org\/ImageObject'>\n\t\t\t\t\t\t<div class='gallery-icon landscape'><a href='https:\/\/www.amis-tico.eu\/de\/wp-content\/uploads\/sites\/3\/2019\/11\/Tequila-up-06.10.-300x400.jpg' title='Tequila up 06.10.'><img loading=\"lazy\" decoding=\"async\" width=\"170\" height=\"150\" src=\"https:\/\/www.amis-tico.eu\/de\/wp-content\/uploads\/sites\/3\/2019\/11\/Tequila-up-06.10.-170x150.jpg\" class=\"attachment-thumbnail size-thumbnail\" alt=\"\" aria-describedby=\"figcaption-24494-27219\" itemprop=\"thumbnail\" \/><\/a><\/div>\n\t\t\t\t\t\t<figcaption id=\"figcaption-24494-27219\" class=\"gallery-caption\" itemprop=\"caption\">Tequila<\/figcaption>\n\t\t\t\t\t<\/figure>\n\t\t\t<\/div>\n\t\t\t<\/div><!-- .gallery -->\n\n<p>&nbsp;<\/p>\n<p><strong>Update, 20.10.2020\u00a0\u00a0 Sorgenkind Tequila ist vermittelt.<\/strong><\/p>\n<p>&nbsp;<\/p>\n","protected":false},"excerpt":{"rendered":"<p>Name: Tequila geb.: 2017 Geschlecht: weiblich<\/p>\n","protected":false},"author":7,"featured_media":24496,"comment_status":"open","ping_status":"open","sticky":false,"template":"","format":"standard","meta":{"footnotes":""},"categories":[248],"tags":[],"class_list":["post-24494","post","type-post","status-publish","format-standard","has-post-thumbnail","hentry","category-vermittelt-2020"],"_links":{"self":[{"href":"https:\/\/www.amis-tico.eu\/de\/wp-json\/wp\/v2\/posts\/24494","targetHints":{"allow":["GET"]}}],"collection":[{"href":"https:\/\/www.amis-tico.eu\/de\/wp-json\/wp\/v2\/posts"}],"about":[{"href":"https:\/\/www.amis-tico.eu\/de\/wp-json\/wp\/v2\/types\/post"}],"author":[{"embeddable":true,"href":"https:\/\/www.amis-tico.eu\/de\/wp-json\/wp\/v2\/users\/7"}],"replies":[{"embeddable":true,"href":"https:\/\/www.amis-tico.eu\/de\/wp-json\/wp\/v2\/comments?post=24494"}],"version-history":[{"count":5,"href":"https:\/\/www.amis-tico.eu\/de\/wp-json\/wp\/v2\/posts\/24494\/revisions"}],"predecessor-version":[{"id":27407,"href":"https:\/\/www.amis-tico.eu\/de\/wp-json\/wp\/v2\/posts\/24494\/revisions\/27407"}],"wp:featuredmedia":[{"embeddable":true,"href":"https:\/\/www.amis-tico.eu\/de\/wp-json\/wp\/v2\/media\/24496"}],"wp:attachment":[{"href":"https:\/\/www.amis-tico.eu\/de\/wp-json\/wp\/v2\/media?parent=24494"}],"wp:term":[{"taxonomy":"category","embeddable":true,"href":"https:\/\/www.amis-tico.eu\/de\/wp-json\/wp\/v2\/categories?post=24494"},{"taxonomy":"post_tag","embeddable":true,"href":"https:\/\/www.amis-tico.eu\/de\/wp-json\/wp\/v2\/tags?post=24494"}],"curies":[{"name":"wp","href":"https:\/\/api.w.org\/{rel}","templated":true}]}}