{"id":25127,"date":"2020-01-14T14:56:28","date_gmt":"2020-01-14T13:56:28","guid":{"rendered":"https:\/\/www.amis-tico.eu\/de\/?p=25127"},"modified":"2020-03-03T14:36:47","modified_gmt":"2020-03-03T13:36:47","slug":"etna","status":"publish","type":"post","link":"https:\/\/www.amis-tico.eu\/de\/2020\/etna\/","title":{"rendered":"Etna"},"content":{"rendered":"<p>Name: Etna<br \/>\ngeb.: 15.07.2019<br \/>\nGeschlecht: weiblich<\/p>\n<p><!--more--><\/p>\n<p>&nbsp;<\/p>\n<p><img loading=\"lazy\" decoding=\"async\" class=\"alignnone wp-image-25128\" src=\"https:\/\/www.amis-tico.eu\/de\/wp-content\/uploads\/sites\/3\/2020\/01\/Etna-1-300x400.jpg\" alt=\"\" width=\"230\" height=\"307\" srcset=\"https:\/\/www.amis-tico.eu\/de\/wp-content\/uploads\/sites\/3\/2020\/01\/Etna-1-300x400.jpg 300w, https:\/\/www.amis-tico.eu\/de\/wp-content\/uploads\/sites\/3\/2020\/01\/Etna-1-624x832.jpg 624w, https:\/\/www.amis-tico.eu\/de\/wp-content\/uploads\/sites\/3\/2020\/01\/Etna-1.jpg 675w\" sizes=\"auto, (max-width: 230px) 100vw, 230px\" \/><\/p>\n<p>Eine liebe, h\u00fcbsche und vertr\u00e4gliche K\u00e4tzin. Sie lebt mit <a href=\"https:\/\/www.amis-tico.eu\/de\/2020\/canelle-3\/\">Canelle<\/a> auf einer Pflegestelle in der N\u00e4he von Colmar. Die beiden k\u00f6nnen auch getrennt vermittelt werden. Sch\u00f6n w\u00e4re ein Zuhause mit Freigang.<\/p>\n<p><strong>Update, 03.03.2020<\/strong><\/p>\n<p>Etna ist vermittelt.<\/p>\n<p>&nbsp;<\/p>\n","protected":false},"excerpt":{"rendered":"<p>Name: Etna geb.: 15.07.2019 Geschlecht: weiblich<\/p>\n","protected":false},"author":7,"featured_media":25129,"comment_status":"open","ping_status":"open","sticky":false,"template":"","format":"standard","meta":{"footnotes":""},"categories":[248],"tags":[],"class_list":["post-25127","post","type-post","status-publish","format-standard","has-post-thumbnail","hentry","category-vermittelt-2020"],"_links":{"self":[{"href":"https:\/\/www.amis-tico.eu\/de\/wp-json\/wp\/v2\/posts\/25127","targetHints":{"allow":["GET"]}}],"collection":[{"href":"https:\/\/www.amis-tico.eu\/de\/wp-json\/wp\/v2\/posts"}],"about":[{"href":"https:\/\/www.amis-tico.eu\/de\/wp-json\/wp\/v2\/types\/post"}],"author":[{"embeddable":true,"href":"https:\/\/www.amis-tico.eu\/de\/wp-json\/wp\/v2\/users\/7"}],"replies":[{"embeddable":true,"href":"https:\/\/www.amis-tico.eu\/de\/wp-json\/wp\/v2\/comments?post=25127"}],"version-history":[{"count":3,"href":"https:\/\/www.amis-tico.eu\/de\/wp-json\/wp\/v2\/posts\/25127\/revisions"}],"predecessor-version":[{"id":25552,"href":"https:\/\/www.amis-tico.eu\/de\/wp-json\/wp\/v2\/posts\/25127\/revisions\/25552"}],"wp:featuredmedia":[{"embeddable":true,"href":"https:\/\/www.amis-tico.eu\/de\/wp-json\/wp\/v2\/media\/25129"}],"wp:attachment":[{"href":"https:\/\/www.amis-tico.eu\/de\/wp-json\/wp\/v2\/media?parent=25127"}],"wp:term":[{"taxonomy":"category","embeddable":true,"href":"https:\/\/www.amis-tico.eu\/de\/wp-json\/wp\/v2\/categories?post=25127"},{"taxonomy":"post_tag","embeddable":true,"href":"https:\/\/www.amis-tico.eu\/de\/wp-json\/wp\/v2\/tags?post=25127"}],"curies":[{"name":"wp","href":"https:\/\/api.w.org\/{rel}","templated":true}]}}