{"id":26369,"date":"2020-07-07T16:03:20","date_gmt":"2020-07-07T14:03:20","guid":{"rendered":"https:\/\/www.amis-tico.eu\/de\/?p=26369"},"modified":"2020-08-04T18:13:36","modified_gmt":"2020-08-04T16:13:36","slug":"blacky-3","status":"publish","type":"post","link":"https:\/\/www.amis-tico.eu\/de\/2020\/blacky-3\/","title":{"rendered":"Blacky"},"content":{"rendered":"<p>Name<strong>: <\/strong>Blacky <a href=\"https:\/\/www.amis-tico.eu\/de\/category\/was-ist-fiv\/\"><strong>FIV+<\/strong><\/a><br \/>\ngeb. 2010<br \/>\nGeschlecht: m\u00e4nnlich<\/p>\n<p><!--more--><\/p>\n<p>&nbsp;<\/p>\n<p><img loading=\"lazy\" decoding=\"async\" class=\"alignnone wp-image-26370\" src=\"https:\/\/www.amis-tico.eu\/de\/wp-content\/uploads\/sites\/3\/2020\/07\/Blacky-07.07-1-400x400.jpg\" alt=\"\" width=\"315\" height=\"315\" srcset=\"https:\/\/www.amis-tico.eu\/de\/wp-content\/uploads\/sites\/3\/2020\/07\/Blacky-07.07-1-400x400.jpg 400w, https:\/\/www.amis-tico.eu\/de\/wp-content\/uploads\/sites\/3\/2020\/07\/Blacky-07.07-1-624x624.jpg 624w, https:\/\/www.amis-tico.eu\/de\/wp-content\/uploads\/sites\/3\/2020\/07\/Blacky-07.07-1.jpg 708w\" sizes=\"auto, (max-width: 315px) 100vw, 315px\" \/><\/p>\n<p>Blacky ist ein ruhiger Kater. Er kommt nicht auf einen zu, sondern zieht sich eher zur\u00fcck. Streicheln l\u00e4sst er sich aber problemlos. Blacky ist vertr\u00e4glich und auf der Suche nach einem Zuhause in Wohnungshaltung mit gesichertem Balkon.<\/p>\n\n\t\t\t<div id='26369-1' class='gallery gallery-26369 gallery-columns-3 gallery-size-thumbnail' itemscope itemtype='http:\/\/schema.org\/ImageGallery'>\n\t\t\t\t<div class='gallery-row gallery-col-3 gallery-clear'>\n\t\t\t\t\t<figure class='gallery-item col-3' itemprop='associatedMedia' itemscope itemtype='http:\/\/schema.org\/ImageObject'>\n\t\t\t\t\t\t<div class='gallery-icon landscape'><a href='https:\/\/www.amis-tico.eu\/de\/wp-content\/uploads\/sites\/3\/2020\/07\/Blacky-07.07-3-300x400.jpg' title='Blacky 07.07 (3)'><img loading=\"lazy\" decoding=\"async\" width=\"170\" height=\"150\" src=\"https:\/\/www.amis-tico.eu\/de\/wp-content\/uploads\/sites\/3\/2020\/07\/Blacky-07.07-3-170x150.jpg\" class=\"attachment-thumbnail size-thumbnail\" alt=\"\" itemprop=\"thumbnail\" \/><\/a><\/div>\n\t\t\t\t\t<\/figure>\n\t\t\t\t\t<figure class='gallery-item col-3' itemprop='associatedMedia' itemscope itemtype='http:\/\/schema.org\/ImageObject'>\n\t\t\t\t\t\t<div class='gallery-icon landscape'><a href='https:\/\/www.amis-tico.eu\/de\/wp-content\/uploads\/sites\/3\/2020\/07\/Blacky-07.07-2-300x400.jpg' title='Blacky 07.07 (2)'><img loading=\"lazy\" decoding=\"async\" width=\"170\" height=\"150\" src=\"https:\/\/www.amis-tico.eu\/de\/wp-content\/uploads\/sites\/3\/2020\/07\/Blacky-07.07-2-170x150.jpg\" class=\"attachment-thumbnail size-thumbnail\" alt=\"\" itemprop=\"thumbnail\" \/><\/a><\/div>\n\t\t\t\t\t<\/figure>\n\t\t\t<\/div>\n\t\t\t<\/div><!-- .gallery -->\n\n<p>&nbsp;<\/p>\n<p>&nbsp;<\/p>\n<p><a href=\"https:\/\/www.amis-tico.eu\/de\/2020\/gute-reise-lieber-blacky\/\"><strong>Abschied<\/strong><\/a><\/p>\n<p>&nbsp;<\/p>\n","protected":false},"excerpt":{"rendered":"<p>Name: Blacky FIV+ geb. 2010 Geschlecht: m\u00e4nnlich<\/p>\n","protected":false},"author":7,"featured_media":26373,"comment_status":"open","ping_status":"open","sticky":false,"template":"","format":"standard","meta":{"footnotes":""},"categories":[165],"tags":[],"class_list":["post-26369","post","type-post","status-publish","format-standard","has-post-thumbnail","hentry","category-abschied-link"],"_links":{"self":[{"href":"https:\/\/www.amis-tico.eu\/de\/wp-json\/wp\/v2\/posts\/26369","targetHints":{"allow":["GET"]}}],"collection":[{"href":"https:\/\/www.amis-tico.eu\/de\/wp-json\/wp\/v2\/posts"}],"about":[{"href":"https:\/\/www.amis-tico.eu\/de\/wp-json\/wp\/v2\/types\/post"}],"author":[{"embeddable":true,"href":"https:\/\/www.amis-tico.eu\/de\/wp-json\/wp\/v2\/users\/7"}],"replies":[{"embeddable":true,"href":"https:\/\/www.amis-tico.eu\/de\/wp-json\/wp\/v2\/comments?post=26369"}],"version-history":[{"count":1,"href":"https:\/\/www.amis-tico.eu\/de\/wp-json\/wp\/v2\/posts\/26369\/revisions"}],"predecessor-version":[{"id":26676,"href":"https:\/\/www.amis-tico.eu\/de\/wp-json\/wp\/v2\/posts\/26369\/revisions\/26676"}],"wp:featuredmedia":[{"embeddable":true,"href":"https:\/\/www.amis-tico.eu\/de\/wp-json\/wp\/v2\/media\/26373"}],"wp:attachment":[{"href":"https:\/\/www.amis-tico.eu\/de\/wp-json\/wp\/v2\/media?parent=26369"}],"wp:term":[{"taxonomy":"category","embeddable":true,"href":"https:\/\/www.amis-tico.eu\/de\/wp-json\/wp\/v2\/categories?post=26369"},{"taxonomy":"post_tag","embeddable":true,"href":"https:\/\/www.amis-tico.eu\/de\/wp-json\/wp\/v2\/tags?post=26369"}],"curies":[{"name":"wp","href":"https:\/\/api.w.org\/{rel}","templated":true}]}}