{"id":29374,"date":"2021-06-22T19:09:24","date_gmt":"2021-06-22T17:09:24","guid":{"rendered":"https:\/\/www.amis-tico.eu\/de\/?p=29374"},"modified":"2021-06-29T14:49:39","modified_gmt":"2021-06-29T12:49:39","slug":"tal","status":"publish","type":"post","link":"https:\/\/www.amis-tico.eu\/de\/2021\/tal\/","title":{"rendered":"Tal"},"content":{"rendered":"<p><strong>Name:\u00a0<\/strong>Tal<br \/>\n<strong>Geschlecht:\u00a0<\/strong>weiblich<br \/>\n<strong>Geboren:<\/strong>\u00a006\/2019<\/p>\n<p><!--more--><\/p>\n<p>Tal ist eine liebe und verschmuste Katze.<\/p>\n<p>Zu ihren Artgenossen sucht sie keinen Kontakt.<\/p>\n<p>Wir w\u00fcnschen uns f\u00fcr Tal ein Zuhause mit der M\u00f6glichkeit zu sp\u00e4terem Freigang.<\/p>\n\n\t\t\t<div id='29374-1' class='gallery gallery-29374 gallery-columns-3 gallery-size-thumbnail' itemscope itemtype='http:\/\/schema.org\/ImageGallery'>\n\t\t\t\t<div class='gallery-row gallery-col-3 gallery-clear'>\n\t\t\t\t\t<figure class='gallery-item col-3' itemprop='associatedMedia' itemscope itemtype='http:\/\/schema.org\/ImageObject'>\n\t\t\t\t\t\t<div class='gallery-icon landscape'><a href='https:\/\/www.amis-tico.eu\/de\/wp-content\/uploads\/sites\/3\/2021\/06\/Tal-e1624381752273.jpg' title='Tal'><img loading=\"lazy\" decoding=\"async\" width=\"170\" height=\"150\" src=\"https:\/\/www.amis-tico.eu\/de\/wp-content\/uploads\/sites\/3\/2021\/06\/Tal-e1624381752273-170x150.jpg\" class=\"attachment-thumbnail size-thumbnail\" alt=\"\" itemprop=\"thumbnail\" \/><\/a><\/div>\n\t\t\t\t\t<\/figure>\n\t\t\t\t\t<figure class='gallery-item col-3' itemprop='associatedMedia' itemscope itemtype='http:\/\/schema.org\/ImageObject'>\n\t\t\t\t\t\t<div class='gallery-icon landscape'><a href='https:\/\/www.amis-tico.eu\/de\/wp-content\/uploads\/sites\/3\/2021\/06\/Tal_2-e1624381742216.jpg' title='Tal_2'><img loading=\"lazy\" decoding=\"async\" width=\"170\" height=\"150\" src=\"https:\/\/www.amis-tico.eu\/de\/wp-content\/uploads\/sites\/3\/2021\/06\/Tal_2-e1624381742216-170x150.jpg\" class=\"attachment-thumbnail size-thumbnail\" alt=\"\" itemprop=\"thumbnail\" \/><\/a><\/div>\n\t\t\t\t\t<\/figure>\n\t\t\t<\/div>\n\t\t\t<\/div><!-- .gallery -->\n\n<p>&nbsp;<\/p>\n","protected":false},"excerpt":{"rendered":"<p>Name:\u00a0Tal Geschlecht:\u00a0weiblich Geboren:\u00a006\/2019<\/p>\n","protected":false},"author":9,"featured_media":29376,"comment_status":"open","ping_status":"open","sticky":false,"template":"","format":"standard","meta":{"footnotes":""},"categories":[252],"tags":[],"class_list":["post-29374","post","type-post","status-publish","format-standard","has-post-thumbnail","hentry","category-vermittelt-2021"],"_links":{"self":[{"href":"https:\/\/www.amis-tico.eu\/de\/wp-json\/wp\/v2\/posts\/29374","targetHints":{"allow":["GET"]}}],"collection":[{"href":"https:\/\/www.amis-tico.eu\/de\/wp-json\/wp\/v2\/posts"}],"about":[{"href":"https:\/\/www.amis-tico.eu\/de\/wp-json\/wp\/v2\/types\/post"}],"author":[{"embeddable":true,"href":"https:\/\/www.amis-tico.eu\/de\/wp-json\/wp\/v2\/users\/9"}],"replies":[{"embeddable":true,"href":"https:\/\/www.amis-tico.eu\/de\/wp-json\/wp\/v2\/comments?post=29374"}],"version-history":[{"count":1,"href":"https:\/\/www.amis-tico.eu\/de\/wp-json\/wp\/v2\/posts\/29374\/revisions"}],"predecessor-version":[{"id":29377,"href":"https:\/\/www.amis-tico.eu\/de\/wp-json\/wp\/v2\/posts\/29374\/revisions\/29377"}],"wp:featuredmedia":[{"embeddable":true,"href":"https:\/\/www.amis-tico.eu\/de\/wp-json\/wp\/v2\/media\/29376"}],"wp:attachment":[{"href":"https:\/\/www.amis-tico.eu\/de\/wp-json\/wp\/v2\/media?parent=29374"}],"wp:term":[{"taxonomy":"category","embeddable":true,"href":"https:\/\/www.amis-tico.eu\/de\/wp-json\/wp\/v2\/categories?post=29374"},{"taxonomy":"post_tag","embeddable":true,"href":"https:\/\/www.amis-tico.eu\/de\/wp-json\/wp\/v2\/tags?post=29374"}],"curies":[{"name":"wp","href":"https:\/\/api.w.org\/{rel}","templated":true}]}}