{"id":29725,"date":"2021-07-30T19:10:49","date_gmt":"2021-07-30T17:10:49","guid":{"rendered":"https:\/\/www.amis-tico.eu\/de\/?p=29725"},"modified":"2022-11-03T13:11:30","modified_gmt":"2022-11-03T12:11:30","slug":"lynette","status":"publish","type":"post","link":"https:\/\/www.amis-tico.eu\/de\/2021\/lynette\/","title":{"rendered":"Lynette"},"content":{"rendered":"<p><strong>Name: <\/strong>Lynette<br \/>\n<strong>Geschlecht: <\/strong>weiblich<br \/>\n<strong>Geboren:<\/strong> ca. 6\/2020<\/p>\n<p><!--more--><\/p>\n<div><\/div>\n<p>Lynette wurde gefunden.<br \/>\nSie h\u00e4tte auf der Stra\u00dfe nicht \u00fcberleben k\u00f6nnen.<\/p>\n<p>Lynette ist blind und hat eine Ataxie.<\/p>\n<p>Sie ist eine sehr verschmuste Katze, eine ganz S\u00fc\u00dfe.<\/p>\n<p>Lynette ben\u00f6tigt ein ruhiges Zuhause, am besten bei Menschen die viel Zuhause sind und Zeit f\u00fcr sie haben.<\/p>\n\n\t\t\t<div id='29725-1' class='gallery gallery-29725 gallery-columns-3 gallery-size-thumbnail' itemscope itemtype='http:\/\/schema.org\/ImageGallery'>\n\t\t\t\t<div class='gallery-row gallery-col-3 gallery-clear'>\n\t\t\t\t\t<figure class='gallery-item col-3' itemprop='associatedMedia' itemscope itemtype='http:\/\/schema.org\/ImageObject'>\n\t\t\t\t\t\t<div class='gallery-icon landscape'><a href='https:\/\/www.amis-tico.eu\/de\/wp-content\/uploads\/sites\/3\/2021\/07\/lynette-e1627665043648.jpg' title='lynette'><img loading=\"lazy\" decoding=\"async\" width=\"170\" height=\"150\" src=\"https:\/\/www.amis-tico.eu\/de\/wp-content\/uploads\/sites\/3\/2021\/07\/lynette-e1627665043648-170x150.jpg\" class=\"attachment-thumbnail size-thumbnail\" alt=\"\" itemprop=\"thumbnail\" \/><\/a><\/div>\n\t\t\t\t\t<\/figure>\n\t\t\t<\/div>\n\t\t\t<\/div><!-- .gallery -->\n\n<p>&nbsp;<\/p>\n<p><strong>Update, 01.09.21<\/strong><\/p>\n<p>Lynette war einige Wochen reserviert und wurde nicht abgeholt.<br \/>\nNun ist sie erneut auf der Suche nach einem verantwortungsbewussten Zuhause.<br \/>\nLynette l\u00e4uft mittlerweile relativ gut, sie findet ihr Klo und auch ihren Napf nicht selbstst\u00e4ndig, da braucht sie Hilfe. Wir wissen, dass es schwer wird die geeigneten Menschen zu finden, aber es ist nicht unm\u00f6glich.<\/p>\n<p>Und Lynette selbst ist einfach nur lieb.<\/p>\n\n\t\t\t<div id='29725-2' class='gallery gallery-29725 gallery-columns-3 gallery-size-thumbnail' itemscope itemtype='http:\/\/schema.org\/ImageGallery'>\n\t\t\t\t<div class='gallery-row gallery-col-3 gallery-clear'>\n\t\t\t\t\t<figure class='gallery-item col-3' itemprop='associatedMedia' itemscope itemtype='http:\/\/schema.org\/ImageObject'>\n\t\t\t\t\t\t<div class='gallery-icon landscape'><a href='https:\/\/www.amis-tico.eu\/de\/wp-content\/uploads\/sites\/3\/2021\/07\/upd.-lynette-1-300x400.jpg' title='upd. lynette (1)'><img loading=\"lazy\" decoding=\"async\" width=\"170\" height=\"150\" src=\"https:\/\/www.amis-tico.eu\/de\/wp-content\/uploads\/sites\/3\/2021\/07\/upd.-lynette-1-170x150.jpg\" class=\"attachment-thumbnail size-thumbnail\" alt=\"\" aria-describedby=\"figcaption-29725-30095\" itemprop=\"thumbnail\" \/><\/a><\/div>\n\t\t\t\t\t\t<figcaption id=\"figcaption-29725-30095\" class=\"gallery-caption\" itemprop=\"caption\">Lynette<\/figcaption>\n\t\t\t\t\t<\/figure>\n\t\t\t\t\t<figure class='gallery-item col-3' itemprop='associatedMedia' itemscope itemtype='http:\/\/schema.org\/ImageObject'>\n\t\t\t\t\t\t<div class='gallery-icon landscape'><a href='https:\/\/www.amis-tico.eu\/de\/wp-content\/uploads\/sites\/3\/2021\/07\/upd.-lynette-2-300x400.jpg' title='upd. lynette (2)'><img loading=\"lazy\" decoding=\"async\" width=\"170\" height=\"150\" src=\"https:\/\/www.amis-tico.eu\/de\/wp-content\/uploads\/sites\/3\/2021\/07\/upd.-lynette-2-170x150.jpg\" class=\"attachment-thumbnail size-thumbnail\" alt=\"\" itemprop=\"thumbnail\" \/><\/a><\/div>\n\t\t\t\t\t<\/figure>\n\t\t\t\t\t<figure class='gallery-item col-3' itemprop='associatedMedia' itemscope itemtype='http:\/\/schema.org\/ImageObject'>\n\t\t\t\t\t\t<div class='gallery-icon landscape'><a href='https:\/\/www.amis-tico.eu\/de\/wp-content\/uploads\/sites\/3\/2021\/07\/upd.-lynette-3-343x400.jpg' title='upd. lynette (3)'><img loading=\"lazy\" decoding=\"async\" width=\"170\" height=\"150\" src=\"https:\/\/www.amis-tico.eu\/de\/wp-content\/uploads\/sites\/3\/2021\/07\/upd.-lynette-3-170x150.jpg\" class=\"attachment-thumbnail size-thumbnail\" alt=\"\" itemprop=\"thumbnail\" \/><\/a><\/div>\n\t\t\t\t\t<\/figure>\n\t\t\t\t<\/div>\n\t\t\t<\/div><!-- .gallery -->\n\n<p>&nbsp;<\/p>\n<p><strong>Update, 04.10.2021: vermittelt.<\/strong><\/p>\n<p><strong>Update aus dem neuen Zuhause, 16.06.2022:<\/strong><\/p>\n<p>Lynette schickt Gr\u00fc\u00dfe aus der Schweiz.<br \/>\nSie durfte in ein Zuhause ziehen, in dem noch weitere Katzen mit Handicap leben.<\/p>\n\n\t\t\t<div id='29725-3' class='gallery gallery-29725 gallery-columns-3 gallery-size-thumbnail' itemscope itemtype='http:\/\/schema.org\/ImageGallery'>\n\t\t\t\t<div class='gallery-row gallery-col-3 gallery-clear'>\n\t\t\t\t\t<figure class='gallery-item col-3' itemprop='associatedMedia' itemscope itemtype='http:\/\/schema.org\/ImageObject'>\n\t\t\t\t\t\t<div class='gallery-icon landscape'><a href='https:\/\/www.amis-tico.eu\/de\/wp-content\/uploads\/sites\/3\/2021\/07\/upd.-lynette-534x400.jpg' title='upd. lynette'><img loading=\"lazy\" decoding=\"async\" width=\"170\" height=\"150\" src=\"https:\/\/www.amis-tico.eu\/de\/wp-content\/uploads\/sites\/3\/2021\/07\/upd.-lynette-170x150.jpg\" class=\"attachment-thumbnail size-thumbnail\" alt=\"\" itemprop=\"thumbnail\" \/><\/a><\/div>\n\t\t\t\t\t<\/figure>\n\t\t\t<\/div>\n\t\t\t<\/div><!-- .gallery -->\n\n<p>&nbsp;<\/p>\n<p><strong>Update aus dem neuen Zuhause, 03.11.2022:<\/strong><\/p>\n<p>Mynette sendet gr\u00fc\u00dfe. Sie hat einen tollen Platz gefunden, wo man sich mit Handicap-Katzen bestens auskennt.<\/p>\n\n\t\t\t<div id='29725-4' class='gallery gallery-29725 gallery-columns-3 gallery-size-thumbnail' itemscope itemtype='http:\/\/schema.org\/ImageGallery'>\n\t\t\t\t<div class='gallery-row gallery-col-3 gallery-clear'>\n\t\t\t\t\t<figure class='gallery-item col-3' itemprop='associatedMedia' itemscope itemtype='http:\/\/schema.org\/ImageObject'>\n\t\t\t\t\t\t<div class='gallery-icon landscape'><a href='https:\/\/www.amis-tico.eu\/de\/wp-content\/uploads\/sites\/3\/2021\/07\/lynette-upd-300x400.jpg' title='lynette upd'><img loading=\"lazy\" decoding=\"async\" width=\"170\" height=\"150\" src=\"https:\/\/www.amis-tico.eu\/de\/wp-content\/uploads\/sites\/3\/2021\/07\/lynette-upd-170x150.jpg\" class=\"attachment-thumbnail size-thumbnail\" alt=\"\" aria-describedby=\"figcaption-29725-32642\" itemprop=\"thumbnail\" \/><\/a><\/div>\n\t\t\t\t\t\t<figcaption id=\"figcaption-29725-32642\" class=\"gallery-caption\" itemprop=\"caption\">Mynette<\/figcaption>\n\t\t\t\t\t<\/figure>\n\t\t\t<\/div>\n\t\t\t<\/div><!-- .gallery -->\n\n<p>&nbsp;<\/p>\n","protected":false},"excerpt":{"rendered":"<p>Name: Lynette Geschlecht: weiblich Geboren: ca. 6\/2020<\/p>\n","protected":false},"author":9,"featured_media":29726,"comment_status":"open","ping_status":"open","sticky":false,"template":"","format":"standard","meta":{"footnotes":""},"categories":[252],"tags":[],"class_list":["post-29725","post","type-post","status-publish","format-standard","has-post-thumbnail","hentry","category-vermittelt-2021"],"_links":{"self":[{"href":"https:\/\/www.amis-tico.eu\/de\/wp-json\/wp\/v2\/posts\/29725","targetHints":{"allow":["GET"]}}],"collection":[{"href":"https:\/\/www.amis-tico.eu\/de\/wp-json\/wp\/v2\/posts"}],"about":[{"href":"https:\/\/www.amis-tico.eu\/de\/wp-json\/wp\/v2\/types\/post"}],"author":[{"embeddable":true,"href":"https:\/\/www.amis-tico.eu\/de\/wp-json\/wp\/v2\/users\/9"}],"replies":[{"embeddable":true,"href":"https:\/\/www.amis-tico.eu\/de\/wp-json\/wp\/v2\/comments?post=29725"}],"version-history":[{"count":5,"href":"https:\/\/www.amis-tico.eu\/de\/wp-json\/wp\/v2\/posts\/29725\/revisions"}],"predecessor-version":[{"id":32643,"href":"https:\/\/www.amis-tico.eu\/de\/wp-json\/wp\/v2\/posts\/29725\/revisions\/32643"}],"wp:featuredmedia":[{"embeddable":true,"href":"https:\/\/www.amis-tico.eu\/de\/wp-json\/wp\/v2\/media\/29726"}],"wp:attachment":[{"href":"https:\/\/www.amis-tico.eu\/de\/wp-json\/wp\/v2\/media?parent=29725"}],"wp:term":[{"taxonomy":"category","embeddable":true,"href":"https:\/\/www.amis-tico.eu\/de\/wp-json\/wp\/v2\/categories?post=29725"},{"taxonomy":"post_tag","embeddable":true,"href":"https:\/\/www.amis-tico.eu\/de\/wp-json\/wp\/v2\/tags?post=29725"}],"curies":[{"name":"wp","href":"https:\/\/api.w.org\/{rel}","templated":true}]}}