{"id":29728,"date":"2021-07-30T19:12:48","date_gmt":"2021-07-30T17:12:48","guid":{"rendered":"https:\/\/www.amis-tico.eu\/de\/?p=29728"},"modified":"2021-10-04T13:48:30","modified_gmt":"2021-10-04T11:48:30","slug":"alka","status":"publish","type":"post","link":"https:\/\/www.amis-tico.eu\/de\/2021\/alka\/","title":{"rendered":"Alka"},"content":{"rendered":"<p><strong>Name: <\/strong>Alka<br \/>\n<strong>Geschlecht: <\/strong>weiblich<br \/>\n<strong>Geboren:<\/strong>\u00a001\/2020<\/p>\n<p><!--more--><\/p>\n<p>Alka ist eine Fundkatze und noch sehr sch\u00fcchtern im Tierheim.<\/p>\n<p>Sie zieht sich meist zur\u00fcck und beobachtet aus sicherer Entfernung.<\/p>\n<p>Sie sucht ein geduldiges Zuhause, wo sie nicht bedr\u00e4ngt wird.<\/p>\n\n\t\t\t<div id='29728-1' class='gallery gallery-29728 gallery-columns-3 gallery-size-thumbnail' itemscope itemtype='http:\/\/schema.org\/ImageGallery'>\n\t\t\t\t<div class='gallery-row gallery-col-3 gallery-clear'>\n\t\t\t\t\t<figure class='gallery-item col-3' itemprop='associatedMedia' itemscope itemtype='http:\/\/schema.org\/ImageObject'>\n\t\t\t\t\t\t<div class='gallery-icon landscape'><a href='https:\/\/www.amis-tico.eu\/de\/wp-content\/uploads\/sites\/3\/2021\/07\/Alka.jpg' title='Alka'><img loading=\"lazy\" decoding=\"async\" width=\"170\" height=\"150\" src=\"https:\/\/www.amis-tico.eu\/de\/wp-content\/uploads\/sites\/3\/2021\/07\/Alka-170x150.jpg\" class=\"attachment-thumbnail size-thumbnail\" alt=\"\" itemprop=\"thumbnail\" \/><\/a><\/div>\n\t\t\t\t\t<\/figure>\n\t\t\t\t\t<figure class='gallery-item col-3' itemprop='associatedMedia' itemscope itemtype='http:\/\/schema.org\/ImageObject'>\n\t\t\t\t\t\t<div class='gallery-icon landscape'><a href='https:\/\/www.amis-tico.eu\/de\/wp-content\/uploads\/sites\/3\/2021\/07\/Alka_2.jpg' title='Alka_2'><img loading=\"lazy\" decoding=\"async\" width=\"170\" height=\"150\" src=\"https:\/\/www.amis-tico.eu\/de\/wp-content\/uploads\/sites\/3\/2021\/07\/Alka_2-170x150.jpg\" class=\"attachment-thumbnail size-thumbnail\" alt=\"\" itemprop=\"thumbnail\" \/><\/a><\/div>\n\t\t\t\t\t<\/figure>\n\t\t\t<\/div>\n\t\t\t<\/div><!-- .gallery -->\n\n<p>&nbsp;<\/p>\n<p><del><strong>Update 18.08.2021: vermittelt.<\/strong><\/del><\/p>\n<p><strong>Update, 01.09.21<\/strong><\/p>\n<p>Alka ist zur\u00fcck im Tierheim&#8230;Sie w\u00e4re aggressiv.<br \/>\nWir k\u00f6nnen das nicht best\u00e4tigen, uns gegen\u00fcber hat sie sich noch nie aggressiv gezeigt.<\/p>\n<p>Sie ist sch\u00fcchtern und braucht ein verst\u00e4ndnisvolles Zuhause.<\/p>\n\n\t\t\t<div id='29728-2' class='gallery gallery-29728 gallery-columns-3 gallery-size-thumbnail' itemscope itemtype='http:\/\/schema.org\/ImageGallery'>\n\t\t\t\t<div class='gallery-row gallery-col-3 gallery-clear'>\n\t\t\t\t\t<figure class='gallery-item col-3' itemprop='associatedMedia' itemscope itemtype='http:\/\/schema.org\/ImageObject'>\n\t\t\t\t\t\t<div class='gallery-icon landscape'><a href='https:\/\/www.amis-tico.eu\/de\/wp-content\/uploads\/sites\/3\/2021\/07\/20210828_151105-300x400.jpg' title='20210828_151105'><img loading=\"lazy\" decoding=\"async\" width=\"170\" height=\"150\" src=\"https:\/\/www.amis-tico.eu\/de\/wp-content\/uploads\/sites\/3\/2021\/07\/20210828_151105-170x150.jpg\" class=\"attachment-thumbnail size-thumbnail\" alt=\"\" itemprop=\"thumbnail\" \/><\/a><\/div>\n\t\t\t\t\t<\/figure>\n\t\t\t\t\t<figure class='gallery-item col-3' itemprop='associatedMedia' itemscope itemtype='http:\/\/schema.org\/ImageObject'>\n\t\t\t\t\t\t<div class='gallery-icon landscape'><a href='https:\/\/www.amis-tico.eu\/de\/wp-content\/uploads\/sites\/3\/2021\/07\/20210828_151110-300x400.jpg' title='upd. Alka'><img loading=\"lazy\" decoding=\"async\" width=\"170\" height=\"150\" src=\"https:\/\/www.amis-tico.eu\/de\/wp-content\/uploads\/sites\/3\/2021\/07\/20210828_151110-170x150.jpg\" class=\"attachment-thumbnail size-thumbnail\" alt=\"\" aria-describedby=\"figcaption-29728-30085\" itemprop=\"thumbnail\" \/><\/a><\/div>\n\t\t\t\t\t\t<figcaption id=\"figcaption-29728-30085\" class=\"gallery-caption\" itemprop=\"caption\">Alka<\/figcaption>\n\t\t\t\t\t<\/figure>\n\t\t\t<\/div>\n\t\t\t<\/div><!-- .gallery -->\n\n<p><strong>Update, 17.09.2021:<\/strong><\/p>\n<p>Alka wird auch zug\u00e4nglicher.\u00a0Die Pfleger d\u00fcrfen sie schon hin und wieder streicheln.<br \/>\nSie hat im Tierheim einen Freund gefunden, <a href=\"https:\/\/www.amis-tico.eu\/de\/2021\/chaplin\/\">Chaplin<\/a> (sehr zutraulich und lieb).<br \/>\nEin gemeinsames Zuhause w\u00e4re toll und w\u00fcrde Alka sicher helfen.<\/p>\n\n\t\t\t<div id='29728-3' class='gallery gallery-29728 gallery-columns-3 gallery-size-thumbnail' itemscope itemtype='http:\/\/schema.org\/ImageGallery'>\n\t\t\t\t<div class='gallery-row gallery-col-3 gallery-clear'>\n\t\t\t\t\t<figure class='gallery-item col-3' itemprop='associatedMedia' itemscope itemtype='http:\/\/schema.org\/ImageObject'>\n\t\t\t\t\t\t<div class='gallery-icon landscape'><a href='https:\/\/www.amis-tico.eu\/de\/wp-content\/uploads\/sites\/3\/2021\/07\/Alka-1-300x400.jpg' title='Alka'><img loading=\"lazy\" decoding=\"async\" width=\"170\" height=\"150\" src=\"https:\/\/www.amis-tico.eu\/de\/wp-content\/uploads\/sites\/3\/2021\/07\/Alka-1-170x150.jpg\" class=\"attachment-thumbnail size-thumbnail\" alt=\"\" itemprop=\"thumbnail\" \/><\/a><\/div>\n\t\t\t\t\t<\/figure>\n\t\t\t\t\t<figure class='gallery-item col-3' itemprop='associatedMedia' itemscope itemtype='http:\/\/schema.org\/ImageObject'>\n\t\t\t\t\t\t<div class='gallery-icon landscape'><a href='https:\/\/www.amis-tico.eu\/de\/wp-content\/uploads\/sites\/3\/2021\/07\/Alka_2-1-300x400.jpg' title='Alka_2'><img loading=\"lazy\" decoding=\"async\" width=\"170\" height=\"150\" src=\"https:\/\/www.amis-tico.eu\/de\/wp-content\/uploads\/sites\/3\/2021\/07\/Alka_2-1-170x150.jpg\" class=\"attachment-thumbnail size-thumbnail\" alt=\"\" itemprop=\"thumbnail\" \/><\/a><\/div>\n\t\t\t\t\t<\/figure>\n\t\t\t<\/div>\n\t\t\t<\/div><!-- .gallery -->\n\n<p>&nbsp;<\/p>\n<p><strong>Update, 28.09.2021: vermittelt.<\/strong><\/p>\n","protected":false},"excerpt":{"rendered":"<p>Name: Alka Geschlecht: weiblich Geboren:\u00a001\/2020<\/p>\n","protected":false},"author":9,"featured_media":29731,"comment_status":"open","ping_status":"open","sticky":false,"template":"","format":"standard","meta":{"footnotes":""},"categories":[252],"tags":[],"class_list":["post-29728","post","type-post","status-publish","format-standard","has-post-thumbnail","hentry","category-vermittelt-2021"],"_links":{"self":[{"href":"https:\/\/www.amis-tico.eu\/de\/wp-json\/wp\/v2\/posts\/29728","targetHints":{"allow":["GET"]}}],"collection":[{"href":"https:\/\/www.amis-tico.eu\/de\/wp-json\/wp\/v2\/posts"}],"about":[{"href":"https:\/\/www.amis-tico.eu\/de\/wp-json\/wp\/v2\/types\/post"}],"author":[{"embeddable":true,"href":"https:\/\/www.amis-tico.eu\/de\/wp-json\/wp\/v2\/users\/9"}],"replies":[{"embeddable":true,"href":"https:\/\/www.amis-tico.eu\/de\/wp-json\/wp\/v2\/comments?post=29728"}],"version-history":[{"count":5,"href":"https:\/\/www.amis-tico.eu\/de\/wp-json\/wp\/v2\/posts\/29728\/revisions"}],"predecessor-version":[{"id":30312,"href":"https:\/\/www.amis-tico.eu\/de\/wp-json\/wp\/v2\/posts\/29728\/revisions\/30312"}],"wp:featuredmedia":[{"embeddable":true,"href":"https:\/\/www.amis-tico.eu\/de\/wp-json\/wp\/v2\/media\/29731"}],"wp:attachment":[{"href":"https:\/\/www.amis-tico.eu\/de\/wp-json\/wp\/v2\/media?parent=29728"}],"wp:term":[{"taxonomy":"category","embeddable":true,"href":"https:\/\/www.amis-tico.eu\/de\/wp-json\/wp\/v2\/categories?post=29728"},{"taxonomy":"post_tag","embeddable":true,"href":"https:\/\/www.amis-tico.eu\/de\/wp-json\/wp\/v2\/tags?post=29728"}],"curies":[{"name":"wp","href":"https:\/\/api.w.org\/{rel}","templated":true}]}}