{"id":30107,"date":"2021-09-01T16:10:36","date_gmt":"2021-09-01T14:10:36","guid":{"rendered":"https:\/\/www.amis-tico.eu\/de\/?p=30107"},"modified":"2021-10-26T19:55:21","modified_gmt":"2021-10-26T17:55:21","slug":"portelon","status":"publish","type":"post","link":"https:\/\/www.amis-tico.eu\/de\/2021\/portelon\/","title":{"rendered":"Portelon"},"content":{"rendered":"<p><strong>Name:<\/strong> Portelon<br \/>\n<strong>Geschlecht: <\/strong>m\u00e4nnlich<br \/>\n<strong>Geboren: <\/strong>08\/2011<\/p>\n<p><!--more--><\/p>\n<div><\/div>\n<p>&nbsp;<\/p>\n<p>Portelon ist ein ruhiger und lieber Kater. Streicheln findet er toll und auch die Leckerli haben geschmeckt. Er ist gut vertr\u00e4glich mit seinen Artgenossen und w\u00fcnscht sich ein sch\u00f6nes Zuhause.<\/p>\n<p>Wer m\u00f6chte Portelon kennenlernen?<\/p>\n\n\t\t\t<div id='30107-1' class='gallery gallery-30107 gallery-columns-3 gallery-size-thumbnail' itemscope itemtype='http:\/\/schema.org\/ImageGallery'>\n\t\t\t\t<div class='gallery-row gallery-col-3 gallery-clear'>\n\t\t\t\t\t<figure class='gallery-item col-3' itemprop='associatedMedia' itemscope itemtype='http:\/\/schema.org\/ImageObject'>\n\t\t\t\t\t\t<div class='gallery-icon landscape'><a href='https:\/\/www.amis-tico.eu\/de\/wp-content\/uploads\/sites\/3\/2021\/09\/20210821_143554-300x400.jpg' title='Portelon'><img loading=\"lazy\" decoding=\"async\" width=\"170\" height=\"150\" src=\"https:\/\/www.amis-tico.eu\/de\/wp-content\/uploads\/sites\/3\/2021\/09\/20210821_143554-170x150.jpg\" class=\"attachment-thumbnail size-thumbnail\" alt=\"\" itemprop=\"thumbnail\" \/><\/a><\/div>\n\t\t\t\t\t<\/figure>\n\t\t\t\t\t<figure class='gallery-item col-3' itemprop='associatedMedia' itemscope itemtype='http:\/\/schema.org\/ImageObject'>\n\t\t\t\t\t\t<div class='gallery-icon landscape'><a href='https:\/\/www.amis-tico.eu\/de\/wp-content\/uploads\/sites\/3\/2021\/09\/20210828_141728-300x400.jpg' title='Portelon'><img loading=\"lazy\" decoding=\"async\" width=\"170\" height=\"150\" src=\"https:\/\/www.amis-tico.eu\/de\/wp-content\/uploads\/sites\/3\/2021\/09\/20210828_141728-170x150.jpg\" class=\"attachment-thumbnail size-thumbnail\" alt=\"\" itemprop=\"thumbnail\" \/><\/a><\/div>\n\t\t\t\t\t<\/figure>\n\t\t\t\t\t<figure class='gallery-item col-3' itemprop='associatedMedia' itemscope itemtype='http:\/\/schema.org\/ImageObject'>\n\t\t\t\t\t\t<div class='gallery-icon landscape'><a href='https:\/\/www.amis-tico.eu\/de\/wp-content\/uploads\/sites\/3\/2021\/09\/portelon.jpg' title='portelon'><img loading=\"lazy\" decoding=\"async\" width=\"170\" height=\"150\" src=\"https:\/\/www.amis-tico.eu\/de\/wp-content\/uploads\/sites\/3\/2021\/09\/portelon-170x150.jpg\" class=\"attachment-thumbnail size-thumbnail\" alt=\"\" itemprop=\"thumbnail\" \/><\/a><\/div>\n\t\t\t\t\t<\/figure>\n\t\t\t\t<\/div>\n\t\t\t<\/div><!-- .gallery -->\n\n<p>&nbsp;<\/p>\n<p><strong>Update, 06.10.2021<\/strong><\/p>\n<p>Portelon hat mittlerweile M\u00fche mit den anderen Katzen im Zimmer und reagiert teilweise aggressiv auf sie. Zu Menschen ist er sehr lieb und veeschmust.<br \/>\nPortelon ben\u00f6tigt dringend ein Zuhause.<\/p>\n<p><img loading=\"lazy\" decoding=\"async\" class=\"alignleft wp-image-30376\" src=\"https:\/\/www.amis-tico.eu\/de\/wp-content\/uploads\/sites\/3\/2021\/09\/upd.-Portelon-300x400.jpg\" alt=\"\" width=\"240\" height=\"320\" srcset=\"https:\/\/www.amis-tico.eu\/de\/wp-content\/uploads\/sites\/3\/2021\/09\/upd.-Portelon-300x400.jpg 300w, https:\/\/www.amis-tico.eu\/de\/wp-content\/uploads\/sites\/3\/2021\/09\/upd.-Portelon.jpg 525w\" sizes=\"auto, (max-width: 240px) 100vw, 240px\" \/><\/p>\n<p>&nbsp;<\/p>\n<p>&nbsp;<\/p>\n<p>&nbsp;<\/p>\n<p>&nbsp;<\/p>\n<p>&nbsp;<\/p>\n<p>&nbsp;<\/p>\n<p>&nbsp;<\/p>\n<p>&nbsp;<\/p>\n<p>Update, 26.10.2021: Vermittelt<\/p>\n","protected":false},"excerpt":{"rendered":"<p>Name: Portelon Geschlecht: m\u00e4nnlich Geboren: 08\/2011<\/p>\n","protected":false},"author":9,"featured_media":30162,"comment_status":"open","ping_status":"open","sticky":false,"template":"","format":"standard","meta":{"footnotes":""},"categories":[252],"tags":[],"class_list":["post-30107","post","type-post","status-publish","format-standard","has-post-thumbnail","hentry","category-vermittelt-2021"],"_links":{"self":[{"href":"https:\/\/www.amis-tico.eu\/de\/wp-json\/wp\/v2\/posts\/30107","targetHints":{"allow":["GET"]}}],"collection":[{"href":"https:\/\/www.amis-tico.eu\/de\/wp-json\/wp\/v2\/posts"}],"about":[{"href":"https:\/\/www.amis-tico.eu\/de\/wp-json\/wp\/v2\/types\/post"}],"author":[{"embeddable":true,"href":"https:\/\/www.amis-tico.eu\/de\/wp-json\/wp\/v2\/users\/9"}],"replies":[{"embeddable":true,"href":"https:\/\/www.amis-tico.eu\/de\/wp-json\/wp\/v2\/comments?post=30107"}],"version-history":[{"count":5,"href":"https:\/\/www.amis-tico.eu\/de\/wp-json\/wp\/v2\/posts\/30107\/revisions"}],"predecessor-version":[{"id":30496,"href":"https:\/\/www.amis-tico.eu\/de\/wp-json\/wp\/v2\/posts\/30107\/revisions\/30496"}],"wp:featuredmedia":[{"embeddable":true,"href":"https:\/\/www.amis-tico.eu\/de\/wp-json\/wp\/v2\/media\/30162"}],"wp:attachment":[{"href":"https:\/\/www.amis-tico.eu\/de\/wp-json\/wp\/v2\/media?parent=30107"}],"wp:term":[{"taxonomy":"category","embeddable":true,"href":"https:\/\/www.amis-tico.eu\/de\/wp-json\/wp\/v2\/categories?post=30107"},{"taxonomy":"post_tag","embeddable":true,"href":"https:\/\/www.amis-tico.eu\/de\/wp-json\/wp\/v2\/tags?post=30107"}],"curies":[{"name":"wp","href":"https:\/\/api.w.org\/{rel}","templated":true}]}}