{"id":31514,"date":"2022-04-06T20:38:53","date_gmt":"2022-04-06T18:38:53","guid":{"rendered":"https:\/\/www.amis-tico.eu\/de\/?p=31514"},"modified":"2026-03-02T19:43:29","modified_gmt":"2026-03-02T18:43:29","slug":"nina-vita","status":"publish","type":"post","link":"https:\/\/www.amis-tico.eu\/de\/2022\/nina-vita\/","title":{"rendered":"Nina &amp; Vita"},"content":{"rendered":"<p><strong>Name:\u00a0<\/strong>Nina &amp; Vita<br \/>\n<strong>Geschlecht:\u00a0<\/strong>weiblich<br \/>\n<strong>Alter:<\/strong>\u00a04 Jahre &amp; 2 Jahre<\/p>\n<p><!--more--><\/p>\n<p>Noch ein neues Doppelp\u00e4ckchen!<\/p>\n<p>Vita, ca. 4 Jahre alt, ist die Mutter von Nina, 2 Jahre alt.<\/p>\n<p>Beide h\u00fcbsche K\u00e4tzinnen sind lieb, aber \u00e4ngstlich und vertr\u00e4glich auch mit anderen Katzen.<\/p>\n<p>F\u00fcr sie wird ein Zuhause gesucht mit sp\u00e4terem Freigang.<\/p>\n<p>Sie sind aktuell auf einer Pflegestelle.<\/p>\n\n\t\t\t<div id='31514-1' class='gallery gallery-31514 gallery-columns-3 gallery-size-thumbnail' itemscope itemtype='http:\/\/schema.org\/ImageGallery'>\n\t\t\t\t<div class='gallery-row gallery-col-3 gallery-clear'>\n\t\t\t\t\t<figure class='gallery-item col-3' itemprop='associatedMedia' itemscope itemtype='http:\/\/schema.org\/ImageObject'>\n\t\t\t\t\t\t<div class='gallery-icon landscape'><a href='https:\/\/www.amis-tico.eu\/de\/wp-content\/uploads\/sites\/3\/2022\/04\/ninavita.jpg' title='ninavita'><img loading=\"lazy\" decoding=\"async\" width=\"170\" height=\"150\" src=\"https:\/\/www.amis-tico.eu\/de\/wp-content\/uploads\/sites\/3\/2022\/04\/ninavita-170x150.jpg\" class=\"attachment-thumbnail size-thumbnail\" alt=\"\" itemprop=\"thumbnail\" \/><\/a><\/div>\n\t\t\t\t\t<\/figure>\n\t\t\t\t\t<figure class='gallery-item col-3' itemprop='associatedMedia' itemscope itemtype='http:\/\/schema.org\/ImageObject'>\n\t\t\t\t\t\t<div class='gallery-icon landscape'><a href='https:\/\/www.amis-tico.eu\/de\/wp-content\/uploads\/sites\/3\/2022\/04\/ninavita_2.jpg' title='ninavita_2'><img loading=\"lazy\" decoding=\"async\" width=\"170\" height=\"150\" src=\"https:\/\/www.amis-tico.eu\/de\/wp-content\/uploads\/sites\/3\/2022\/04\/ninavita_2-170x150.jpg\" class=\"attachment-thumbnail size-thumbnail\" alt=\"\" aria-describedby=\"figcaption-31514-31516\" itemprop=\"thumbnail\" \/><\/a><\/div>\n\t\t\t\t\t\t<figcaption id=\"figcaption-31514-31516\" class=\"gallery-caption\" itemprop=\"caption\">Nina &amp; Vita<\/figcaption>\n\t\t\t\t\t<\/figure>\n\t\t\t<\/div>\n\t\t\t<\/div><!-- .gallery -->\n\n","protected":false},"excerpt":{"rendered":"<p>Name:\u00a0Nina &amp; Vita Geschlecht:\u00a0weiblich Alter:\u00a04 Jahre &amp; 2 Jahre<\/p>\n","protected":false},"author":9,"featured_media":31515,"comment_status":"closed","ping_status":"open","sticky":false,"template":"","format":"standard","meta":{"footnotes":""},"categories":[105],"tags":[],"class_list":["post-31514","post","type-post","status-publish","format-standard","has-post-thumbnail","hentry","category-langzeitpflegestelle"],"_links":{"self":[{"href":"https:\/\/www.amis-tico.eu\/de\/wp-json\/wp\/v2\/posts\/31514","targetHints":{"allow":["GET"]}}],"collection":[{"href":"https:\/\/www.amis-tico.eu\/de\/wp-json\/wp\/v2\/posts"}],"about":[{"href":"https:\/\/www.amis-tico.eu\/de\/wp-json\/wp\/v2\/types\/post"}],"author":[{"embeddable":true,"href":"https:\/\/www.amis-tico.eu\/de\/wp-json\/wp\/v2\/users\/9"}],"replies":[{"embeddable":true,"href":"https:\/\/www.amis-tico.eu\/de\/wp-json\/wp\/v2\/comments?post=31514"}],"version-history":[{"count":2,"href":"https:\/\/www.amis-tico.eu\/de\/wp-json\/wp\/v2\/posts\/31514\/revisions"}],"predecessor-version":[{"id":32388,"href":"https:\/\/www.amis-tico.eu\/de\/wp-json\/wp\/v2\/posts\/31514\/revisions\/32388"}],"wp:featuredmedia":[{"embeddable":true,"href":"https:\/\/www.amis-tico.eu\/de\/wp-json\/wp\/v2\/media\/31515"}],"wp:attachment":[{"href":"https:\/\/www.amis-tico.eu\/de\/wp-json\/wp\/v2\/media?parent=31514"}],"wp:term":[{"taxonomy":"category","embeddable":true,"href":"https:\/\/www.amis-tico.eu\/de\/wp-json\/wp\/v2\/categories?post=31514"},{"taxonomy":"post_tag","embeddable":true,"href":"https:\/\/www.amis-tico.eu\/de\/wp-json\/wp\/v2\/tags?post=31514"}],"curies":[{"name":"wp","href":"https:\/\/api.w.org\/{rel}","templated":true}]}}