{"id":32102,"date":"2022-07-29T21:34:47","date_gmt":"2022-07-29T19:34:47","guid":{"rendered":"https:\/\/www.amis-tico.eu\/de\/?p=32102"},"modified":"2022-08-30T20:40:41","modified_gmt":"2022-08-30T18:40:41","slug":"praline-5","status":"publish","type":"post","link":"https:\/\/www.amis-tico.eu\/de\/2022\/praline-5\/","title":{"rendered":"Praline"},"content":{"rendered":"<p><strong>Name:\u00a0<\/strong>Praline<br \/>\n<strong>Geschlecht:\u00a0<\/strong>weiblich<br \/>\n<strong>Geboren:<\/strong>\u00a02015<\/p>\n<p><!--more--><\/p>\n<p>Praline wurde von der Feuerwehr ins Tierheim gebracht,<br \/>\nda sie in einem Kellerschacht feststeckte.<\/p>\n<p>Wie lange sie dort zugebracht hat wissen wir nicht.<\/p>\n<p>Als Praline ins Tierheim kam, war sie in keinem guten Zustand, sie konnte kaum laufen und schwankte.<\/p>\n<p>Der Tierarzt vermutet, dass Praline evtentuell einen Schlaganfall erlitten hat.<\/p>\n<p>Ihr geht es inzwischen wieder gut, sie hat noch eine leichte Erh\u00f6hung der Leberwerte.<\/p>\n<p>Praline war seit Ende Mai verschwunden, die Besitzer konnten ausfindig gemacht werden, m\u00f6chten die Katze allerdings nicht zur\u00fcck, da sie nicht wissen, ob Praline wieder ganz gesund wird&#8230;.<\/p>\n<p>Praline ist eine sehr liebe K\u00e4tzin und hat ein tolles Zuhause verdient.<\/p>\n<p>Wer m\u00f6chte die S\u00fc\u00dfe kennenlernen?<\/p>\n\n\t\t\t<div id='32102-1' class='gallery gallery-32102 gallery-columns-3 gallery-size-thumbnail' itemscope itemtype='http:\/\/schema.org\/ImageGallery'>\n\t\t\t\t<div class='gallery-row gallery-col-3 gallery-clear'>\n\t\t\t\t\t<figure class='gallery-item col-3' itemprop='associatedMedia' itemscope itemtype='http:\/\/schema.org\/ImageObject'>\n\t\t\t\t\t\t<div class='gallery-icon landscape'><a href='https:\/\/www.amis-tico.eu\/de\/wp-content\/uploads\/sites\/3\/2022\/07\/praline.jpg' title='praline'><img loading=\"lazy\" decoding=\"async\" width=\"170\" height=\"150\" src=\"https:\/\/www.amis-tico.eu\/de\/wp-content\/uploads\/sites\/3\/2022\/07\/praline-170x150.jpg\" class=\"attachment-thumbnail size-thumbnail\" alt=\"\" itemprop=\"thumbnail\" \/><\/a><\/div>\n\t\t\t\t\t<\/figure>\n\t\t\t\t\t<figure class='gallery-item col-3' itemprop='associatedMedia' itemscope itemtype='http:\/\/schema.org\/ImageObject'>\n\t\t\t\t\t\t<div class='gallery-icon landscape'><a href='https:\/\/www.amis-tico.eu\/de\/wp-content\/uploads\/sites\/3\/2022\/07\/praline_2.jpg' title='praline_2'><img loading=\"lazy\" decoding=\"async\" width=\"170\" height=\"150\" src=\"https:\/\/www.amis-tico.eu\/de\/wp-content\/uploads\/sites\/3\/2022\/07\/praline_2-170x150.jpg\" class=\"attachment-thumbnail size-thumbnail\" alt=\"\" itemprop=\"thumbnail\" \/><\/a><\/div>\n\t\t\t\t\t<\/figure>\n\t\t\t<\/div>\n\t\t\t<\/div><!-- .gallery -->\n\n<p>&nbsp;<\/p>\n<p><strong>Update, 30.8.22:\u00a0<\/strong>Vermittelt<\/p>\n","protected":false},"excerpt":{"rendered":"<p>Name:\u00a0Praline Geschlecht:\u00a0weiblich Geboren:\u00a02015<\/p>\n","protected":false},"author":9,"featured_media":32103,"comment_status":"open","ping_status":"open","sticky":false,"template":"","format":"standard","meta":{"footnotes":""},"categories":[264],"tags":[],"class_list":["post-32102","post","type-post","status-publish","format-standard","has-post-thumbnail","hentry","category-vermittelt-2022"],"_links":{"self":[{"href":"https:\/\/www.amis-tico.eu\/de\/wp-json\/wp\/v2\/posts\/32102","targetHints":{"allow":["GET"]}}],"collection":[{"href":"https:\/\/www.amis-tico.eu\/de\/wp-json\/wp\/v2\/posts"}],"about":[{"href":"https:\/\/www.amis-tico.eu\/de\/wp-json\/wp\/v2\/types\/post"}],"author":[{"embeddable":true,"href":"https:\/\/www.amis-tico.eu\/de\/wp-json\/wp\/v2\/users\/9"}],"replies":[{"embeddable":true,"href":"https:\/\/www.amis-tico.eu\/de\/wp-json\/wp\/v2\/comments?post=32102"}],"version-history":[{"count":2,"href":"https:\/\/www.amis-tico.eu\/de\/wp-json\/wp\/v2\/posts\/32102\/revisions"}],"predecessor-version":[{"id":32234,"href":"https:\/\/www.amis-tico.eu\/de\/wp-json\/wp\/v2\/posts\/32102\/revisions\/32234"}],"wp:featuredmedia":[{"embeddable":true,"href":"https:\/\/www.amis-tico.eu\/de\/wp-json\/wp\/v2\/media\/32103"}],"wp:attachment":[{"href":"https:\/\/www.amis-tico.eu\/de\/wp-json\/wp\/v2\/media?parent=32102"}],"wp:term":[{"taxonomy":"category","embeddable":true,"href":"https:\/\/www.amis-tico.eu\/de\/wp-json\/wp\/v2\/categories?post=32102"},{"taxonomy":"post_tag","embeddable":true,"href":"https:\/\/www.amis-tico.eu\/de\/wp-json\/wp\/v2\/tags?post=32102"}],"curies":[{"name":"wp","href":"https:\/\/api.w.org\/{rel}","templated":true}]}}