{"id":3586,"date":"2013-12-05T13:54:33","date_gmt":"2013-12-05T11:54:33","guid":{"rendered":"http:\/\/beta.amis-tico.eu\/de\/?p=3586"},"modified":"2016-06-01T15:19:09","modified_gmt":"2016-06-01T13:19:09","slug":"minette","status":"publish","type":"post","link":"https:\/\/www.amis-tico.eu\/de\/2013\/minette\/","title":{"rendered":"Minette"},"content":{"rendered":"<p>Name: <strong>Minette<\/strong><\/p>\n<p>Geschlecht: weiblich<\/p>\n<p>Alter: ca. 4 Jahre alt<\/p>\n<p>Minette ist stubenrein, ruhig und verschmust.<\/p>\n<p><!--more--><\/p>\n<p>Minette war bisher Freigang gewohnt, kommt aber im Moment mit der Wohnungshaltung auf ihrer Pflegestelle gut zurecht. Zu Beginn war sie sch\u00fcchtern und wollte\u00a0 mit niemandem Kontakt. Mittlerweile sind die anderen Katzen und auch die Hunde okay f\u00fcr sie.<\/p>\n\n\t\t\t<div id='3586-1' class='gallery gallery-3586 gallery-columns-3 gallery-size-thumbnail' itemscope itemtype='http:\/\/schema.org\/ImageGallery'>\n\t\t\t\t<div class='gallery-row gallery-col-3 gallery-clear'>\n\t\t\t\t\t<figure class='gallery-item col-3' itemprop='associatedMedia' itemscope itemtype='http:\/\/schema.org\/ImageObject'>\n\t\t\t\t\t\t<div class='gallery-icon landscape'><a href='https:\/\/www.amis-tico.eu\/de\/wp-content\/uploads\/sites\/3\/2013\/12\/Minette-1-2-427x400.jpg' title='Minette 1-2'><img loading=\"lazy\" decoding=\"async\" width=\"180\" height=\"106\" src=\"https:\/\/www.amis-tico.eu\/de\/wp-content\/uploads\/sites\/3\/2013\/12\/Minette-1-2-180x106.jpg\" class=\"attachment-thumbnail size-thumbnail\" alt=\"\" aria-describedby=\"figcaption-3586-3580\" itemprop=\"thumbnail\" \/><\/a><\/div>\n\t\t\t\t\t\t<figcaption id=\"figcaption-3586-3580\" class=\"gallery-caption\" itemprop=\"caption\">Die liebe Minettte<\/figcaption>\n\t\t\t\t\t<\/figure>\n\t\t\t<\/div>\n\t\t\t<\/div><!-- .gallery -->\n\n<p class=\"MsoNormal\">Minette ist vermittelt.<\/p>\n<p class=\"MsoNormal\"><strong>Update, 19.02.2015: neue Besitzer erz\u00e4hlen:<\/strong><\/p>\n<p class=\"MsoNormal\">&#8222;Minette heisst nun P&#8217;tite Maman. Sie kam in Pflegestelle mit ihrem 2 Babies, die schnell zusammen vermitteln konnten. Sie hat Zeit gebraucht, um sich bei mir anzugew\u00f6hnen. Deshalb konnte ich sie nicht mehr weitervermitteln und sie wieder Stress geben. Am Anfang war es schwierig mit den Hunden und mit den anderen Katzen. Es ist immer nicht optimal : nur Foupi und Silver sind ohne Knurren akzeptiert. Sie braucht einfach ihre Ruhe.<br \/>\nSie geniesst Freigang, aber geht nicht weit weg und kommt gleich nach Hause zur\u00fcck, wenn sie das Auto h\u00f6rt (wie ein Hund). Mit dem Winter bleibt sie drin und geht nach draussen&#8230;um zu fressen. Sie will nicht Trockenfutter drin fressen&#8230; Dann m\u00fcssen wir das Fenster h\u00e4ufig \u00f6ffnen !&#8220;<\/p>\n\n\t\t\t<div id='3586-2' class='gallery gallery-3586 gallery-columns-3 gallery-size-thumbnail' itemscope itemtype='http:\/\/schema.org\/ImageGallery'>\n\t\t\t\t<div class='gallery-row gallery-col-3 gallery-clear'>\n\t\t\t\t\t<figure class='gallery-item col-3' itemprop='associatedMedia' itemscope itemtype='http:\/\/schema.org\/ImageObject'>\n\t\t\t\t\t\t<div class='gallery-icon landscape'><a href='https:\/\/www.amis-tico.eu\/de\/wp-content\/uploads\/sites\/3\/2013\/12\/Minette-update-1-4-533x400.jpg' title='Minette update 1-4'><img loading=\"lazy\" decoding=\"async\" width=\"180\" height=\"180\" src=\"https:\/\/www.amis-tico.eu\/de\/wp-content\/uploads\/sites\/3\/2013\/12\/Minette-update-1-4-180x180.jpg\" class=\"attachment-thumbnail size-thumbnail\" alt=\"\" itemprop=\"thumbnail\" \/><\/a><\/div>\n\t\t\t\t\t<\/figure>\n\t\t\t\t\t<figure class='gallery-item col-3' itemprop='associatedMedia' itemscope itemtype='http:\/\/schema.org\/ImageObject'>\n\t\t\t\t\t\t<div class='gallery-icon landscape'><a href='https:\/\/www.amis-tico.eu\/de\/wp-content\/uploads\/sites\/3\/2013\/12\/Minette-update-1-3-300x400.jpg' title='Minette update 1-3'><img loading=\"lazy\" decoding=\"async\" width=\"180\" height=\"180\" src=\"https:\/\/www.amis-tico.eu\/de\/wp-content\/uploads\/sites\/3\/2013\/12\/Minette-update-1-3-180x180.jpg\" class=\"attachment-thumbnail size-thumbnail\" alt=\"\" itemprop=\"thumbnail\" \/><\/a><\/div>\n\t\t\t\t\t<\/figure>\n\t\t\t\t\t<figure class='gallery-item col-3' itemprop='associatedMedia' itemscope itemtype='http:\/\/schema.org\/ImageObject'>\n\t\t\t\t\t\t<div class='gallery-icon landscape'><a href='https:\/\/www.amis-tico.eu\/de\/wp-content\/uploads\/sites\/3\/2013\/12\/Minette-update-1-2-435x400.jpg' title='Minette update 1-2'><img loading=\"lazy\" decoding=\"async\" width=\"180\" height=\"180\" src=\"https:\/\/www.amis-tico.eu\/de\/wp-content\/uploads\/sites\/3\/2013\/12\/Minette-update-1-2-180x180.jpg\" class=\"attachment-thumbnail size-thumbnail\" alt=\"\" itemprop=\"thumbnail\" \/><\/a><\/div>\n\t\t\t\t\t<\/figure>\n\t\t\t\t<\/div>\n\t\t\t\t<div class='gallery-row gallery-col-3 gallery-clear'>\n\t\t\t\t\t<figure class='gallery-item col-3' itemprop='associatedMedia' itemscope itemtype='http:\/\/schema.org\/ImageObject'>\n\t\t\t\t\t\t<div class='gallery-icon landscape'><a href='https:\/\/www.amis-tico.eu\/de\/wp-content\/uploads\/sites\/3\/2013\/12\/Minette-update-1-1-533x400.jpg' title='Minette update 1-1'><img loading=\"lazy\" decoding=\"async\" width=\"180\" height=\"180\" src=\"https:\/\/www.amis-tico.eu\/de\/wp-content\/uploads\/sites\/3\/2013\/12\/Minette-update-1-1-180x180.jpg\" class=\"attachment-thumbnail size-thumbnail\" alt=\"\" itemprop=\"thumbnail\" \/><\/a><\/div>\n\t\t\t\t\t<\/figure>\n\t\t\t<\/div>\n\t\t\t<\/div><!-- .gallery -->\n\n<p>&nbsp;<\/p>\n<p>&nbsp;<\/p>\n<p>&nbsp;<\/p>\n<p>&nbsp;<\/p>\n","protected":false},"excerpt":{"rendered":"<p>Name: Minette Geschlecht: weiblich Alter: ca. 4 Jahre alt Minette ist stubenrein, ruhig und verschmust.<\/p>\n","protected":false},"author":7,"featured_media":3579,"comment_status":"open","ping_status":"open","sticky":false,"template":"","format":"standard","meta":{"footnotes":""},"categories":[169],"tags":[],"class_list":["post-3586","post","type-post","status-publish","format-standard","has-post-thumbnail","hentry","category-vermittelt-2014"],"_links":{"self":[{"href":"https:\/\/www.amis-tico.eu\/de\/wp-json\/wp\/v2\/posts\/3586","targetHints":{"allow":["GET"]}}],"collection":[{"href":"https:\/\/www.amis-tico.eu\/de\/wp-json\/wp\/v2\/posts"}],"about":[{"href":"https:\/\/www.amis-tico.eu\/de\/wp-json\/wp\/v2\/types\/post"}],"author":[{"embeddable":true,"href":"https:\/\/www.amis-tico.eu\/de\/wp-json\/wp\/v2\/users\/7"}],"replies":[{"embeddable":true,"href":"https:\/\/www.amis-tico.eu\/de\/wp-json\/wp\/v2\/comments?post=3586"}],"version-history":[{"count":9,"href":"https:\/\/www.amis-tico.eu\/de\/wp-json\/wp\/v2\/posts\/3586\/revisions"}],"predecessor-version":[{"id":9098,"href":"https:\/\/www.amis-tico.eu\/de\/wp-json\/wp\/v2\/posts\/3586\/revisions\/9098"}],"wp:featuredmedia":[{"embeddable":true,"href":"https:\/\/www.amis-tico.eu\/de\/wp-json\/wp\/v2\/media\/3579"}],"wp:attachment":[{"href":"https:\/\/www.amis-tico.eu\/de\/wp-json\/wp\/v2\/media?parent=3586"}],"wp:term":[{"taxonomy":"category","embeddable":true,"href":"https:\/\/www.amis-tico.eu\/de\/wp-json\/wp\/v2\/categories?post=3586"},{"taxonomy":"post_tag","embeddable":true,"href":"https:\/\/www.amis-tico.eu\/de\/wp-json\/wp\/v2\/tags?post=3586"}],"curies":[{"name":"wp","href":"https:\/\/api.w.org\/{rel}","templated":true}]}}