{"id":3610,"date":"2013-12-13T13:27:32","date_gmt":"2013-12-13T11:27:32","guid":{"rendered":"http:\/\/beta.amis-tico.eu\/de\/?p=3610"},"modified":"2014-01-06T17:25:23","modified_gmt":"2014-01-06T16:25:23","slug":"trockner","status":"publish","type":"post","link":"https:\/\/www.amis-tico.eu\/de\/2013\/trockner\/","title":{"rendered":"(23) Trockner"},"content":{"rendered":"<p>Ein ganz gro\u00dfes Dankesch\u00f6n an Fa. Elektro Schaub aus Ihringen<\/p>\n<p>f\u00fcr die Spende\u00a0 eines Trockners.<\/p>\n<p><a href=\"https:\/\/www.amis-tico.eu\/de\/wp-content\/uploads\/sites\/3\/2013\/12\/Spende-Trockner.jpg\"><img loading=\"lazy\" decoding=\"async\" class=\"alignnone  wp-image-3611\" alt=\"Spende Trockner\" src=\"https:\/\/www.amis-tico.eu\/de\/wp-content\/uploads\/sites\/3\/2013\/12\/Spende-Trockner-490x400.jpg\" width=\"294\" height=\"240\" srcset=\"https:\/\/www.amis-tico.eu\/de\/wp-content\/uploads\/sites\/3\/2013\/12\/Spende-Trockner-490x400.jpg 490w, https:\/\/www.amis-tico.eu\/de\/wp-content\/uploads\/sites\/3\/2013\/12\/Spende-Trockner-624x509.jpg 624w, https:\/\/www.amis-tico.eu\/de\/wp-content\/uploads\/sites\/3\/2013\/12\/Spende-Trockner.jpg 700w\" sizes=\"auto, (max-width: 294px) 100vw, 294px\" \/><\/a><\/p>\n","protected":false},"excerpt":{"rendered":"<p>Ein ganz gro\u00dfes Dankesch\u00f6n an Fa. Elektro Schaub aus Ihringen f\u00fcr die Spende\u00a0 eines Trockners.<\/p>\n","protected":false},"author":7,"featured_media":0,"comment_status":"open","ping_status":"open","sticky":false,"template":"","format":"standard","meta":{"footnotes":""},"categories":[71],"tags":[],"class_list":["post-3610","post","type-post","status-publish","format-standard","hentry","category-spenden-20132014"],"_links":{"self":[{"href":"https:\/\/www.amis-tico.eu\/de\/wp-json\/wp\/v2\/posts\/3610","targetHints":{"allow":["GET"]}}],"collection":[{"href":"https:\/\/www.amis-tico.eu\/de\/wp-json\/wp\/v2\/posts"}],"about":[{"href":"https:\/\/www.amis-tico.eu\/de\/wp-json\/wp\/v2\/types\/post"}],"author":[{"embeddable":true,"href":"https:\/\/www.amis-tico.eu\/de\/wp-json\/wp\/v2\/users\/7"}],"replies":[{"embeddable":true,"href":"https:\/\/www.amis-tico.eu\/de\/wp-json\/wp\/v2\/comments?post=3610"}],"version-history":[{"count":5,"href":"https:\/\/www.amis-tico.eu\/de\/wp-json\/wp\/v2\/posts\/3610\/revisions"}],"predecessor-version":[{"id":3951,"href":"https:\/\/www.amis-tico.eu\/de\/wp-json\/wp\/v2\/posts\/3610\/revisions\/3951"}],"wp:attachment":[{"href":"https:\/\/www.amis-tico.eu\/de\/wp-json\/wp\/v2\/media?parent=3610"}],"wp:term":[{"taxonomy":"category","embeddable":true,"href":"https:\/\/www.amis-tico.eu\/de\/wp-json\/wp\/v2\/categories?post=3610"},{"taxonomy":"post_tag","embeddable":true,"href":"https:\/\/www.amis-tico.eu\/de\/wp-json\/wp\/v2\/tags?post=3610"}],"curies":[{"name":"wp","href":"https:\/\/api.w.org\/{rel}","templated":true}]}}