{"id":3647,"date":"2013-12-14T19:55:36","date_gmt":"2013-12-14T17:55:36","guid":{"rendered":"http:\/\/beta.amis-tico.eu\/de\/?p=3647"},"modified":"2015-01-29T13:04:50","modified_gmt":"2015-01-29T12:04:50","slug":"nina-2","status":"publish","type":"post","link":"https:\/\/www.amis-tico.eu\/de\/2013\/nina-2\/","title":{"rendered":"Nina"},"content":{"rendered":"<p>Name: <strong>Nina<\/strong><\/p>\n<p>Geschlecht: weiblich<\/p>\n<p>Alter:\u00a0 ca. 9 Monate alt<\/p>\n<p>Die zahme Nina ist sehr souver\u00e4n mit Hunden.<!--more--><\/p>\n\n\t\t\t<div id='3647-1' class='gallery gallery-3647 gallery-columns-3 gallery-size-thumbnail' itemscope itemtype='http:\/\/schema.org\/ImageGallery'>\n\t\t\t\t<div class='gallery-row gallery-col-3 gallery-clear'>\n\t\t\t\t\t<figure class='gallery-item col-3' itemprop='associatedMedia' itemscope itemtype='http:\/\/schema.org\/ImageObject'>\n\t\t\t\t\t\t<div class='gallery-icon landscape'><a href='https:\/\/www.amis-tico.eu\/de\/wp-content\/uploads\/sites\/3\/2013\/12\/Nina-1-1-bb.jpg' title='Nina 1-1 bb'><img loading=\"lazy\" decoding=\"async\" width=\"180\" height=\"106\" src=\"https:\/\/www.amis-tico.eu\/de\/wp-content\/uploads\/sites\/3\/2013\/12\/Nina-1-1-bb-180x106.jpg\" class=\"attachment-thumbnail size-thumbnail\" alt=\"\" aria-describedby=\"figcaption-3647-3650\" itemprop=\"thumbnail\" \/><\/a><\/div>\n\t\t\t\t\t\t<figcaption id=\"figcaption-3647-3650\" class=\"gallery-caption\" itemprop=\"caption\">Die junge Nina <\/figcaption>\n\t\t\t\t\t<\/figure>\n\t\t\t\t\t<figure class='gallery-item col-3' itemprop='associatedMedia' itemscope itemtype='http:\/\/schema.org\/ImageObject'>\n\t\t\t\t\t\t<div class='gallery-icon landscape'><a href='https:\/\/www.amis-tico.eu\/de\/wp-content\/uploads\/sites\/3\/2013\/12\/Nina-1-2-533x400.jpg' title='Nina 1-2'><img loading=\"lazy\" decoding=\"async\" width=\"180\" height=\"106\" src=\"https:\/\/www.amis-tico.eu\/de\/wp-content\/uploads\/sites\/3\/2013\/12\/Nina-1-2-180x106.jpg\" class=\"attachment-thumbnail size-thumbnail\" alt=\"\" aria-describedby=\"figcaption-3647-3649\" itemprop=\"thumbnail\" \/><\/a><\/div>\n\t\t\t\t\t\t<figcaption id=\"figcaption-3647-3649\" class=\"gallery-caption\" itemprop=\"caption\">sucht ein sch\u00f6nes Zuhause<\/figcaption>\n\t\t\t\t\t<\/figure>\n\t\t\t\t\t<figure class='gallery-item col-3' itemprop='associatedMedia' itemscope itemtype='http:\/\/schema.org\/ImageObject'>\n\t\t\t\t\t\t<div class='gallery-icon landscape'><a href='https:\/\/www.amis-tico.eu\/de\/wp-content\/uploads\/sites\/3\/2013\/12\/Nina-1-3-533x400.jpg' title='Nina 1-3'><img loading=\"lazy\" decoding=\"async\" width=\"180\" height=\"106\" src=\"https:\/\/www.amis-tico.eu\/de\/wp-content\/uploads\/sites\/3\/2013\/12\/Nina-1-3-180x106.jpg\" class=\"attachment-thumbnail size-thumbnail\" alt=\"\" itemprop=\"thumbnail\" \/><\/a><\/div>\n\t\t\t\t\t<\/figure>\n\t\t\t\t<\/div>\n\t\t\t<\/div><!-- .gallery -->\n\n<p>Nina &#8211; bald auch kastriert &#8211; m\u00f6chte gerne als hunde -und kindervertr\u00e4gliche Katze ein sch\u00f6nes Zuhause haben. Freigang w\u00e4re sch\u00f6n, muss aber nicht. Ob sie vertr\u00e4glich ist mit anderen Katzen wird noch getestet.<\/p>\n<p>Nina ist vermittelt.<\/p>\n<p>&nbsp;<\/p>\n","protected":false},"excerpt":{"rendered":"<p>Name: Nina Geschlecht: weiblich Alter:\u00a0 ca. 9 Monate alt Die zahme Nina ist sehr souver\u00e4n mit Hunden.<\/p>\n","protected":false},"author":7,"featured_media":3650,"comment_status":"open","ping_status":"open","sticky":false,"template":"","format":"standard","meta":{"footnotes":""},"categories":[169],"tags":[],"class_list":["post-3647","post","type-post","status-publish","format-standard","has-post-thumbnail","hentry","category-vermittelt-2014"],"_links":{"self":[{"href":"https:\/\/www.amis-tico.eu\/de\/wp-json\/wp\/v2\/posts\/3647","targetHints":{"allow":["GET"]}}],"collection":[{"href":"https:\/\/www.amis-tico.eu\/de\/wp-json\/wp\/v2\/posts"}],"about":[{"href":"https:\/\/www.amis-tico.eu\/de\/wp-json\/wp\/v2\/types\/post"}],"author":[{"embeddable":true,"href":"https:\/\/www.amis-tico.eu\/de\/wp-json\/wp\/v2\/users\/7"}],"replies":[{"embeddable":true,"href":"https:\/\/www.amis-tico.eu\/de\/wp-json\/wp\/v2\/comments?post=3647"}],"version-history":[{"count":3,"href":"https:\/\/www.amis-tico.eu\/de\/wp-json\/wp\/v2\/posts\/3647\/revisions"}],"predecessor-version":[{"id":4478,"href":"https:\/\/www.amis-tico.eu\/de\/wp-json\/wp\/v2\/posts\/3647\/revisions\/4478"}],"wp:featuredmedia":[{"embeddable":true,"href":"https:\/\/www.amis-tico.eu\/de\/wp-json\/wp\/v2\/media\/3650"}],"wp:attachment":[{"href":"https:\/\/www.amis-tico.eu\/de\/wp-json\/wp\/v2\/media?parent=3647"}],"wp:term":[{"taxonomy":"category","embeddable":true,"href":"https:\/\/www.amis-tico.eu\/de\/wp-json\/wp\/v2\/categories?post=3647"},{"taxonomy":"post_tag","embeddable":true,"href":"https:\/\/www.amis-tico.eu\/de\/wp-json\/wp\/v2\/tags?post=3647"}],"curies":[{"name":"wp","href":"https:\/\/api.w.org\/{rel}","templated":true}]}}