{"id":36553,"date":"2025-07-23T13:02:27","date_gmt":"2025-07-23T11:02:27","guid":{"rendered":"https:\/\/www.amis-tico.eu\/de\/?p=36553"},"modified":"2025-08-28T17:40:21","modified_gmt":"2025-08-28T15:40:21","slug":"tipi-2","status":"publish","type":"post","link":"https:\/\/www.amis-tico.eu\/de\/2025\/tipi-2\/","title":{"rendered":"Tipi"},"content":{"rendered":"<p><strong>Name: <\/strong>Tipi<br \/>\n<strong>Geschlecht: <\/strong>m\u00e4nnlich<br \/>\n<strong>Geboren:<\/strong> 2022<\/p>\n<p><!--more--><\/p>\n<div>\n<p>&nbsp;<\/p>\n<div>\n<div>\n<h1><strong>Tipi ist vermittelt<\/strong><\/h1>\n<p>Der liebe und sch\u00fcchterene Kater Tipi ist 2022 geboren. Tipi ist sehr sozial mit anderen Katzen daher wird ein sch\u00f6nes Zuhause bei einer lieben Zweitkatze mit sp\u00e4terem Freigang f\u00fcr ihn gesucht. Tipi hat eine kleine Eintr\u00fcbung auf dem Auge, welche wahrscheinlich von einer fr\u00fcheren Verletzung kommt. Aktuell wir der h\u00fcbsche und zierliche Kater aufgrund einer Zahnfleischentz\u00fcndung mit Antibiotika behandelt. Wer gibt dem lieben Kater eine Chance auf ein Zuhause?<\/p>\n<\/div>\n<\/div>\n<\/div>\n\n\t\t\t<div id='36553-1' class='gallery gallery-36553 gallery-columns-3 gallery-size-thumbnail' itemscope itemtype='http:\/\/schema.org\/ImageGallery'>\n\t\t\t\t<div class='gallery-row gallery-col-3 gallery-clear'>\n\t\t\t\t\t<figure class='gallery-item col-3' itemprop='associatedMedia' itemscope itemtype='http:\/\/schema.org\/ImageObject'>\n\t\t\t\t\t\t<div class='gallery-icon landscape'><a href='https:\/\/www.amis-tico.eu\/de\/wp-content\/uploads\/sites\/3\/2025\/07\/20250623_165600-626x376.jpg' title='Tipi'><img loading=\"lazy\" decoding=\"async\" width=\"170\" height=\"150\" src=\"https:\/\/www.amis-tico.eu\/de\/wp-content\/uploads\/sites\/3\/2025\/07\/20250623_165600-170x150.jpg\" class=\"attachment-thumbnail size-thumbnail\" alt=\"\" itemprop=\"thumbnail\" \/><\/a><\/div>\n\t\t\t\t\t<\/figure>\n\t\t\t<\/div>\n\t\t\t<\/div><!-- .gallery -->\n\n<p>&nbsp;<\/p>\n<p><strong>Update von der Pflegestelle:<\/strong><\/p>\n<p>Tipi ist seit Freitag bei uns auf Pflegestelle. Die ersten zwei Tage hat er sich nur verkrochen.<br \/>\nDann haben wir beschlossen unseren Kater mit ins Zimmer zu nehmen ,und sofort wurde er von Tipi freundlich begr\u00fc\u00dft. Sobald unser Kater mit im Zimmer ist, st\u00f6rt es Tipi auch nicht mit nur 10 Zentimeter Abstand an uns vorbei zu gehen. Tipi beherrscht die Katzensprache perfekt, ist sehr sozial und ben\u00f6tigt Artgenossen an seiner Seite.<\/p>\n\n\t\t\t<div id='36553-2' class='gallery gallery-36553 gallery-columns-3 gallery-size-thumbnail' itemscope itemtype='http:\/\/schema.org\/ImageGallery'>\n\t\t\t\t<div class='gallery-row gallery-col-3 gallery-clear'>\n\t\t\t\t\t<figure class='gallery-item col-3' itemprop='associatedMedia' itemscope itemtype='http:\/\/schema.org\/ImageObject'>\n\t\t\t\t\t\t<div class='gallery-icon landscape'><a href='https:\/\/www.amis-tico.eu\/de\/wp-content\/uploads\/sites\/3\/2025\/07\/tipi-4-300x400.jpg' title='tipi (4)'><img loading=\"lazy\" decoding=\"async\" width=\"170\" height=\"150\" src=\"https:\/\/www.amis-tico.eu\/de\/wp-content\/uploads\/sites\/3\/2025\/07\/tipi-4-170x150.jpg\" class=\"attachment-thumbnail size-thumbnail\" alt=\"\" aria-describedby=\"figcaption-36553-36557\" itemprop=\"thumbnail\" \/><\/a><\/div>\n\t\t\t\t\t\t<figcaption id=\"figcaption-36553-36557\" class=\"gallery-caption\" itemprop=\"caption\">Tipi<\/figcaption>\n\t\t\t\t\t<\/figure>\n\t\t\t\t\t<figure class='gallery-item col-3' itemprop='associatedMedia' itemscope itemtype='http:\/\/schema.org\/ImageObject'>\n\t\t\t\t\t\t<div class='gallery-icon landscape'><a href='https:\/\/www.amis-tico.eu\/de\/wp-content\/uploads\/sites\/3\/2025\/07\/tipi-2-300x400.jpg' title='tipi (2)'><img loading=\"lazy\" decoding=\"async\" width=\"170\" height=\"150\" src=\"https:\/\/www.amis-tico.eu\/de\/wp-content\/uploads\/sites\/3\/2025\/07\/tipi-2-170x150.jpg\" class=\"attachment-thumbnail size-thumbnail\" alt=\"\" itemprop=\"thumbnail\" \/><\/a><\/div>\n\t\t\t\t\t<\/figure>\n\t\t\t\t\t<figure class='gallery-item col-3' itemprop='associatedMedia' itemscope itemtype='http:\/\/schema.org\/ImageObject'>\n\t\t\t\t\t\t<div class='gallery-icon landscape'><a href='https:\/\/www.amis-tico.eu\/de\/wp-content\/uploads\/sites\/3\/2025\/07\/tipi-3-533x400.jpg' title='tipi (3)'><img loading=\"lazy\" decoding=\"async\" width=\"170\" height=\"150\" src=\"https:\/\/www.amis-tico.eu\/de\/wp-content\/uploads\/sites\/3\/2025\/07\/tipi-3-170x150.jpg\" class=\"attachment-thumbnail size-thumbnail\" alt=\"\" itemprop=\"thumbnail\" \/><\/a><\/div>\n\t\t\t\t\t<\/figure>\n\t\t\t\t<\/div>\n\t\t\t\t<div class='gallery-row gallery-col-3 gallery-clear'>\n\t\t\t\t\t<figure class='gallery-item col-3' itemprop='associatedMedia' itemscope itemtype='http:\/\/schema.org\/ImageObject'>\n\t\t\t\t\t\t<div class='gallery-icon landscape'><a href='https:\/\/www.amis-tico.eu\/de\/wp-content\/uploads\/sites\/3\/2025\/07\/tipi-1-533x400.jpg' title='tipi (1)'><img loading=\"lazy\" decoding=\"async\" width=\"170\" height=\"150\" src=\"https:\/\/www.amis-tico.eu\/de\/wp-content\/uploads\/sites\/3\/2025\/07\/tipi-1-170x150.jpg\" class=\"attachment-thumbnail size-thumbnail\" alt=\"\" itemprop=\"thumbnail\" \/><\/a><\/div>\n\t\t\t\t\t<\/figure>\n\t\t\t<\/div>\n\t\t\t<\/div><!-- .gallery -->\n\n<p>&nbsp;<\/p>\n<p><strong>Bei Interesse an Tipi schreiben Sie bitte einen Kommentar unter diesen Beitrag. Anfragen werden nicht ver\u00f6ffentlicht!<\/strong><\/p>\n<p>&nbsp;<\/p>\n","protected":false},"excerpt":{"rendered":"<p>Name: Tipi Geschlecht: m\u00e4nnlich Geboren: 2022<\/p>\n","protected":false},"author":9,"featured_media":36554,"comment_status":"closed","ping_status":"open","sticky":false,"template":"","format":"standard","meta":{"footnotes":""},"categories":[273],"tags":[],"class_list":["post-36553","post","type-post","status-publish","format-standard","has-post-thumbnail","hentry","category-vermittelt-2025"],"_links":{"self":[{"href":"https:\/\/www.amis-tico.eu\/de\/wp-json\/wp\/v2\/posts\/36553","targetHints":{"allow":["GET"]}}],"collection":[{"href":"https:\/\/www.amis-tico.eu\/de\/wp-json\/wp\/v2\/posts"}],"about":[{"href":"https:\/\/www.amis-tico.eu\/de\/wp-json\/wp\/v2\/types\/post"}],"author":[{"embeddable":true,"href":"https:\/\/www.amis-tico.eu\/de\/wp-json\/wp\/v2\/users\/9"}],"replies":[{"embeddable":true,"href":"https:\/\/www.amis-tico.eu\/de\/wp-json\/wp\/v2\/comments?post=36553"}],"version-history":[{"count":5,"href":"https:\/\/www.amis-tico.eu\/de\/wp-json\/wp\/v2\/posts\/36553\/revisions"}],"predecessor-version":[{"id":37012,"href":"https:\/\/www.amis-tico.eu\/de\/wp-json\/wp\/v2\/posts\/36553\/revisions\/37012"}],"wp:featuredmedia":[{"embeddable":true,"href":"https:\/\/www.amis-tico.eu\/de\/wp-json\/wp\/v2\/media\/36554"}],"wp:attachment":[{"href":"https:\/\/www.amis-tico.eu\/de\/wp-json\/wp\/v2\/media?parent=36553"}],"wp:term":[{"taxonomy":"category","embeddable":true,"href":"https:\/\/www.amis-tico.eu\/de\/wp-json\/wp\/v2\/categories?post=36553"},{"taxonomy":"post_tag","embeddable":true,"href":"https:\/\/www.amis-tico.eu\/de\/wp-json\/wp\/v2\/tags?post=36553"}],"curies":[{"name":"wp","href":"https:\/\/api.w.org\/{rel}","templated":true}]}}