{"id":3701,"date":"2013-12-23T14:07:56","date_gmt":"2013-12-23T12:07:56","guid":{"rendered":"http:\/\/beta.amis-tico.eu\/de\/?p=3701"},"modified":"2015-02-07T15:00:07","modified_gmt":"2015-02-07T14:00:07","slug":"ulky","status":"publish","type":"post","link":"https:\/\/www.amis-tico.eu\/de\/2013\/ulky\/","title":{"rendered":"Ulky"},"content":{"rendered":"<p>Name<strong>:\u00a0 Ulky<\/strong><br \/>\nAlter: \u00a0 geb. 14.08.2003<br \/>\nGeschlecht: m\u00e4nnlich<br \/>\nRasse: Sch\u00e4ferhund-Mischling<\/p>\n<p>Der h\u00fcbsche Ulky sucht ein Zuhause.<\/p>\n<p><!--more--><\/p>\n\n\t\t\t<div id='3701-1' class='gallery gallery-3701 gallery-columns-3 gallery-size-thumbnail' itemscope itemtype='http:\/\/schema.org\/ImageGallery'>\n\t\t\t\t<div class='gallery-row gallery-col-3 gallery-clear'>\n\t\t\t\t\t<figure class='gallery-item col-3' itemprop='associatedMedia' itemscope itemtype='http:\/\/schema.org\/ImageObject'>\n\t\t\t\t\t\t<div class='gallery-icon landscape'><a href='https:\/\/www.amis-tico.eu\/de\/wp-content\/uploads\/sites\/3\/2013\/12\/Ulky-1.1-bb.jpg' title='Ulky 1.1 bb'><img loading=\"lazy\" decoding=\"async\" width=\"180\" height=\"106\" src=\"https:\/\/www.amis-tico.eu\/de\/wp-content\/uploads\/sites\/3\/2013\/12\/Ulky-1.1-bb-180x106.jpg\" class=\"attachment-thumbnail size-thumbnail\" alt=\"\" aria-describedby=\"figcaption-3701-3689\" itemprop=\"thumbnail\" \/><\/a><\/div>\n\t\t\t\t\t\t<figcaption id=\"figcaption-3701-3689\" class=\"gallery-caption\" itemprop=\"caption\"> Sch\u00e4fermischling Ulky<\/figcaption>\n\t\t\t\t\t<\/figure>\n\t\t\t\t\t<figure class='gallery-item col-3' itemprop='associatedMedia' itemscope itemtype='http:\/\/schema.org\/ImageObject'>\n\t\t\t\t\t\t<div class='gallery-icon landscape'><a href='https:\/\/www.amis-tico.eu\/de\/wp-content\/uploads\/sites\/3\/2013\/12\/Ulky-1-2-386x400.jpg' title='Ulky 1-2'><img loading=\"lazy\" decoding=\"async\" width=\"180\" height=\"106\" src=\"https:\/\/www.amis-tico.eu\/de\/wp-content\/uploads\/sites\/3\/2013\/12\/Ulky-1-2-180x106.jpg\" class=\"attachment-thumbnail size-thumbnail\" alt=\"\" aria-describedby=\"figcaption-3701-3688\" itemprop=\"thumbnail\" \/><\/a><\/div>\n\t\t\t\t\t\t<figcaption id=\"figcaption-3701-3688\" class=\"gallery-caption\" itemprop=\"caption\">beim Gassigehen<\/figcaption>\n\t\t\t\t\t<\/figure>\n\t\t\t\t\t<figure class='gallery-item col-3' itemprop='associatedMedia' itemscope itemtype='http:\/\/schema.org\/ImageObject'>\n\t\t\t\t\t\t<div class='gallery-icon landscape'><a href='https:\/\/www.amis-tico.eu\/de\/wp-content\/uploads\/sites\/3\/2013\/12\/Ulky-1-3-339x400.jpg' title='Ulky 1-3'><img loading=\"lazy\" decoding=\"async\" width=\"180\" height=\"106\" src=\"https:\/\/www.amis-tico.eu\/de\/wp-content\/uploads\/sites\/3\/2013\/12\/Ulky-1-3-180x106.jpg\" class=\"attachment-thumbnail size-thumbnail\" alt=\"\" aria-describedby=\"figcaption-3701-3687\" itemprop=\"thumbnail\" \/><\/a><\/div>\n\t\t\t\t\t\t<figcaption id=\"figcaption-3701-3687\" class=\"gallery-caption\" itemprop=\"caption\">ein h\u00fcbscher<\/figcaption>\n\t\t\t\t\t<\/figure>\n\t\t\t\t<\/div>\n\t\t\t\t<div class='gallery-row gallery-col-3 gallery-clear'>\n\t\t\t\t\t<figure class='gallery-item col-3' itemprop='associatedMedia' itemscope itemtype='http:\/\/schema.org\/ImageObject'>\n\t\t\t\t\t\t<div class='gallery-icon landscape'><a href='https:\/\/www.amis-tico.eu\/de\/wp-content\/uploads\/sites\/3\/2013\/12\/Ulky-1-5-485x400.jpg' title='Ulky 1-5'><img loading=\"lazy\" decoding=\"async\" width=\"180\" height=\"106\" src=\"https:\/\/www.amis-tico.eu\/de\/wp-content\/uploads\/sites\/3\/2013\/12\/Ulky-1-5-180x106.jpg\" class=\"attachment-thumbnail size-thumbnail\" alt=\"\" aria-describedby=\"figcaption-3701-3686\" itemprop=\"thumbnail\" \/><\/a><\/div>\n\t\t\t\t\t\t<figcaption id=\"figcaption-3701-3686\" class=\"gallery-caption\" itemprop=\"caption\">toller Kerl<\/figcaption>\n\t\t\t\t\t<\/figure>\n\t\t\t<\/div>\n\t\t\t<\/div><!-- .gallery -->\n\n<p><strong>Update 30.12.2013:<\/strong><\/p>\n<p>Ulky ist vermittelt!<\/p>\n<p>&nbsp;<\/p>\n<p>&nbsp;<\/p>\n<p>&nbsp;<\/p>\n","protected":false},"excerpt":{"rendered":"<p>Name:\u00a0 Ulky Alter: \u00a0 geb. 14.08.2003 Geschlecht: m\u00e4nnlich Rasse: Sch\u00e4ferhund-Mischling Der h\u00fcbsche Ulky sucht ein Zuhause.<\/p>\n","protected":false},"author":7,"featured_media":3702,"comment_status":"open","ping_status":"open","sticky":false,"template":"","format":"standard","meta":{"footnotes":""},"categories":[185],"tags":[72,12],"class_list":["post-3701","post","type-post","status-publish","format-standard","has-post-thumbnail","hentry","category-vermittelt-2013","tag-mischling","tag-schaferhund"],"_links":{"self":[{"href":"https:\/\/www.amis-tico.eu\/de\/wp-json\/wp\/v2\/posts\/3701","targetHints":{"allow":["GET"]}}],"collection":[{"href":"https:\/\/www.amis-tico.eu\/de\/wp-json\/wp\/v2\/posts"}],"about":[{"href":"https:\/\/www.amis-tico.eu\/de\/wp-json\/wp\/v2\/types\/post"}],"author":[{"embeddable":true,"href":"https:\/\/www.amis-tico.eu\/de\/wp-json\/wp\/v2\/users\/7"}],"replies":[{"embeddable":true,"href":"https:\/\/www.amis-tico.eu\/de\/wp-json\/wp\/v2\/comments?post=3701"}],"version-history":[{"count":4,"href":"https:\/\/www.amis-tico.eu\/de\/wp-json\/wp\/v2\/posts\/3701\/revisions"}],"predecessor-version":[{"id":3732,"href":"https:\/\/www.amis-tico.eu\/de\/wp-json\/wp\/v2\/posts\/3701\/revisions\/3732"}],"wp:featuredmedia":[{"embeddable":true,"href":"https:\/\/www.amis-tico.eu\/de\/wp-json\/wp\/v2\/media\/3702"}],"wp:attachment":[{"href":"https:\/\/www.amis-tico.eu\/de\/wp-json\/wp\/v2\/media?parent=3701"}],"wp:term":[{"taxonomy":"category","embeddable":true,"href":"https:\/\/www.amis-tico.eu\/de\/wp-json\/wp\/v2\/categories?post=3701"},{"taxonomy":"post_tag","embeddable":true,"href":"https:\/\/www.amis-tico.eu\/de\/wp-json\/wp\/v2\/tags?post=3701"}],"curies":[{"name":"wp","href":"https:\/\/api.w.org\/{rel}","templated":true}]}}