{"id":40174,"date":"2026-04-29T16:06:22","date_gmt":"2026-04-29T14:06:22","guid":{"rendered":"https:\/\/www.amis-tico.eu\/de\/?p=40174"},"modified":"2026-04-30T06:34:12","modified_gmt":"2026-04-30T04:34:12","slug":"mimi-7","status":"publish","type":"post","link":"https:\/\/www.amis-tico.eu\/de\/2026\/mimi-7\/","title":{"rendered":"Mimi"},"content":{"rendered":"<p><strong>Name:\u00a0<\/strong>Mimi<br \/>\n<strong>Geschlecht:\u00a0<\/strong>m\u00e4nnlich<br \/>\n<strong>Alter:<\/strong> 5 Jahre<!--more--><\/p>\n<p>&nbsp;<\/p>\n<p><strong>29.04.2026<\/strong><\/p>\n<p>Mimi ist ein toller, verschmuster Kater. Er kommt sowohl mit anderen Katzen als auch mit Hunden gut zurecht. F\u00fcr ihn w\u00fcnschen wir uns ein liebevolles Zuhause mit Freigang.<\/p>\n<p>Mimi kann gerne auf seiner Pflegestelle in der N\u00e4he von M\u00fcllheim besucht werden.<\/p>\n\n\t\t\t<div id='40174-1' class='gallery gallery-40174 gallery-columns-3 gallery-size-thumbnail' itemscope itemtype='http:\/\/schema.org\/ImageGallery'>\n\t\t\t\t<div class='gallery-row gallery-col-3 gallery-clear'>\n\t\t\t\t\t<figure class='gallery-item col-3' itemprop='associatedMedia' itemscope itemtype='http:\/\/schema.org\/ImageObject'>\n\t\t\t\t\t\t<div class='gallery-icon landscape'><a href='https:\/\/www.amis-tico.eu\/de\/wp-content\/uploads\/sites\/3\/2026\/04\/Mimi-2-1600x1086.jpg' title='Mimi-2'><img loading=\"lazy\" decoding=\"async\" width=\"400\" height=\"400\" src=\"https:\/\/www.amis-tico.eu\/de\/wp-content\/uploads\/sites\/3\/2026\/04\/Mimi-2-400x400.jpg\" class=\"attachment-thumbnail size-thumbnail\" alt=\"\" itemprop=\"thumbnail\" \/><\/a><\/div>\n\t\t\t\t\t<\/figure>\n\t\t\t\t\t<figure class='gallery-item col-3' itemprop='associatedMedia' itemscope itemtype='http:\/\/schema.org\/ImageObject'>\n\t\t\t\t\t\t<div class='gallery-icon landscape'><a href='https:\/\/www.amis-tico.eu\/de\/wp-content\/uploads\/sites\/3\/2026\/04\/Mimi-3-1600x1619.jpg' title='Mimi-3'><img loading=\"lazy\" decoding=\"async\" width=\"400\" height=\"400\" src=\"https:\/\/www.amis-tico.eu\/de\/wp-content\/uploads\/sites\/3\/2026\/04\/Mimi-3-400x400.jpg\" class=\"attachment-thumbnail size-thumbnail\" alt=\"\" itemprop=\"thumbnail\" \/><\/a><\/div>\n\t\t\t\t\t<\/figure>\n\t\t\t<\/div>\n\t\t\t<\/div><!-- .gallery -->\n\n<p>&nbsp;<\/p>\n<p><em>Wenn Sie Interesse an Mimi haben, freuen wir uns \u00fcber einen Kommentar unter diesem Beitrag. Anfragen bleiben selbstverst\u00e4ndlich unver\u00f6ffentlicht.<\/em><\/p>\n<p>&nbsp;<\/p>\n","protected":false},"excerpt":{"rendered":"<p>Name:\u00a0Mimi Geschlecht:\u00a0m\u00e4nnlich Alter: 5 Jahre<\/p>\n","protected":false},"author":7,"featured_media":40178,"comment_status":"open","ping_status":"open","sticky":false,"template":"","format":"standard","meta":{"footnotes":""},"categories":[6,3,9],"tags":[],"class_list":["post-40174","post","type-post","status-publish","format-standard","has-post-thumbnail","hentry","category-katzen","category-neu","category-pflegestelle"],"_links":{"self":[{"href":"https:\/\/www.amis-tico.eu\/de\/wp-json\/wp\/v2\/posts\/40174","targetHints":{"allow":["GET"]}}],"collection":[{"href":"https:\/\/www.amis-tico.eu\/de\/wp-json\/wp\/v2\/posts"}],"about":[{"href":"https:\/\/www.amis-tico.eu\/de\/wp-json\/wp\/v2\/types\/post"}],"author":[{"embeddable":true,"href":"https:\/\/www.amis-tico.eu\/de\/wp-json\/wp\/v2\/users\/7"}],"replies":[{"embeddable":true,"href":"https:\/\/www.amis-tico.eu\/de\/wp-json\/wp\/v2\/comments?post=40174"}],"version-history":[{"count":5,"href":"https:\/\/www.amis-tico.eu\/de\/wp-json\/wp\/v2\/posts\/40174\/revisions"}],"predecessor-version":[{"id":40184,"href":"https:\/\/www.amis-tico.eu\/de\/wp-json\/wp\/v2\/posts\/40174\/revisions\/40184"}],"wp:featuredmedia":[{"embeddable":true,"href":"https:\/\/www.amis-tico.eu\/de\/wp-json\/wp\/v2\/media\/40178"}],"wp:attachment":[{"href":"https:\/\/www.amis-tico.eu\/de\/wp-json\/wp\/v2\/media?parent=40174"}],"wp:term":[{"taxonomy":"category","embeddable":true,"href":"https:\/\/www.amis-tico.eu\/de\/wp-json\/wp\/v2\/categories?post=40174"},{"taxonomy":"post_tag","embeddable":true,"href":"https:\/\/www.amis-tico.eu\/de\/wp-json\/wp\/v2\/tags?post=40174"}],"curies":[{"name":"wp","href":"https:\/\/api.w.org\/{rel}","templated":true}]}}