{"id":4313,"date":"2014-02-20T16:03:31","date_gmt":"2014-02-20T15:03:31","guid":{"rendered":"http:\/\/beta.amis-tico.eu\/de\/?p=4313"},"modified":"2015-01-29T15:36:23","modified_gmt":"2015-01-29T14:36:23","slug":"pomponette","status":"publish","type":"post","link":"https:\/\/www.amis-tico.eu\/de\/2014\/pomponette\/","title":{"rendered":"Pomponette"},"content":{"rendered":"<p>Name:\u00a0<strong> Pomponette<br \/>\n<\/strong><\/p>\n<p>Geschlecht: weiblich<\/p>\n<p>Alter: geb. 03\/2010<\/p>\n<p>Pomponette sucht <strong><span style=\"color: #ff0000\">dringend<\/span><\/strong> einen Einzelplatz.<\/p>\n<p><!--more--><\/p>\n<p>Auf der Pflegestelle angekommen entpuppte sich Pomponette als eine zu Fremden recht scheue,\u00a0 aber zu ihren Bezugspersonnen sehr verschmuste und verspielte Katze. Die Wunden, die sie sich im Tierheim durch Kratzen wohl selbst zu gef\u00fcgt hatte, sind mittlerweile vollst\u00e4ndig abgeheilt.<br \/>\nDie S\u00fcsse hat den Stress und das Mobbing der anderen Katzen nicht mehr ertragen k\u00f6nnen . <strong>Leider ist Pomponette zur Zeit nur auf einer Notpflegestelle untergebracht, so dass wir dringend ein sch\u00f6nes Zuhause als Einzelkatze f\u00fcr die S\u00fc\u00dfe suchen.<\/strong> Sie soll nicht mehr ins TH zur\u00fcck m\u00fcssen!!! Das w\u00e4re f\u00fcr &#8222;Poppi&#8220; eine Katastrophe, Sie hatte in ihrer Zeit im Tierheim keine einzige Anfrage.<\/p>\n<p><a href=\"https:\/\/www.amis-tico.eu\/de\/wp-content\/uploads\/sites\/3\/2014\/01\/Pomponette-1-2.jpg\"><img loading=\"lazy\" decoding=\"async\" class=\"alignnone  wp-image-4315\" src=\"https:\/\/www.amis-tico.eu\/de\/wp-content\/uploads\/sites\/3\/2014\/01\/Pomponette-1-2-274x400.jpg\" alt=\"Pomponette 1-2\" width=\"164\" height=\"240\" srcset=\"https:\/\/www.amis-tico.eu\/de\/wp-content\/uploads\/sites\/3\/2014\/01\/Pomponette-1-2-274x400.jpg 274w, https:\/\/www.amis-tico.eu\/de\/wp-content\/uploads\/sites\/3\/2014\/01\/Pomponette-1-2-624x908.jpg 624w, https:\/\/www.amis-tico.eu\/de\/wp-content\/uploads\/sites\/3\/2014\/01\/Pomponette-1-2.jpg 700w\" sizes=\"auto, (max-width: 164px) 100vw, 164px\" \/><\/a><a href=\"https:\/\/www.amis-tico.eu\/de\/wp-content\/uploads\/sites\/3\/2014\/01\/Pomponette-1-3.jpg\"><img loading=\"lazy\" decoding=\"async\" class=\"alignnone  wp-image-4314\" src=\"https:\/\/www.amis-tico.eu\/de\/wp-content\/uploads\/sites\/3\/2014\/01\/Pomponette-1-3-300x400.jpg\" alt=\"Pomponette 1-3\" width=\"180\" height=\"240\" srcset=\"https:\/\/www.amis-tico.eu\/de\/wp-content\/uploads\/sites\/3\/2014\/01\/Pomponette-1-3-300x400.jpg 300w, https:\/\/www.amis-tico.eu\/de\/wp-content\/uploads\/sites\/3\/2014\/01\/Pomponette-1-3-624x831.jpg 624w, https:\/\/www.amis-tico.eu\/de\/wp-content\/uploads\/sites\/3\/2014\/01\/Pomponette-1-3.jpg 700w\" sizes=\"auto, (max-width: 180px) 100vw, 180px\" \/><\/a><\/p>\n<p><strong>Update, 05.02.2014<\/strong>:<\/p>\n<p>Zu Besuch bei Pomponette:<\/p>\n<p class=\"MsoNormal\">Hallo, ich habe Pomponette, liebevoll jetzt Pompi genannt, besucht. Sie hat sich jetzt wunderbar entwickelt.<\/p>\n<p class=\"MsoNormal\">Sie ist sch\u00fcchtern bei fremden Leuten und sucht dann Schutz, trotz allem ist Pompi aus ihrem Versteck immer wieder gekommen<\/p>\n<p class=\"MsoNormal\">und ich habe sie gestreichelt. Wenn sie mit ihren Menschen alleine ist, l\u00e4uft sie immer hinterher und sucht Kontakt.<\/p>\n<p class=\"MsoNormal\">Sie schl\u00e4ft auf dem Bett und sucht N\u00e4he. Pompi ist verschmust. Wenn es ihr zu viel wird, zeigt sie es nicht aggressiv, sondern schiebt die Hand zur Seite.<\/p>\n<p class=\"MsoNormal\">Sie ist gern allein, es macht ihr nichts aus, wenn ihre Menschen arbeiten gehen. Nur Action mag sie gar nicht, oder wo kleine Kinder sind.<\/p>\n<p class=\"MsoNormal\">Sie m\u00fcsste in einen ruhigen Haushalt, wo man ihr einfach Ruhe und Geborgenheit gibt, und sie erst mal so akzeptiert wie sie ist .Alles andere gibt sich schon.<\/p>\n<p class=\"MsoNormal\">Ich w\u00fcrde sie nicht als schwierige Katze bezeichnen, nachdem ich Pompi gesehen habe. Ich war ganz sch\u00f6n positiv \u00fcberrascht.<\/p>\n<p class=\"MsoNormal\">Ich habe Pompi in mein Herz geschlossen, und hoffe innigst das ihr jemand ein zu Hause geben kann. Sie kann nicht ewig auf ihrer Pflegestelle bleiben,<\/p>\n<p class=\"MsoNormal\">das war nur eine Notl\u00f6sung weil sie im Tierheim unheimlich gelitten hat. Im M\u00e4rz werden es zwei Jahre. Sie war den Mobbingattacken ihrer Mitbewohner ausgeliefert.<\/p>\n<p class=\"MsoNormal\">Dadurch fing sie an sich den Hals aufzukratzen. Es war eine gro\u00dfe Wunde. Inzwischen ist alles verheilt. Ich w\u00fcnsche ihr von ganzem Herzen ein Pl\u00e4tzchen f\u00fcr immer.<\/p>\n<p class=\"MsoNormal\">Sonst m\u00fcsste sie wieder ins Tierheim zur\u00fcck. Das w\u00e4re furchtbar.<\/p>\n<p class=\"MsoNormal\">Alles Liebe und Gl\u00fcck w\u00fcnsche ich <span style=\"font-size: 16pt;color: black\">Pompi.<\/span><\/p>\n<p class=\"MsoNormal\">Pomponette hat ein sehr sch\u00f6nes Zuhause gefunden.<\/p>\n","protected":false},"excerpt":{"rendered":"<p>Name:\u00a0 Pomponette Geschlecht: weiblich Alter: geb. 03\/2010 Pomponette sucht dringend einen Einzelplatz.<\/p>\n","protected":false},"author":7,"featured_media":4316,"comment_status":"open","ping_status":"open","sticky":false,"template":"","format":"standard","meta":{"footnotes":""},"categories":[169],"tags":[],"class_list":["post-4313","post","type-post","status-publish","format-standard","has-post-thumbnail","hentry","category-vermittelt-2014"],"_links":{"self":[{"href":"https:\/\/www.amis-tico.eu\/de\/wp-json\/wp\/v2\/posts\/4313","targetHints":{"allow":["GET"]}}],"collection":[{"href":"https:\/\/www.amis-tico.eu\/de\/wp-json\/wp\/v2\/posts"}],"about":[{"href":"https:\/\/www.amis-tico.eu\/de\/wp-json\/wp\/v2\/types\/post"}],"author":[{"embeddable":true,"href":"https:\/\/www.amis-tico.eu\/de\/wp-json\/wp\/v2\/users\/7"}],"replies":[{"embeddable":true,"href":"https:\/\/www.amis-tico.eu\/de\/wp-json\/wp\/v2\/comments?post=4313"}],"version-history":[{"count":9,"href":"https:\/\/www.amis-tico.eu\/de\/wp-json\/wp\/v2\/posts\/4313\/revisions"}],"predecessor-version":[{"id":9031,"href":"https:\/\/www.amis-tico.eu\/de\/wp-json\/wp\/v2\/posts\/4313\/revisions\/9031"}],"wp:featuredmedia":[{"embeddable":true,"href":"https:\/\/www.amis-tico.eu\/de\/wp-json\/wp\/v2\/media\/4316"}],"wp:attachment":[{"href":"https:\/\/www.amis-tico.eu\/de\/wp-json\/wp\/v2\/media?parent=4313"}],"wp:term":[{"taxonomy":"category","embeddable":true,"href":"https:\/\/www.amis-tico.eu\/de\/wp-json\/wp\/v2\/categories?post=4313"},{"taxonomy":"post_tag","embeddable":true,"href":"https:\/\/www.amis-tico.eu\/de\/wp-json\/wp\/v2\/tags?post=4313"}],"curies":[{"name":"wp","href":"https:\/\/api.w.org\/{rel}","templated":true}]}}