{"id":5188,"date":"2014-03-24T13:45:10","date_gmt":"2014-03-24T12:45:10","guid":{"rendered":"http:\/\/beta.amis-tico.eu\/de\/?p=5188"},"modified":"2015-01-29T15:18:59","modified_gmt":"2015-01-29T14:18:59","slug":"zwei-liebe-kater","status":"publish","type":"post","link":"https:\/\/www.amis-tico.eu\/de\/2014\/zwei-liebe-kater\/","title":{"rendered":"Maya und wei\u00dfer Kater"},"content":{"rendered":"<p style=\"text-align: center\"><a href=\"https:\/\/www.amis-tico.eu\/de\/wp-content\/uploads\/sites\/3\/2014\/03\/2-kater-1-1bb.jpg\"><img loading=\"lazy\" decoding=\"async\" class=\"size-full wp-image-5175 aligncenter\" src=\"https:\/\/www.amis-tico.eu\/de\/wp-content\/uploads\/sites\/3\/2014\/03\/2-kater-1-1bb.jpg\" alt=\"2 kater 1-1bb\" width=\"300\" height=\"164\" \/><\/a>Zwei liebe Katzen suchen ein gemeinsames Zuhause.<\/p>\n<p style=\"text-align: center\">Wei\u00dfer Kater: ca. 6 Jahre, er ist ein kleines bi\u00dfchen scheu und braucht etwas Zeit um Zutrauen zu fassen <strong>(Update 22.08.2014: verstorben!).<\/strong><\/p>\n<p style=\"text-align: center\">Tigerk\u00e4tzin hei\u00dft Maya: ca. 3 Jahre, eine ganz liebe und verschmuste K\u00e4tzin, die sehr gerne kuschelt mit dem wei\u00dfen Kater.<\/p>\n<p style=\"text-align: center\"><!--more--><\/p>\n<p style=\"text-align: center\">Die\u00a0 beiden kuscheln gerne zusammen.<\/p>\n<p><a href=\"https:\/\/www.amis-tico.eu\/de\/wp-content\/uploads\/sites\/3\/2014\/03\/wei\u00dfer-Kater-DSC_821.jpg\"><img loading=\"lazy\" decoding=\"async\" class=\"alignnone  wp-image-5155\" src=\"https:\/\/www.amis-tico.eu\/de\/wp-content\/uploads\/sites\/3\/2014\/03\/wei\u00dfer-Kater-DSC_821-573x400.jpg\" alt=\"wei\u00dfer Kater DSC_821\" width=\"344\" height=\"240\" srcset=\"https:\/\/www.amis-tico.eu\/de\/wp-content\/uploads\/sites\/3\/2014\/03\/wei\u00dfer-Kater-DSC_821-573x400.jpg 573w, https:\/\/www.amis-tico.eu\/de\/wp-content\/uploads\/sites\/3\/2014\/03\/wei\u00dfer-Kater-DSC_821-624x435.jpg 624w, https:\/\/www.amis-tico.eu\/de\/wp-content\/uploads\/sites\/3\/2014\/03\/wei\u00dfer-Kater-DSC_821.jpg 700w\" sizes=\"auto, (max-width: 344px) 100vw, 344px\" \/><\/a><\/p>\n\n\t\t\t<div id='5188-1' class='gallery gallery-5188 gallery-columns-3 gallery-size-thumbnail' itemscope itemtype='http:\/\/schema.org\/ImageGallery'>\n\t\t\t\t<div class='gallery-row gallery-col-3 gallery-clear'>\n\t\t\t\t\t<figure class='gallery-item col-3' itemprop='associatedMedia' itemscope itemtype='http:\/\/schema.org\/ImageObject'>\n\t\t\t\t\t\t<div class='gallery-icon landscape'><a href='https:\/\/www.amis-tico.eu\/de\/wp-content\/uploads\/sites\/3\/2014\/03\/wei\u00dfer-Kater-DSC_0820.jpg' title='wei\u00dfer Kater DSC_0820'><img loading=\"lazy\" decoding=\"async\" width=\"180\" height=\"180\" src=\"https:\/\/www.amis-tico.eu\/de\/wp-content\/uploads\/sites\/3\/2014\/03\/wei\u00dfer-Kater-DSC_0820-180x180.jpg\" class=\"attachment-thumbnail size-thumbnail\" alt=\"\" srcset=\"https:\/\/www.amis-tico.eu\/de\/wp-content\/uploads\/sites\/3\/2014\/03\/wei\u00dfer-Kater-DSC_0820-180x180.jpg 180w, https:\/\/www.amis-tico.eu\/de\/wp-content\/uploads\/sites\/3\/2014\/03\/wei\u00dfer-Kater-DSC_0820.jpg 300w\" sizes=\"auto, (max-width: 180px) 100vw, 180px\" itemprop=\"thumbnail\" \/><\/a><\/div>\n\t\t\t\t\t<\/figure>\n\t\t\t\t\t<figure class='gallery-item col-3' itemprop='associatedMedia' itemscope itemtype='http:\/\/schema.org\/ImageObject'>\n\t\t\t\t\t\t<div class='gallery-icon landscape'><a href='https:\/\/www.amis-tico.eu\/de\/wp-content\/uploads\/sites\/3\/2014\/03\/Tigerkater-484x400.jpg' title='Tigerkater'><img loading=\"lazy\" decoding=\"async\" width=\"180\" height=\"180\" src=\"https:\/\/www.amis-tico.eu\/de\/wp-content\/uploads\/sites\/3\/2014\/03\/Tigerkater-180x180.jpg\" class=\"attachment-thumbnail size-thumbnail\" alt=\"\" itemprop=\"thumbnail\" \/><\/a><\/div>\n\t\t\t\t\t<\/figure>\n\t\t\t\t\t<figure class='gallery-item col-3' itemprop='associatedMedia' itemscope itemtype='http:\/\/schema.org\/ImageObject'>\n\t\t\t\t\t\t<div class='gallery-icon landscape'><a href='https:\/\/www.amis-tico.eu\/de\/wp-content\/uploads\/sites\/3\/2014\/03\/Tigerkater-DSC_0801-417x400.jpg' title='Tigerkater DSC_0801'><img loading=\"lazy\" decoding=\"async\" width=\"180\" height=\"180\" src=\"https:\/\/www.amis-tico.eu\/de\/wp-content\/uploads\/sites\/3\/2014\/03\/Tigerkater-DSC_0801-180x180.jpg\" class=\"attachment-thumbnail size-thumbnail\" alt=\"\" itemprop=\"thumbnail\" \/><\/a><\/div>\n\t\t\t\t\t<\/figure>\n\t\t\t\t<\/div>\n\t\t\t\t<div class='gallery-row gallery-col-3 gallery-clear'>\n\t\t\t\t\t<figure class='gallery-item col-3' itemprop='associatedMedia' itemscope itemtype='http:\/\/schema.org\/ImageObject'>\n\t\t\t\t\t\t<div class='gallery-icon landscape'><a href='https:\/\/www.amis-tico.eu\/de\/wp-content\/uploads\/sites\/3\/2014\/03\/Tigerkater-DSC_0800-373x400.jpg' title='Tigerkater DSC_0800'><img loading=\"lazy\" decoding=\"async\" width=\"180\" height=\"180\" src=\"https:\/\/www.amis-tico.eu\/de\/wp-content\/uploads\/sites\/3\/2014\/03\/Tigerkater-DSC_0800-180x180.jpg\" class=\"attachment-thumbnail size-thumbnail\" alt=\"\" itemprop=\"thumbnail\" \/><\/a><\/div>\n\t\t\t\t\t<\/figure>\n\t\t\t\t\t<figure class='gallery-item col-3' itemprop='associatedMedia' itemscope itemtype='http:\/\/schema.org\/ImageObject'>\n\t\t\t\t\t\t<div class='gallery-icon landscape'><a href='https:\/\/www.amis-tico.eu\/de\/wp-content\/uploads\/sites\/3\/2014\/03\/Tigerkater-DSC_0794-400x400.jpg' title='Tigerkater DSC_0794'><img loading=\"lazy\" decoding=\"async\" width=\"180\" height=\"180\" src=\"https:\/\/www.amis-tico.eu\/de\/wp-content\/uploads\/sites\/3\/2014\/03\/Tigerkater-DSC_0794-180x180.jpg\" class=\"attachment-thumbnail size-thumbnail\" alt=\"\" srcset=\"https:\/\/www.amis-tico.eu\/de\/wp-content\/uploads\/sites\/3\/2014\/03\/Tigerkater-DSC_0794-180x180.jpg 180w, https:\/\/www.amis-tico.eu\/de\/wp-content\/uploads\/sites\/3\/2014\/03\/Tigerkater-DSC_0794-400x400.jpg 400w, https:\/\/www.amis-tico.eu\/de\/wp-content\/uploads\/sites\/3\/2014\/03\/Tigerkater-DSC_0794-624x624.jpg 624w, https:\/\/www.amis-tico.eu\/de\/wp-content\/uploads\/sites\/3\/2014\/03\/Tigerkater-DSC_0794.jpg 700w\" sizes=\"auto, (max-width: 180px) 100vw, 180px\" itemprop=\"thumbnail\" \/><\/a><\/div>\n\t\t\t\t\t<\/figure>\n\t\t\t\t\t<figure class='gallery-item col-3' itemprop='associatedMedia' itemscope itemtype='http:\/\/schema.org\/ImageObject'>\n\t\t\t\t\t\t<div class='gallery-icon landscape'><a href='https:\/\/www.amis-tico.eu\/de\/wp-content\/uploads\/sites\/3\/2014\/03\/wei\u00dfer-Kater-DSC_0817-602x400.jpg' title='wei\u00dfer Kater DSC_0817'><img loading=\"lazy\" decoding=\"async\" width=\"180\" height=\"180\" src=\"https:\/\/www.amis-tico.eu\/de\/wp-content\/uploads\/sites\/3\/2014\/03\/wei\u00dfer-Kater-DSC_0817-180x180.jpg\" class=\"attachment-thumbnail size-thumbnail\" alt=\"\" itemprop=\"thumbnail\" \/><\/a><\/div>\n\t\t\t\t\t<\/figure>\n\t\t\t\t<\/div>\n\t\t\t\t<div class='gallery-row gallery-col-3 gallery-clear'>\n\t\t\t\t\t<figure class='gallery-item col-3' itemprop='associatedMedia' itemscope itemtype='http:\/\/schema.org\/ImageObject'>\n\t\t\t\t\t\t<div class='gallery-icon landscape'><a href='https:\/\/www.amis-tico.eu\/de\/wp-content\/uploads\/sites\/3\/2014\/03\/wei\u00dfer-Kater-DSC_0814.jpg' title='wei\u00dfer Kater DSC_0814'><img loading=\"lazy\" decoding=\"async\" width=\"180\" height=\"180\" src=\"https:\/\/www.amis-tico.eu\/de\/wp-content\/uploads\/sites\/3\/2014\/03\/wei\u00dfer-Kater-DSC_0814-180x180.jpg\" class=\"attachment-thumbnail size-thumbnail\" alt=\"\" itemprop=\"thumbnail\" \/><\/a><\/div>\n\t\t\t\t\t<\/figure>\n\t\t\t<\/div>\n\t\t\t<\/div><!-- .gallery -->\n\n<p><strong>Update 22.08.2014:<\/strong><\/p>\n<p>Der wei\u00dfe Kater ist mittlerweile verstorben&#8230;.wer schenkt nun der K\u00e4tzin ein liebevolles Zuhause?<\/p>\n<p>Maya ist gl\u00fccklich vermittelt und genie\u00dft dieAufmerksamkeit und die\u00a0 vielen Streicheleinheiten in ihrem neuen Zuhause.<\/p>\n","protected":false},"excerpt":{"rendered":"<p>Zwei liebe Katzen suchen ein gemeinsames Zuhause. Wei\u00dfer Kater: ca. 6 Jahre, er ist ein kleines bi\u00dfchen scheu und braucht etwas Zeit um Zutrauen zu fassen (Update 22.08.2014: verstorben!). Tigerk\u00e4tzin hei\u00dft Maya: ca. 3 Jahre, eine ganz liebe und verschmuste K\u00e4tzin, die sehr gerne kuschelt mit dem wei\u00dfen Kater.<\/p>\n","protected":false},"author":7,"featured_media":0,"comment_status":"open","ping_status":"open","sticky":false,"template":"","format":"standard","meta":{"footnotes":""},"categories":[169],"tags":[],"class_list":["post-5188","post","type-post","status-publish","format-standard","hentry","category-vermittelt-2014"],"_links":{"self":[{"href":"https:\/\/www.amis-tico.eu\/de\/wp-json\/wp\/v2\/posts\/5188","targetHints":{"allow":["GET"]}}],"collection":[{"href":"https:\/\/www.amis-tico.eu\/de\/wp-json\/wp\/v2\/posts"}],"about":[{"href":"https:\/\/www.amis-tico.eu\/de\/wp-json\/wp\/v2\/types\/post"}],"author":[{"embeddable":true,"href":"https:\/\/www.amis-tico.eu\/de\/wp-json\/wp\/v2\/users\/7"}],"replies":[{"embeddable":true,"href":"https:\/\/www.amis-tico.eu\/de\/wp-json\/wp\/v2\/comments?post=5188"}],"version-history":[{"count":12,"href":"https:\/\/www.amis-tico.eu\/de\/wp-json\/wp\/v2\/posts\/5188\/revisions"}],"predecessor-version":[{"id":9027,"href":"https:\/\/www.amis-tico.eu\/de\/wp-json\/wp\/v2\/posts\/5188\/revisions\/9027"}],"wp:attachment":[{"href":"https:\/\/www.amis-tico.eu\/de\/wp-json\/wp\/v2\/media?parent=5188"}],"wp:term":[{"taxonomy":"category","embeddable":true,"href":"https:\/\/www.amis-tico.eu\/de\/wp-json\/wp\/v2\/categories?post=5188"},{"taxonomy":"post_tag","embeddable":true,"href":"https:\/\/www.amis-tico.eu\/de\/wp-json\/wp\/v2\/tags?post=5188"}],"curies":[{"name":"wp","href":"https:\/\/api.w.org\/{rel}","templated":true}]}}