{"id":526,"date":"2013-04-27T14:32:38","date_gmt":"2013-04-27T12:32:38","guid":{"rendered":"http:\/\/beta.amis-tico.eu\/de\/?p=526"},"modified":"2025-09-02T16:29:35","modified_gmt":"2025-09-02T14:29:35","slug":"zorka","status":"publish","type":"post","link":"https:\/\/www.amis-tico.eu\/de\/2013\/zorka\/","title":{"rendered":"Zorka"},"content":{"rendered":"<p>Name:<strong> Zorka<\/strong><br \/>\nAlter: geb. 18.04.2009<br \/>\nGeschlecht: weiblich<br \/>\nRasse: Dobermann<\/p>\n<p><strong>Juni 2013<\/strong><\/p>\n<p>Zorka ist leider an einer Leberinfektion gestorben. Ihre Pflegestelle hat sie aufopfernd w\u00e4hrend des Kampfes gegen die Krankheit und bei der medizinischen Behandlung unterst\u00fctzt. Wie sch\u00f6n, dass sie noch erfahren durfte, wie es ist, auch in schwierigen Zeiten liebevoll begleitet zu werden. Mach\u00b4s gut, Sch\u00f6ne!<\/p>\n<p><!--more--><\/p>\n\n\t\t\t<div id='526-1' class='gallery gallery-526 gallery-columns-3 gallery-size-thumbnail' itemscope itemtype='http:\/\/schema.org\/ImageGallery'>\n\t\t\t\t<div class='gallery-row gallery-col-3 gallery-clear'>\n\t\t\t\t\t<figure class='gallery-item col-3' itemprop='associatedMedia' itemscope itemtype='http:\/\/schema.org\/ImageObject'>\n\t\t\t\t\t\t<div class='gallery-icon landscape'><a href='https:\/\/www.amis-tico.eu\/de\/wp-content\/uploads\/sites\/3\/2013\/04\/zorka.jpg' title='zorka'><img loading=\"lazy\" decoding=\"async\" width=\"180\" height=\"94\" src=\"https:\/\/www.amis-tico.eu\/de\/wp-content\/uploads\/sites\/3\/2013\/04\/zorka-e1367065911646-180x94.jpg\" class=\"attachment-thumbnail size-thumbnail\" alt=\"\" itemprop=\"thumbnail\" \/><\/a><\/div>\n\t\t\t\t\t<\/figure>\n\t\t\t\t\t<figure class='gallery-item col-3' itemprop='associatedMedia' itemscope itemtype='http:\/\/schema.org\/ImageObject'>\n\t\t\t\t\t\t<div class='gallery-icon landscape'><a href='https:\/\/www.amis-tico.eu\/de\/wp-content\/uploads\/sites\/3\/2013\/04\/zorka1.jpg' title='zorka1'><img loading=\"lazy\" decoding=\"async\" width=\"180\" height=\"106\" src=\"https:\/\/www.amis-tico.eu\/de\/wp-content\/uploads\/sites\/3\/2013\/04\/zorka1-180x106.jpg\" class=\"attachment-thumbnail size-thumbnail\" alt=\"\" itemprop=\"thumbnail\" \/><\/a><\/div>\n\t\t\t\t\t<\/figure>\n\t\t\t\t\t<figure class='gallery-item col-3' itemprop='associatedMedia' itemscope itemtype='http:\/\/schema.org\/ImageObject'>\n\t\t\t\t\t\t<div class='gallery-icon landscape'><a href='https:\/\/www.amis-tico.eu\/de\/wp-content\/uploads\/sites\/3\/2013\/04\/zorka1a.jpg' title='zorka1a'><img loading=\"lazy\" decoding=\"async\" width=\"180\" height=\"106\" src=\"https:\/\/www.amis-tico.eu\/de\/wp-content\/uploads\/sites\/3\/2013\/04\/zorka1a-180x106.jpg\" class=\"attachment-thumbnail size-thumbnail\" alt=\"\" itemprop=\"thumbnail\" \/><\/a><\/div>\n\t\t\t\t\t<\/figure>\n\t\t\t\t<\/div>\n\t\t\t<\/div><!-- .gallery -->\n\n<p>Zorka hat eine regelrechte Odyssee hinter sich: Ihr erster Besitzer wurde obdachlos und gab sie weiter an einen Mann. Dieser Mann gab die H\u00fcndin an eine Frau weiter und diese Frau gab vor einer Woche die H\u00fcndin an einen Mann weiter, der dann Zorkas Odysse endlich beendete, indem er sie im Tierheim abgab!<br \/>\nDer Abgabegrund : Zorka w\u00fcrde bellen wenn, sie alleine ist und w\u00e4re unsauber (Vorsorglich wird Zorka einem Tierarzt vorgestellt, um eine Blasenentz\u00fcndung ausschliessen zu k\u00f6nnen)<br \/>\nWir wissen nicht ob alles so ist wie von dem &#8222;letzten Besitzer&#8220; angegeben, aber wir k\u00f6nnen verstehen, dass sie nicht mehr alleine bleiben mag und auch unsauber sein k\u00f6nnte :-(<br \/>\nF\u00fcr Zorka suchen wir liebe, verst\u00e4ndnisvolle Menschen, die wissen, wie sensibel ein Dobermann ist. Wir w\u00fcnschen uns einen Lebensplatz in, welchem man Ihr zeigt, wie sch\u00f6n es sein kann immer die gleichen Menschen und nicht st\u00e4ndig wechselnde Menschen zu haben!<\/p>\n<p>&nbsp;<\/p>\n","protected":false},"excerpt":{"rendered":"<p>Name: Zorka Alter: geb. 18.04.2009 Geschlecht: weiblich Rasse: Dobermann Juni 2013 Zorka ist leider an einer Leberinfektion gestorben. Ihre Pflegestelle hat sie aufopfernd w\u00e4hrend des Kampfes gegen die Krankheit und bei der medizinischen Behandlung unterst\u00fctzt. Wie sch\u00f6n, dass sie noch erfahren durfte, wie es ist, auch in schwierigen Zeiten liebevoll begleitet zu werden. Mach\u00b4s gut, [&hellip;]<\/p>\n","protected":false},"author":4,"featured_media":527,"comment_status":"open","ping_status":"open","sticky":false,"template":"","format":"standard","meta":{"footnotes":""},"categories":[301],"tags":[],"class_list":["post-526","post","type-post","status-publish","format-standard","has-post-thumbnail","hentry","category-abschied-2013"],"_links":{"self":[{"href":"https:\/\/www.amis-tico.eu\/de\/wp-json\/wp\/v2\/posts\/526","targetHints":{"allow":["GET"]}}],"collection":[{"href":"https:\/\/www.amis-tico.eu\/de\/wp-json\/wp\/v2\/posts"}],"about":[{"href":"https:\/\/www.amis-tico.eu\/de\/wp-json\/wp\/v2\/types\/post"}],"author":[{"embeddable":true,"href":"https:\/\/www.amis-tico.eu\/de\/wp-json\/wp\/v2\/users\/4"}],"replies":[{"embeddable":true,"href":"https:\/\/www.amis-tico.eu\/de\/wp-json\/wp\/v2\/comments?post=526"}],"version-history":[{"count":6,"href":"https:\/\/www.amis-tico.eu\/de\/wp-json\/wp\/v2\/posts\/526\/revisions"}],"predecessor-version":[{"id":3711,"href":"https:\/\/www.amis-tico.eu\/de\/wp-json\/wp\/v2\/posts\/526\/revisions\/3711"}],"wp:featuredmedia":[{"embeddable":true,"href":"https:\/\/www.amis-tico.eu\/de\/wp-json\/wp\/v2\/media\/527"}],"wp:attachment":[{"href":"https:\/\/www.amis-tico.eu\/de\/wp-json\/wp\/v2\/media?parent=526"}],"wp:term":[{"taxonomy":"category","embeddable":true,"href":"https:\/\/www.amis-tico.eu\/de\/wp-json\/wp\/v2\/categories?post=526"},{"taxonomy":"post_tag","embeddable":true,"href":"https:\/\/www.amis-tico.eu\/de\/wp-json\/wp\/v2\/tags?post=526"}],"curies":[{"name":"wp","href":"https:\/\/api.w.org\/{rel}","templated":true}]}}