{"id":6102,"date":"2014-05-18T16:52:22","date_gmt":"2014-05-18T14:52:22","guid":{"rendered":"http:\/\/beta.amis-tico.eu\/de\/?p=6102"},"modified":"2016-06-01T14:56:07","modified_gmt":"2016-06-01T12:56:07","slug":"bud","status":"publish","type":"post","link":"https:\/\/www.amis-tico.eu\/de\/2014\/bud\/","title":{"rendered":"Bud"},"content":{"rendered":"<p>Name<strong>: Bud<\/strong><br \/>\ngeb. 01.09.2006<br \/>\nGeschlecht: m\u00e4nnlich<br \/>\nRasse: Labrador\/Mischling<\/p>\n<p>Bud &#8211; ein sch\u00f6ner R\u00fcde.<\/p>\n<p><!--more--><\/p>\n<p>Wer gibt Bud ein sch\u00f6nes Zuhause?<\/p>\n<p><a href=\"https:\/\/www.amis-tico.eu\/de\/wp-content\/uploads\/sites\/3\/2014\/05\/Bud-1-7.jpg\"><img loading=\"lazy\" decoding=\"async\" class=\"alignnone wp-image-6091\" src=\"https:\/\/www.amis-tico.eu\/de\/wp-content\/uploads\/sites\/3\/2014\/05\/Bud-1-7-545x400.jpg\" alt=\"Bud 1-7\" width=\"262\" height=\"192\" srcset=\"https:\/\/www.amis-tico.eu\/de\/wp-content\/uploads\/sites\/3\/2014\/05\/Bud-1-7-545x400.jpg 545w, https:\/\/www.amis-tico.eu\/de\/wp-content\/uploads\/sites\/3\/2014\/05\/Bud-1-7-624x457.jpg 624w, https:\/\/www.amis-tico.eu\/de\/wp-content\/uploads\/sites\/3\/2014\/05\/Bud-1-7.jpg 700w\" sizes=\"auto, (max-width: 262px) 100vw, 262px\" \/><\/a><\/p>\n<p>Bud ist anfangs etwas \u00e4ngstlich. Er braucht daher Vertrauen. Er geht gerne Gassi.<\/p>\n\n\t\t\t<div id='6102-1' class='gallery gallery-6102 gallery-columns-3 gallery-size-thumbnail' itemscope itemtype='http:\/\/schema.org\/ImageGallery'>\n\t\t\t\t<div class='gallery-row gallery-col-3 gallery-clear'>\n\t\t\t\t\t<figure class='gallery-item col-3' itemprop='associatedMedia' itemscope itemtype='http:\/\/schema.org\/ImageObject'>\n\t\t\t\t\t\t<div class='gallery-icon landscape'><a href='https:\/\/www.amis-tico.eu\/de\/wp-content\/uploads\/sites\/3\/2014\/05\/Bud-1-3-354x400.jpg' title='Bud 1-3'><img loading=\"lazy\" decoding=\"async\" width=\"180\" height=\"180\" src=\"https:\/\/www.amis-tico.eu\/de\/wp-content\/uploads\/sites\/3\/2014\/05\/Bud-1-3-180x180.jpg\" class=\"attachment-thumbnail size-thumbnail\" alt=\"\" aria-describedby=\"figcaption-6102-6094\" itemprop=\"thumbnail\" \/><\/a><\/div>\n\t\t\t\t\t\t<figcaption id=\"figcaption-6102-6094\" class=\"gallery-caption\" itemprop=\"caption\">Der liebe R\u00fcde<\/figcaption>\n\t\t\t\t\t<\/figure>\n\t\t\t\t\t<figure class='gallery-item col-3' itemprop='associatedMedia' itemscope itemtype='http:\/\/schema.org\/ImageObject'>\n\t\t\t\t\t\t<div class='gallery-icon landscape'><a href='https:\/\/www.amis-tico.eu\/de\/wp-content\/uploads\/sites\/3\/2014\/05\/Bud-1-4-427x400.jpg' title='Bud 1-4'><img loading=\"lazy\" decoding=\"async\" width=\"180\" height=\"180\" src=\"https:\/\/www.amis-tico.eu\/de\/wp-content\/uploads\/sites\/3\/2014\/05\/Bud-1-4-180x180.jpg\" class=\"attachment-thumbnail size-thumbnail\" alt=\"\" aria-describedby=\"figcaption-6102-6093\" itemprop=\"thumbnail\" \/><\/a><\/div>\n\t\t\t\t\t\t<figcaption id=\"figcaption-6102-6093\" class=\"gallery-caption\" itemprop=\"caption\">Bud<\/figcaption>\n\t\t\t\t\t<\/figure>\n\t\t\t\t\t<figure class='gallery-item col-3' itemprop='associatedMedia' itemscope itemtype='http:\/\/schema.org\/ImageObject'>\n\t\t\t\t\t\t<div class='gallery-icon landscape'><a href='https:\/\/www.amis-tico.eu\/de\/wp-content\/uploads\/sites\/3\/2014\/05\/Bud-1-5-443x400.jpg' title='Bud 1-5'><img loading=\"lazy\" decoding=\"async\" width=\"180\" height=\"180\" src=\"https:\/\/www.amis-tico.eu\/de\/wp-content\/uploads\/sites\/3\/2014\/05\/Bud-1-5-180x180.jpg\" class=\"attachment-thumbnail size-thumbnail\" alt=\"\" aria-describedby=\"figcaption-6102-6092\" itemprop=\"thumbnail\" \/><\/a><\/div>\n\t\t\t\t\t\t<figcaption id=\"figcaption-6102-6092\" class=\"gallery-caption\" itemprop=\"caption\">sucht ein Zuhause<\/figcaption>\n\t\t\t\t\t<\/figure>\n\t\t\t\t<\/div>\n\t\t\t\t<div class='gallery-row gallery-col-3 gallery-clear'>\n\t\t\t\t\t<figure class='gallery-item col-3' itemprop='associatedMedia' itemscope itemtype='http:\/\/schema.org\/ImageObject'>\n\t\t\t\t\t\t<div class='gallery-icon landscape'><a href='https:\/\/www.amis-tico.eu\/de\/wp-content\/uploads\/sites\/3\/2014\/05\/Bud-1-8-528x400.jpg' title='Bud 1-8'><img loading=\"lazy\" decoding=\"async\" width=\"180\" height=\"180\" src=\"https:\/\/www.amis-tico.eu\/de\/wp-content\/uploads\/sites\/3\/2014\/05\/Bud-1-8-180x180.jpg\" class=\"attachment-thumbnail size-thumbnail\" alt=\"\" aria-describedby=\"figcaption-6102-6090\" itemprop=\"thumbnail\" \/><\/a><\/div>\n\t\t\t\t\t\t<figcaption id=\"figcaption-6102-6090\" class=\"gallery-caption\" itemprop=\"caption\">&#8230;.ein wirklich h\u00fcbscher Kerl&#8230;<\/figcaption>\n\t\t\t\t\t<\/figure>\n\t\t\t<\/div>\n\t\t\t<\/div><!-- .gallery -->\n\n<p>Bud mit <a title=\"Uno\" href=\"https:\/\/www.amis-tico.eu\/de\/2014\/uno\/\">Uno<\/a>&#8211; zwei sehr liebe R\u00fcden:<\/p>\n<p><a href=\"https:\/\/www.amis-tico.eu\/de\/wp-content\/uploads\/sites\/3\/2014\/05\/Bud-u.-Uno-1-1.jpg\"><img loading=\"lazy\" decoding=\"async\" class=\"alignnone wp-image-6089\" src=\"https:\/\/www.amis-tico.eu\/de\/wp-content\/uploads\/sites\/3\/2014\/05\/Bud-u.-Uno-1-1-554x400.jpg\" alt=\"Bud u. Uno 1-1\" width=\"319\" height=\"230\" srcset=\"https:\/\/www.amis-tico.eu\/de\/wp-content\/uploads\/sites\/3\/2014\/05\/Bud-u.-Uno-1-1-554x400.jpg 554w, https:\/\/www.amis-tico.eu\/de\/wp-content\/uploads\/sites\/3\/2014\/05\/Bud-u.-Uno-1-1-624x450.jpg 624w, https:\/\/www.amis-tico.eu\/de\/wp-content\/uploads\/sites\/3\/2014\/05\/Bud-u.-Uno-1-1.jpg 700w\" sizes=\"auto, (max-width: 319px) 100vw, 319px\" \/><\/a><\/p>\n\n\t\t\t<div id='6102-2' class='gallery gallery-6102 gallery-columns-3 gallery-size-thumbnail' itemscope itemtype='http:\/\/schema.org\/ImageGallery'>\n\t\t\t\t<div class='gallery-row gallery-col-3 gallery-clear'>\n\t\t\t\t\t<figure class='gallery-item col-3' itemprop='associatedMedia' itemscope itemtype='http:\/\/schema.org\/ImageObject'>\n\t\t\t\t\t\t<div class='gallery-icon landscape'><a href='https:\/\/www.amis-tico.eu\/de\/wp-content\/uploads\/sites\/3\/2014\/05\/Bud-u.-Uno-1-2-451x400.jpg' title='Bud u. Uno 1-2'><img loading=\"lazy\" decoding=\"async\" width=\"180\" height=\"180\" src=\"https:\/\/www.amis-tico.eu\/de\/wp-content\/uploads\/sites\/3\/2014\/05\/Bud-u.-Uno-1-2-180x180.jpg\" class=\"attachment-thumbnail size-thumbnail\" alt=\"\" itemprop=\"thumbnail\" \/><\/a><\/div>\n\t\t\t\t\t<\/figure>\n\t\t\t\t\t<figure class='gallery-item col-3' itemprop='associatedMedia' itemscope itemtype='http:\/\/schema.org\/ImageObject'>\n\t\t\t\t\t\t<div class='gallery-icon landscape'><a href='https:\/\/www.amis-tico.eu\/de\/wp-content\/uploads\/sites\/3\/2014\/05\/Bud-u.-Uno-1-4-451x400.jpg' title='Bud u. Uno 1-4'><img loading=\"lazy\" decoding=\"async\" width=\"180\" height=\"180\" src=\"https:\/\/www.amis-tico.eu\/de\/wp-content\/uploads\/sites\/3\/2014\/05\/Bud-u.-Uno-1-4-180x180.jpg\" class=\"attachment-thumbnail size-thumbnail\" alt=\"\" itemprop=\"thumbnail\" \/><\/a><\/div>\n\t\t\t\t\t<\/figure>\n\t\t\t\t\t<figure class='gallery-item col-3' itemprop='associatedMedia' itemscope itemtype='http:\/\/schema.org\/ImageObject'>\n\t\t\t\t\t\t<div class='gallery-icon landscape'><a href='https:\/\/www.amis-tico.eu\/de\/wp-content\/uploads\/sites\/3\/2014\/05\/Bud-u.-Uno-1-5-521x400.jpg' title='Bud u. Uno 1-5'><img loading=\"lazy\" decoding=\"async\" width=\"180\" height=\"180\" src=\"https:\/\/www.amis-tico.eu\/de\/wp-content\/uploads\/sites\/3\/2014\/05\/Bud-u.-Uno-1-5-180x180.jpg\" class=\"attachment-thumbnail size-thumbnail\" alt=\"\" itemprop=\"thumbnail\" \/><\/a><\/div>\n\t\t\t\t\t<\/figure>\n\t\t\t\t<\/div>\n\t\t\t<\/div><!-- .gallery -->\n\n<p><strong>Infos folgen&#8230;<\/strong><\/p>\n<p>Bud hat jahrelang nur in einer Garage gelebt. Nun bekommt er die Chance auf ein sch\u00f6nes Zuhause. :-)<\/p>\n<p><strong>Update, 30.06.2014:<\/strong><\/p>\n<p>Bud ist vermittelt!!<\/p>\n<p>Neue Besitzer erz\u00e4hlen:<\/p>\n<p><a href=\"https:\/\/www.amis-tico.eu\/de\/wp-content\/uploads\/sites\/3\/2014\/05\/Bud-update-1-2.jpg\"><img loading=\"lazy\" decoding=\"async\" class=\"alignnone wp-image-6827\" src=\"https:\/\/www.amis-tico.eu\/de\/wp-content\/uploads\/sites\/3\/2014\/05\/Bud-update-1-2-225x400.jpg\" alt=\"Bud update 1-2\" width=\"151\" height=\"269\" srcset=\"https:\/\/www.amis-tico.eu\/de\/wp-content\/uploads\/sites\/3\/2014\/05\/Bud-update-1-2-225x400.jpg 225w, https:\/\/www.amis-tico.eu\/de\/wp-content\/uploads\/sites\/3\/2014\/05\/Bud-update-1-2-624x1108.jpg 624w, https:\/\/www.amis-tico.eu\/de\/wp-content\/uploads\/sites\/3\/2014\/05\/Bud-update-1-2.jpg 700w\" sizes=\"auto, (max-width: 151px) 100vw, 151px\" \/><\/a><img loading=\"lazy\" decoding=\"async\" class=\"alignnone wp-image-6824\" src=\"https:\/\/www.amis-tico.eu\/de\/wp-content\/uploads\/sites\/3\/2014\/05\/Bud-update-1-5-225x400.jpg\" alt=\"Bud update 1-5\" width=\"127\" height=\"226\" srcset=\"https:\/\/www.amis-tico.eu\/de\/wp-content\/uploads\/sites\/3\/2014\/05\/Bud-update-1-5-225x400.jpg 225w, https:\/\/www.amis-tico.eu\/de\/wp-content\/uploads\/sites\/3\/2014\/05\/Bud-update-1-5-624x1108.jpg 624w, https:\/\/www.amis-tico.eu\/de\/wp-content\/uploads\/sites\/3\/2014\/05\/Bud-update-1-5.jpg 700w\" sizes=\"auto, (max-width: 127px) 100vw, 127px\" \/><a href=\"https:\/\/www.amis-tico.eu\/de\/wp-content\/uploads\/sites\/3\/2014\/05\/Bud-update-1-4.jpg\"><img loading=\"lazy\" decoding=\"async\" class=\"alignnone wp-image-6825\" src=\"https:\/\/www.amis-tico.eu\/de\/wp-content\/uploads\/sites\/3\/2014\/05\/Bud-update-1-4-626x352.jpg\" alt=\"Bud update 1-4\" width=\"319\" height=\"179\" srcset=\"https:\/\/www.amis-tico.eu\/de\/wp-content\/uploads\/sites\/3\/2014\/05\/Bud-update-1-4-626x352.jpg 626w, https:\/\/www.amis-tico.eu\/de\/wp-content\/uploads\/sites\/3\/2014\/05\/Bud-update-1-4-624x351.jpg 624w, https:\/\/www.amis-tico.eu\/de\/wp-content\/uploads\/sites\/3\/2014\/05\/Bud-update-1-4.jpg 700w\" sizes=\"auto, (max-width: 319px) 100vw, 319px\" \/><\/a><\/p>\n<p>&#8222;Bud ist ein Engel, der noch das fliegen lernen muss&#8230;<br \/>\nAls wir im Juni 2014 zum Tag der offenen T\u00fcre ins Tierheim Colmar kamen um Bud zum ersten Male zu besuchen, \u00fcberkam mich ein Schauer von Gef\u00fchlen, welche mitten ins Herz traffen. Wir wurden mit lautem Hundegebell, der aus all den Boxen ert\u00f6nte begr\u00fcsst. Bitte nehmt mich&#8230;.nein mich&#8230;ich bin sehr, sehr lieb, nehmt mich&#8230;ich m\u00f6chte hier raus&#8230;ich verspreche ich bin ein ganz Lieber&#8230;und noch vielerlei Rufe die uns all die Hunde zubellten klangen in mein Ohr und in meine Seele. Als wir zur Box von Bud ankomen, sa\u00df er ganz ruhig und wartete, bis sich die T\u00fcre \u00f6ffnete. Als ich ihm zum ersten Male in seine Augen blickte, schloss sich das Band und wob sich in mein Herz. Gleich gegen\u00fcber, jedoch erblickte ich zwei Augenpaare, welche mir die Tr\u00e4nen ins Gesicht str\u00f6men lie\u00dfen. Athena die \u00e4usserst h\u00fcbsche Hundedame, sah mich durch und durch an, und ich sp\u00fcrte wie sie ganz dringend in liebevolle H\u00e4nde mitgenommen werden m\u00f6chte. Leider k\u00f6nnen wir nur einem Hund ein Platz schenken und ihn adoptieren und diese Erfahrung war f\u00fcr mich die schlimmste an diesem Tag.<br \/>\nDie sch\u00f6nste Erfahrung war als sich Bud durch das Ansprechen meines Partners ermutigen lie\u00df und direkt zu ihm kam um sich die ersten Streicheleinheiten zu holen. Er ist so sanft und anmutig. Wir gingen danach das erste Mal mit ihm spazieren. Er zeigte Freude und Interesse an der Natur und war geduldig beim Sitz machen f\u00fcr die ersten Fotos. Als wir wieder zur\u00fcck im Tierheim waren mussten wir noch testen ob Bud katzenvertr\u00e4glich ist. Beim Rundgang zum Katzenaussengehege, begr\u00fcsste er die Samtpf\u00f6tchen schwanzwedelnd und freudig. Test bestanden. Innerlich jubelte ich und die Freude war riesengro\u00df, als wir mitteilen konnten, das wir Bud am 20. Juni 2014 endlich mit nach Hause holen k\u00f6nnen. Bis dahin waren wir noch 8 Tage im Urlaub und es verging kein Tag, an dem ich nicht an Bud gedacht und ihm viele positive Gedanken zuschickte. Der Urlaub war sehr sch\u00f6n, doch innerlich z\u00e4hlte ich die Tage bis zum Wiedersehen.<br \/>\nEndlich war der 20. Juni 2014 gekommen und wir fuhren nach Colmar ins Tierheim. Zuvor wurde noch alles Ben\u00f6tigte f\u00fcr Bud gekauft, denn er soll es jetzt endlich, nach sechs Jahren Tierheim so gut wie nur irgendwie haben.<br \/>\nUm 15 Uhr war es endlich soweit, wir konnten Bud abholen. Er war wie bereits am ersten Tag unserer Begegnung, sehr freundlich und sanft, geno\u00df den Spaziergang, bis wir zum Auto angekommen waren. Da war er dann sehr irritiert, da er immer wieder zum Tierheim blickte und es irgendwie nicht verstand, das er nun auf Reise in sein neues Zuhause mitgenommen w\u00fcrde. Nach etwa 15 Minuten indem wir ihn mit Leckerli, baten doch ins Auto zu h\u00fcpfen, blickte er von einem zum anderen mit einem fragenden Blick. Also wurde er in seine eigene Transportbox gehoben. Nach 5 Minuten Autofahrt legte er sich bereits entspannt hin und wartete geduldig bis wir nach einer Stunden in der Schweiz, seiner neuen Heimat ankamen. Die Einfuhr am Zoll war problemlos. Endlich waren wir am Zuhause angekommen. Er h\u00fcpfte nach Afforderung etwas z\u00f6gerlich aus dem Auto, als sich jedoch die Haust\u00fcre zum erstenmal f\u00fcr ihn \u00f6ffnete ging er so freudig und neugierig hinein, als h\u00e4tte er nie etwas anderes getan. Er nahm unsere Ger\u00fcche Zuhause wahr, legte sich im Wintergarten an seinen Platz und beobachtete uns sehr genau. Die Streicheleinheiten sog er auf, wie ein Schwamm. Hunger hatte er keinen, viel zu gro\u00df war die Aufregung, die sich sp\u00e4ter als ein Zittern durch seinen ganzen K\u00f6rper zog. Also wir ihm wieder viel streicheln und N\u00e4he sp\u00fcren lassen, lie\u00dfen ihn die Anspannungen zunehmend ruhiger werden. Unser erster Spaziergang am Abend lie\u00dfen mich sein Temperament zum ersten Male richtig sp\u00fcren. Als 8 j\u00e4hriger Laprador, hatte er eine Menge Energie, so dass ich gezwungen war im schnellen Tempo zu gehen. Es war schnell heraus, dass er noch nicht viele Kommandos kannte und so rannte er im Zickzack. Zuhause angekommen, war die Freude wieder \u00fcberschwenglich gro\u00df, denn irgendwie wollte er nicht glauben, dass er hier bleiben darf. Als wir uns am sp\u00e4ten Abend m\u00fcde, aber gl\u00fccklich aufs Sofa legten, sprang er sogleich mit zu uns und suchte die N\u00e4he und die Streicheleinheiten. Der erste Sichtkontakt zu unserem Kater Pepper verlief f\u00fcr Bud ganz normal und ruhig, da er ihn schwanzwedelnd begr\u00fc\u00dfen wollte. Pepper verstand diese Geste jedoch als Bedrohung. Tja Katzen und Hunde sprechen eben eine ganz andere Sprache. Nichts desto trotz hoffen wir das sich dies baldigst legen wird. Die erste Nacht im neuen Zuhause verlief ruhig und entspannt. Der n\u00e4chste Tag war wieder spannend f\u00fcr Bud. Beim Spaziergang zog er schon nicht mehr allzu viel an der Leine. Die vielen Ger\u00fcche drau\u00dfen die sich durch seine Nase zogen, lie\u00dfen ihn allerhand Informationen geben, wieviele seiner Artgenossen auch hier in der Umgebung wohnen. Wenn wir drau\u00dfen auf dem Feld spazieren gehen, hat er eine acht Meter lange Schleppleine mit der er sich weitaus mehr bewegen kann. Wir \u00fcbten das Sitz, Hier, Zur\u00fcckkommen, Zebrastreifen \u00fcberqueren und vor allem links, bei Fuss zu gehen. Mittlerweile klappt das schon sehr gut und wir schreiben heute den 8. Tag in seinem neuen Zuhause. Seit gestern abend frisst er nun auch seine Portion am Abend leer. Irgendwie scheint er die Mahlzeit am Morgen nicht gewohnt zu sein. Am liebsten Mag er die Leckerli aus Wurstst\u00fcckchen, damit l\u00e4sst er sich sehr positiv f\u00fchren. Nachdem er die ersten drei Tage so gar kein Bellen zeigte, hat er uns nun mittlerweile \u00fcberzeugt, das er dies sowohl kann, jedoch nur wenn ein aktueller Anla\u00df besteht, so wie vorletzte Nacht, da hatte er wohl unbekannte Ger\u00e4usche von au\u00dfen vernommen.Nach wie vor, zeigt er immer wieder gro\u00dfe Freude, wenn wir vom spazieren nach Hause kommen. Zu gro\u00df ist die Freude, dass er wirklich hier ankommen darf. Er genie\u00dft die Streicheleinheiten und fordert diese regelrecht ein, zu gro\u00df ist sein Nachholbedarf. Seine Gelehrigkeit ist ebenfalls sehr gro\u00df und ich wei\u00df, das er weiterhin noch vieles erlernen m\u00f6chte, dazu waren wir bereits einmal auf dem Hundeplatz und er machte seine Sache wiederum sehr gut. Wir haben alle unseren Spa\u00df und gro\u00dfe Freude, die sehr mit Liebe verbunden ist. M\u00f6ge Bud uns noch recht lange als Familienmitglied begleiten.<br \/>\nDanke an Heike Gantert und Yvonne Buhl die uns so sehr unterst\u00fctzt haben, dass Bud nun bei uns ist.&#8220;<\/p>\n\n\t\t\t<div id='6102-3' class='gallery gallery-6102 gallery-columns-3 gallery-size-thumbnail' itemscope itemtype='http:\/\/schema.org\/ImageGallery'>\n\t\t\t\t<div class='gallery-row gallery-col-3 gallery-clear'>\n\t\t\t\t\t<figure class='gallery-item col-3' itemprop='associatedMedia' itemscope itemtype='http:\/\/schema.org\/ImageObject'>\n\t\t\t\t\t\t<div class='gallery-icon landscape'><a href='https:\/\/www.amis-tico.eu\/de\/wp-content\/uploads\/sites\/3\/2014\/05\/Bud-update-1-6-225x400.jpg' title='Bud update 1-6'><img loading=\"lazy\" decoding=\"async\" width=\"180\" height=\"180\" src=\"https:\/\/www.amis-tico.eu\/de\/wp-content\/uploads\/sites\/3\/2014\/05\/Bud-update-1-6-180x180.jpg\" class=\"attachment-thumbnail size-thumbnail\" alt=\"\" itemprop=\"thumbnail\" \/><\/a><\/div>\n\t\t\t\t\t<\/figure>\n\t\t\t\t\t<figure class='gallery-item col-3' itemprop='associatedMedia' itemscope itemtype='http:\/\/schema.org\/ImageObject'>\n\t\t\t\t\t\t<div class='gallery-icon landscape'><a href='https:\/\/www.amis-tico.eu\/de\/wp-content\/uploads\/sites\/3\/2014\/05\/Bud-update-1-3-626x352.jpg' title='Bud update 1-3'><img loading=\"lazy\" decoding=\"async\" width=\"180\" height=\"180\" src=\"https:\/\/www.amis-tico.eu\/de\/wp-content\/uploads\/sites\/3\/2014\/05\/Bud-update-1-3-180x180.jpg\" class=\"attachment-thumbnail size-thumbnail\" alt=\"\" itemprop=\"thumbnail\" \/><\/a><\/div>\n\t\t\t\t\t<\/figure>\n\t\t\t\t\t<figure class='gallery-item col-3' itemprop='associatedMedia' itemscope itemtype='http:\/\/schema.org\/ImageObject'>\n\t\t\t\t\t\t<div class='gallery-icon landscape'><a href='https:\/\/www.amis-tico.eu\/de\/wp-content\/uploads\/sites\/3\/2014\/05\/Bud-update-1-1-225x400.jpg' title='Bud update 1-1'><img loading=\"lazy\" decoding=\"async\" width=\"180\" height=\"180\" src=\"https:\/\/www.amis-tico.eu\/de\/wp-content\/uploads\/sites\/3\/2014\/05\/Bud-update-1-1-180x180.jpg\" class=\"attachment-thumbnail size-thumbnail\" alt=\"\" itemprop=\"thumbnail\" \/><\/a><\/div>\n\t\t\t\t\t<\/figure>\n\t\t\t\t<\/div>\n\t\t\t<\/div><!-- .gallery -->\n\n<p>&nbsp;<\/p>\n<p>&nbsp;<\/p>\n","protected":false},"excerpt":{"rendered":"<p>Name: Bud geb. 01.09.2006 Geschlecht: m\u00e4nnlich Rasse: Labrador\/Mischling Bud &#8211; ein sch\u00f6ner R\u00fcde.<\/p>\n","protected":false},"author":7,"featured_media":6096,"comment_status":"open","ping_status":"open","sticky":false,"template":"","format":"standard","meta":{"footnotes":""},"categories":[169],"tags":[34,72],"class_list":["post-6102","post","type-post","status-publish","format-standard","has-post-thumbnail","hentry","category-vermittelt-2014","tag-labrador","tag-mischling"],"_links":{"self":[{"href":"https:\/\/www.amis-tico.eu\/de\/wp-json\/wp\/v2\/posts\/6102","targetHints":{"allow":["GET"]}}],"collection":[{"href":"https:\/\/www.amis-tico.eu\/de\/wp-json\/wp\/v2\/posts"}],"about":[{"href":"https:\/\/www.amis-tico.eu\/de\/wp-json\/wp\/v2\/types\/post"}],"author":[{"embeddable":true,"href":"https:\/\/www.amis-tico.eu\/de\/wp-json\/wp\/v2\/users\/7"}],"replies":[{"embeddable":true,"href":"https:\/\/www.amis-tico.eu\/de\/wp-json\/wp\/v2\/comments?post=6102"}],"version-history":[{"count":7,"href":"https:\/\/www.amis-tico.eu\/de\/wp-json\/wp\/v2\/posts\/6102\/revisions"}],"predecessor-version":[{"id":6829,"href":"https:\/\/www.amis-tico.eu\/de\/wp-json\/wp\/v2\/posts\/6102\/revisions\/6829"}],"wp:featuredmedia":[{"embeddable":true,"href":"https:\/\/www.amis-tico.eu\/de\/wp-json\/wp\/v2\/media\/6096"}],"wp:attachment":[{"href":"https:\/\/www.amis-tico.eu\/de\/wp-json\/wp\/v2\/media?parent=6102"}],"wp:term":[{"taxonomy":"category","embeddable":true,"href":"https:\/\/www.amis-tico.eu\/de\/wp-json\/wp\/v2\/categories?post=6102"},{"taxonomy":"post_tag","embeddable":true,"href":"https:\/\/www.amis-tico.eu\/de\/wp-json\/wp\/v2\/tags?post=6102"}],"curies":[{"name":"wp","href":"https:\/\/api.w.org\/{rel}","templated":true}]}}