{"id":6248,"date":"2014-06-20T13:06:57","date_gmt":"2014-06-20T11:06:57","guid":{"rendered":"http:\/\/beta.amis-tico.eu\/de\/?p=6248"},"modified":"2015-01-29T12:47:18","modified_gmt":"2015-01-29T11:47:18","slug":"mamele","status":"publish","type":"post","link":"https:\/\/www.amis-tico.eu\/de\/2014\/mamele\/","title":{"rendered":"Mamele"},"content":{"rendered":"<p>Name<strong>:\u00a0 Mamele<\/strong><br \/>\nAlter: ca. 3 &#8211; 4 Jahre<br \/>\nGeschlecht: weiblich<\/p>\n<p>Mamele &#8211; eine h\u00fcbsche Schildpattkatze.<\/p>\n<p><!--more--><\/p>\n<p>Wer hat f\u00fcr Mamele ein liebevolles Zuhause?<\/p>\n<p><a href=\"https:\/\/www.amis-tico.eu\/de\/wp-content\/uploads\/sites\/3\/2014\/05\/Mamele-1-3.jpg\"><img loading=\"lazy\" decoding=\"async\" class=\"alignnone wp-image-6251 size-thumbnail\" src=\"https:\/\/www.amis-tico.eu\/de\/wp-content\/uploads\/sites\/3\/2014\/05\/Mamele-1-3-180x180.jpg\" alt=\"Mamele 1-3\" width=\"180\" height=\"180\" \/><\/a><a href=\"https:\/\/www.amis-tico.eu\/de\/wp-content\/uploads\/sites\/3\/2014\/05\/Mamele-1-4.jpg\"><img loading=\"lazy\" decoding=\"async\" class=\"alignnone wp-image-6250 size-thumbnail\" src=\"https:\/\/www.amis-tico.eu\/de\/wp-content\/uploads\/sites\/3\/2014\/05\/Mamele-1-4-180x180.jpg\" alt=\"Mamele 1-4\" width=\"180\" height=\"180\" \/><\/a><\/p>\n<p>Vor zwei Jahren wurde Mamele in einem Garten mit ihren Babies entdeckt und eingefangen. Alle wurden vermittelt. Nat\u00fcrlich fanden zuerst die Babies ein Zuhause.\u00a0 Mamele wurde dann aber auch adoptiert und bekam ein sch\u00f6nes Zuhause im Schwarzwald. Leider kann das Mamele nun nicht l\u00e4nger dort bleiben, weil sie die zweite \u00e4ltere Katze vertreibt. Mamele h\u00e4tte gerne ein Zuhause wo sie alleine leben kann mit Freigang.<\/p>\n<p>Die Fotos wurden vor 2 Jahren aufgenommen. Mamele mit ihren Babies.<\/p>\n<p><a href=\"https:\/\/www.amis-tico.eu\/de\/wp-content\/uploads\/sites\/3\/2014\/05\/Mamele-1-2.jpg\"><img loading=\"lazy\" decoding=\"async\" class=\"alignnone wp-image-6252 size-thumbnail\" src=\"https:\/\/www.amis-tico.eu\/de\/wp-content\/uploads\/sites\/3\/2014\/05\/Mamele-1-2-180x180.jpg\" alt=\"Mamele 1-2\" width=\"180\" height=\"180\" \/><\/a><a href=\"https:\/\/www.amis-tico.eu\/de\/wp-content\/uploads\/sites\/3\/2014\/05\/Mamele1-1.jpg\"><img loading=\"lazy\" decoding=\"async\" class=\"alignnone wp-image-6249 size-thumbnail\" src=\"https:\/\/www.amis-tico.eu\/de\/wp-content\/uploads\/sites\/3\/2014\/05\/Mamele1-1-180x180.jpg\" alt=\"Mamele1-1\" width=\"180\" height=\"180\" \/><\/a><\/p>\n<p>Mamele ist vermittelt.<\/p>\n<p>&nbsp;<\/p>\n<p>&nbsp;<\/p>\n<p>&nbsp;<\/p>\n","protected":false},"excerpt":{"rendered":"<p>Name:\u00a0 Mamele Alter: ca. 3 &#8211; 4 Jahre Geschlecht: weiblich Mamele &#8211; eine h\u00fcbsche Schildpattkatze.<\/p>\n","protected":false},"author":7,"featured_media":6253,"comment_status":"open","ping_status":"open","sticky":false,"template":"","format":"standard","meta":{"footnotes":""},"categories":[169],"tags":[],"class_list":["post-6248","post","type-post","status-publish","format-standard","has-post-thumbnail","hentry","category-vermittelt-2014"],"_links":{"self":[{"href":"https:\/\/www.amis-tico.eu\/de\/wp-json\/wp\/v2\/posts\/6248","targetHints":{"allow":["GET"]}}],"collection":[{"href":"https:\/\/www.amis-tico.eu\/de\/wp-json\/wp\/v2\/posts"}],"about":[{"href":"https:\/\/www.amis-tico.eu\/de\/wp-json\/wp\/v2\/types\/post"}],"author":[{"embeddable":true,"href":"https:\/\/www.amis-tico.eu\/de\/wp-json\/wp\/v2\/users\/7"}],"replies":[{"embeddable":true,"href":"https:\/\/www.amis-tico.eu\/de\/wp-json\/wp\/v2\/comments?post=6248"}],"version-history":[{"count":11,"href":"https:\/\/www.amis-tico.eu\/de\/wp-json\/wp\/v2\/posts\/6248\/revisions"}],"predecessor-version":[{"id":8592,"href":"https:\/\/www.amis-tico.eu\/de\/wp-json\/wp\/v2\/posts\/6248\/revisions\/8592"}],"wp:featuredmedia":[{"embeddable":true,"href":"https:\/\/www.amis-tico.eu\/de\/wp-json\/wp\/v2\/media\/6253"}],"wp:attachment":[{"href":"https:\/\/www.amis-tico.eu\/de\/wp-json\/wp\/v2\/media?parent=6248"}],"wp:term":[{"taxonomy":"category","embeddable":true,"href":"https:\/\/www.amis-tico.eu\/de\/wp-json\/wp\/v2\/categories?post=6248"},{"taxonomy":"post_tag","embeddable":true,"href":"https:\/\/www.amis-tico.eu\/de\/wp-json\/wp\/v2\/tags?post=6248"}],"curies":[{"name":"wp","href":"https:\/\/api.w.org\/{rel}","templated":true}]}}