{"id":7739,"date":"2014-09-16T08:56:04","date_gmt":"2014-09-16T06:56:04","guid":{"rendered":"http:\/\/beta.amis-tico.eu\/de\/?p=7739"},"modified":"2025-09-02T16:28:48","modified_gmt":"2025-09-02T14:28:48","slug":"kai-du-warst-was-ganz-besonderes","status":"publish","type":"post","link":"https:\/\/www.amis-tico.eu\/de\/2014\/kai-du-warst-was-ganz-besonderes\/","title":{"rendered":"Kai &#8211; du warst was ganz Besonderes"},"content":{"rendered":"<p><a href=\"https:\/\/www.amis-tico.eu\/de\/wp-content\/uploads\/sites\/3\/2014\/03\/Kai-1-2.jpg\"><img loading=\"lazy\" decoding=\"async\" class=\"alignleft wp-image-5170\" src=\"https:\/\/www.amis-tico.eu\/de\/wp-content\/uploads\/sites\/3\/2014\/03\/Kai-1-2-384x400.jpg\" alt=\"Kai 1-2\" width=\"219\" height=\"228\" srcset=\"https:\/\/www.amis-tico.eu\/de\/wp-content\/uploads\/sites\/3\/2014\/03\/Kai-1-2-384x400.jpg 384w, https:\/\/www.amis-tico.eu\/de\/wp-content\/uploads\/sites\/3\/2014\/03\/Kai-1-2-624x649.jpg 624w, https:\/\/www.amis-tico.eu\/de\/wp-content\/uploads\/sites\/3\/2014\/03\/Kai-1-2.jpg 700w\" sizes=\"auto, (max-width: 219px) 100vw, 219px\" \/><\/a><em><strong>Kaiser (Kai) musste erl\u00f6st werden. Es gab keine Hoffnung mehr f\u00fcr ihn. Der Magen hatte sich gedreht und man konnte nichts mehr f\u00fcr ihn tun. Seine Gassig\u00e4ngerin blieb bei ihm bis zuletzt. Kai war fast sein ganzes Leben berufst\u00e4tig und verbrachte dennoch vielleicht die sch\u00f6nste Zeit seines Lebens nun im SPA\u2026Leider erf\u00fcllte sich f\u00fcr ihn der Traum eines Lebens in einem Zuhause nicht mehr. Kaiser wir werden dich immer in guter Erinnerung behalten. Du warst was ganz Besonderes.<\/strong><\/em><\/p>\n<p><a title=\"Kayser genannt Kai\" href=\"https:\/\/www.amis-tico.eu\/de\/2014\/kayser-genannt-kai\/\">Kaiser&gt;&gt;&gt;<\/a><\/p>\n<p>&nbsp;<\/p>\n","protected":false},"excerpt":{"rendered":"<p>Kaiser (Kai) musste erl\u00f6st werden. Es gab keine Hoffnung mehr f\u00fcr ihn. Der Magen hatte sich gedreht und man konnte nichts mehr f\u00fcr ihn tun. Seine Gassig\u00e4ngerin blieb bei ihm bis zuletzt. Kai war fast sein ganzes Leben berufst\u00e4tig und verbrachte dennoch vielleicht die sch\u00f6nste Zeit seines Lebens nun im SPA\u2026Leider erf\u00fcllte sich f\u00fcr ihn [&hellip;]<\/p>\n","protected":false},"author":7,"featured_media":0,"comment_status":"open","ping_status":"open","sticky":false,"template":"","format":"standard","meta":{"footnotes":""},"categories":[300],"tags":[],"class_list":["post-7739","post","type-post","status-publish","format-standard","hentry","category-abschied-2014"],"_links":{"self":[{"href":"https:\/\/www.amis-tico.eu\/de\/wp-json\/wp\/v2\/posts\/7739","targetHints":{"allow":["GET"]}}],"collection":[{"href":"https:\/\/www.amis-tico.eu\/de\/wp-json\/wp\/v2\/posts"}],"about":[{"href":"https:\/\/www.amis-tico.eu\/de\/wp-json\/wp\/v2\/types\/post"}],"author":[{"embeddable":true,"href":"https:\/\/www.amis-tico.eu\/de\/wp-json\/wp\/v2\/users\/7"}],"replies":[{"embeddable":true,"href":"https:\/\/www.amis-tico.eu\/de\/wp-json\/wp\/v2\/comments?post=7739"}],"version-history":[{"count":2,"href":"https:\/\/www.amis-tico.eu\/de\/wp-json\/wp\/v2\/posts\/7739\/revisions"}],"predecessor-version":[{"id":7742,"href":"https:\/\/www.amis-tico.eu\/de\/wp-json\/wp\/v2\/posts\/7739\/revisions\/7742"}],"wp:attachment":[{"href":"https:\/\/www.amis-tico.eu\/de\/wp-json\/wp\/v2\/media?parent=7739"}],"wp:term":[{"taxonomy":"category","embeddable":true,"href":"https:\/\/www.amis-tico.eu\/de\/wp-json\/wp\/v2\/categories?post=7739"},{"taxonomy":"post_tag","embeddable":true,"href":"https:\/\/www.amis-tico.eu\/de\/wp-json\/wp\/v2\/tags?post=7739"}],"curies":[{"name":"wp","href":"https:\/\/api.w.org\/{rel}","templated":true}]}}