{"id":7913,"date":"2014-10-07T12:01:47","date_gmt":"2014-10-07T10:01:47","guid":{"rendered":"http:\/\/beta.amis-tico.eu\/de\/?p=7913"},"modified":"2015-01-21T16:55:24","modified_gmt":"2015-01-21T15:55:24","slug":"bandit-3","status":"publish","type":"post","link":"https:\/\/www.amis-tico.eu\/de\/2014\/bandit-3\/","title":{"rendered":"Bandit"},"content":{"rendered":"<p>Name<strong>:\u00a0 Bandit<\/strong><br \/>\ngeb.: ca. 2007<br \/>\nGeschlecht: m\u00e4nnlich<\/p>\n<p>&nbsp;<\/p>\n<p><!--more--><\/p>\n<p>Wer gibt Bandit ein sch\u00f6nes Zuhause?<\/p>\n<p><a href=\"https:\/\/www.amis-tico.eu\/de\/wp-content\/uploads\/sites\/3\/2014\/10\/Bandit-1-3.jpg\"><img loading=\"lazy\" decoding=\"async\" class=\"alignleft wp-image-7906\" src=\"https:\/\/www.amis-tico.eu\/de\/wp-content\/uploads\/sites\/3\/2014\/10\/Bandit-1-3-602x400.jpg\" alt=\"Bandit 1-3\" width=\"256\" height=\"170\" srcset=\"https:\/\/www.amis-tico.eu\/de\/wp-content\/uploads\/sites\/3\/2014\/10\/Bandit-1-3-602x400.jpg 602w, https:\/\/www.amis-tico.eu\/de\/wp-content\/uploads\/sites\/3\/2014\/10\/Bandit-1-3-624x414.jpg 624w, https:\/\/www.amis-tico.eu\/de\/wp-content\/uploads\/sites\/3\/2014\/10\/Bandit-1-3.jpg 700w\" sizes=\"auto, (max-width: 256px) 100vw, 256px\" \/><\/a><\/p>\n<p>Bandit, ein lieber und ruhiger kurzhaariger Perserkater. Bandit kam in einem ziemlich verwahrlosten Zustand ins Tierheim. Er hat eine eingedr\u00fccktr Nase (Qualzucht) die ihm das Atmen erschwert.<\/p>\n<p>&nbsp;<\/p>\n\n\t\t\t<div id='7913-1' class='gallery gallery-7913 gallery-columns-3 gallery-size-thumbnail' itemscope itemtype='http:\/\/schema.org\/ImageGallery'>\n\t\t\t\t<div class='gallery-row gallery-col-3 gallery-clear'>\n\t\t\t\t\t<figure class='gallery-item col-3' itemprop='associatedMedia' itemscope itemtype='http:\/\/schema.org\/ImageObject'>\n\t\t\t\t\t\t<div class='gallery-icon landscape'><a href='https:\/\/www.amis-tico.eu\/de\/wp-content\/uploads\/sites\/3\/2014\/10\/Bandit-1-1-602x400.jpg' title='Bandit 1-1'><img loading=\"lazy\" decoding=\"async\" width=\"180\" height=\"180\" src=\"https:\/\/www.amis-tico.eu\/de\/wp-content\/uploads\/sites\/3\/2014\/10\/Bandit-1-1-180x180.jpg\" class=\"attachment-thumbnail size-thumbnail\" alt=\"\" itemprop=\"thumbnail\" \/><\/a><\/div>\n\t\t\t\t\t<\/figure>\n\t\t\t\t\t<figure class='gallery-item col-3' itemprop='associatedMedia' itemscope itemtype='http:\/\/schema.org\/ImageObject'>\n\t\t\t\t\t\t<div class='gallery-icon landscape'><a href='https:\/\/www.amis-tico.eu\/de\/wp-content\/uploads\/sites\/3\/2014\/10\/Bandit-1-2-566x400.jpg' title='Bandit 1-2'><img loading=\"lazy\" decoding=\"async\" width=\"180\" height=\"180\" src=\"https:\/\/www.amis-tico.eu\/de\/wp-content\/uploads\/sites\/3\/2014\/10\/Bandit-1-2-180x180.jpg\" class=\"attachment-thumbnail size-thumbnail\" alt=\"\" itemprop=\"thumbnail\" \/><\/a><\/div>\n\t\t\t\t\t<\/figure>\n\t\t\t\t\t<figure class='gallery-item col-3' itemprop='associatedMedia' itemscope itemtype='http:\/\/schema.org\/ImageObject'>\n\t\t\t\t\t\t<div class='gallery-icon landscape'><a href='https:\/\/www.amis-tico.eu\/de\/wp-content\/uploads\/sites\/3\/2014\/10\/Bandit-1-5-602x400.jpg' title='Bandit 1-5'><img loading=\"lazy\" decoding=\"async\" width=\"180\" height=\"180\" src=\"https:\/\/www.amis-tico.eu\/de\/wp-content\/uploads\/sites\/3\/2014\/10\/Bandit-1-5-180x180.jpg\" class=\"attachment-thumbnail size-thumbnail\" alt=\"\" itemprop=\"thumbnail\" \/><\/a><\/div>\n\t\t\t\t\t<\/figure>\n\t\t\t\t<\/div>\n\t\t\t<\/div><!-- .gallery -->\n\n<p>Bei einer \u00e4rztlichen Unersuchung wurde festgestellt, dass Bandit\u00a0 ein viel zu gro\u00dfes Herz hat.Umso sch\u00f6ner f\u00fcr ihn, dass ihm nun der Stress im Tierheim erspart werden konnte und er in ein sehr sch\u00f6nes Zuhause umziehen durfte Bandit hatte sehr viel Gl\u00fcck und seine Besitzerin wahrlich auch ein ganz gro\u00dfes Herz f\u00fcr Bandit.<\/p>\n","protected":false},"excerpt":{"rendered":"<p>Name:\u00a0 Bandit geb.: ca. 2007 Geschlecht: m\u00e4nnlich &nbsp;<\/p>\n","protected":false},"author":7,"featured_media":7909,"comment_status":"open","ping_status":"open","sticky":false,"template":"","format":"standard","meta":{"footnotes":""},"categories":[169],"tags":[],"class_list":["post-7913","post","type-post","status-publish","format-standard","has-post-thumbnail","hentry","category-vermittelt-2014"],"_links":{"self":[{"href":"https:\/\/www.amis-tico.eu\/de\/wp-json\/wp\/v2\/posts\/7913","targetHints":{"allow":["GET"]}}],"collection":[{"href":"https:\/\/www.amis-tico.eu\/de\/wp-json\/wp\/v2\/posts"}],"about":[{"href":"https:\/\/www.amis-tico.eu\/de\/wp-json\/wp\/v2\/types\/post"}],"author":[{"embeddable":true,"href":"https:\/\/www.amis-tico.eu\/de\/wp-json\/wp\/v2\/users\/7"}],"replies":[{"embeddable":true,"href":"https:\/\/www.amis-tico.eu\/de\/wp-json\/wp\/v2\/comments?post=7913"}],"version-history":[{"count":4,"href":"https:\/\/www.amis-tico.eu\/de\/wp-json\/wp\/v2\/posts\/7913\/revisions"}],"predecessor-version":[{"id":8019,"href":"https:\/\/www.amis-tico.eu\/de\/wp-json\/wp\/v2\/posts\/7913\/revisions\/8019"}],"wp:featuredmedia":[{"embeddable":true,"href":"https:\/\/www.amis-tico.eu\/de\/wp-json\/wp\/v2\/media\/7909"}],"wp:attachment":[{"href":"https:\/\/www.amis-tico.eu\/de\/wp-json\/wp\/v2\/media?parent=7913"}],"wp:term":[{"taxonomy":"category","embeddable":true,"href":"https:\/\/www.amis-tico.eu\/de\/wp-json\/wp\/v2\/categories?post=7913"},{"taxonomy":"post_tag","embeddable":true,"href":"https:\/\/www.amis-tico.eu\/de\/wp-json\/wp\/v2\/tags?post=7913"}],"curies":[{"name":"wp","href":"https:\/\/api.w.org\/{rel}","templated":true}]}}