{"id":1093,"date":"2014-01-30T13:48:20","date_gmt":"2014-01-30T12:48:20","guid":{"rendered":"http:\/\/beta.amis-tico.eu\/fr\/?p=1093"},"modified":"2014-03-02T17:25:21","modified_gmt":"2014-03-02T16:25:21","slug":"changement-des-horaires-de-promenades-le-samedi","status":"publish","type":"post","link":"https:\/\/www.amis-tico.eu\/fr\/2014\/changement-des-horaires-de-promenades-le-samedi\/","title":{"rendered":"Changement des horaires de promenades le samedi"},"content":{"rendered":"<p><span style=\"color: #ff0000\"><strong>Les promenades le samedi se feront d\u00e9sormais de 10h \u00e0 14h.<\/strong><\/span><\/p>\n<p>Le refuge reste ensuite ouvert aux adoptions de 14h \u00e0 16h.<\/p>\n<p>Les autres horaires de la semaine restent inchang\u00e9s (promenades, ouverture \u00e0 l&rsquo;adoption):<br \/>\nLundi, Mardi, Mercredi, Vendredi: 14-17h<br \/>\nJeudi, Dimanche et jours f\u00e9ri\u00e9s: ferm\u00e9<\/p>\n<p>S.P.A de Colmar<br \/>\n47, chemin de la Fecht<br \/>\n68000 COLMAR<\/p>\n","protected":false},"excerpt":{"rendered":"<p>Les promenades le samedi se feront d\u00e9sormais de 10h \u00e0 14h. Le refuge reste ensuite ouvert aux adoptions de 14h \u00e0 16h. Les autres horaires de la semaine restent inchang\u00e9s (promenades, ouverture \u00e0 l&rsquo;adoption): Lundi, Mardi, Mercredi, Vendredi: 14-17h Jeudi, Dimanche et jours f\u00e9ri\u00e9s: ferm\u00e9 S.P.A de Colmar 47, chemin de la Fecht 68000 COLMAR<\/p>\n","protected":false},"author":8,"featured_media":0,"comment_status":"open","ping_status":"open","sticky":false,"template":"","format":"standard","meta":{"footnotes":""},"categories":[28],"tags":[],"class_list":["post-1093","post","type-post","status-publish","format-standard","hentry","category-divers"],"_links":{"self":[{"href":"https:\/\/www.amis-tico.eu\/fr\/wp-json\/wp\/v2\/posts\/1093","targetHints":{"allow":["GET"]}}],"collection":[{"href":"https:\/\/www.amis-tico.eu\/fr\/wp-json\/wp\/v2\/posts"}],"about":[{"href":"https:\/\/www.amis-tico.eu\/fr\/wp-json\/wp\/v2\/types\/post"}],"author":[{"embeddable":true,"href":"https:\/\/www.amis-tico.eu\/fr\/wp-json\/wp\/v2\/users\/8"}],"replies":[{"embeddable":true,"href":"https:\/\/www.amis-tico.eu\/fr\/wp-json\/wp\/v2\/comments?post=1093"}],"version-history":[{"count":6,"href":"https:\/\/www.amis-tico.eu\/fr\/wp-json\/wp\/v2\/posts\/1093\/revisions"}],"predecessor-version":[{"id":1773,"href":"https:\/\/www.amis-tico.eu\/fr\/wp-json\/wp\/v2\/posts\/1093\/revisions\/1773"}],"wp:attachment":[{"href":"https:\/\/www.amis-tico.eu\/fr\/wp-json\/wp\/v2\/media?parent=1093"}],"wp:term":[{"taxonomy":"category","embeddable":true,"href":"https:\/\/www.amis-tico.eu\/fr\/wp-json\/wp\/v2\/categories?post=1093"},{"taxonomy":"post_tag","embeddable":true,"href":"https:\/\/www.amis-tico.eu\/fr\/wp-json\/wp\/v2\/tags?post=1093"}],"curies":[{"name":"wp","href":"https:\/\/api.w.org\/{rel}","templated":true}]}}