{"id":1119,"date":"2014-02-02T22:26:45","date_gmt":"2014-02-02T21:26:45","guid":{"rendered":"http:\/\/beta.amis-tico.eu\/fr\/?p=1119"},"modified":"2014-02-02T22:31:14","modified_gmt":"2014-02-02T21:31:14","slug":"1-an-deja","status":"publish","type":"post","link":"https:\/\/www.amis-tico.eu\/fr\/2014\/1-an-deja\/","title":{"rendered":"1 an d\u00e9j\u00e0 !"},"content":{"rendered":"<p>La premi\u00e8re ann\u00e9e d&rsquo;AmisTiCo est pass\u00e9e tr\u00e8s vite. Une ann\u00e9e intensive de travail dont le point culminant aura \u00e9t\u00e9 l&#8217;emm\u00e9nagement dans <a href=\"http:\/\/beta.amis-tico.eu\/fr\/spa-de-colmar\/\">le nouveau refuge SPA de Colmar<\/a>.<\/p>\n<p>Mais 2013, c&rsquo;est aussi&#8230; <!--more--><br \/>\n&#8230;de nombreux carreaux pos\u00e9s gr\u00e2ces aux dons, mais \u00e9galement des m\u00e8tres de rev\u00eatement, \u00e9tag\u00e8res, fixations, chevilles et vis achet\u00e9s et utilis\u00e9s pour l&rsquo;am\u00e9nagement des boxes des chats ainsi que de l&rsquo;espace ext\u00e9rieur de la chatterie. De m\u00eame, deux maisonnettes pour les chats &laquo;&nbsp;sauvages&nbsp;&raquo; ont \u00e9t\u00e9 mises en place. Les deux premi\u00e8res journ\u00e9es de m\u00e9nage et de petits travaux ont eu lieu avec succ\u00e8s. Enfin, plusieurs chiens et chats ont retrouv\u00e9 un bon foyer.<\/p>\n<p><span style=\"text-decoration: underline\"><strong>Gr\u00e2ce \u00e0 l&rsquo;aide de nos <strong>infatigables <\/strong>b\u00e9n\u00e9voles et au soutien de nos donateurs, nous sommes parvenus \u00e0 faire \u00e9voluer beaucoup de choses durablement. <\/strong><\/span><\/p>\n<p><span style=\"text-decoration: underline\"><strong>C&rsquo;est pourquoi nous tenons \u00e0 vous adresser un grand merci au nom des pensionnaires du refuge SPA de Colmar!<\/strong><\/span><\/p>\n<p>Les points que nous souhaitons \u00e0 pr\u00e9sent mettre en oeuvre sont les suivants:<\/p>\n<ul>\n<li>le grand projet de toiture de l&rsquo;espace ext\u00e9rieur de la chatterie va \u00eatre men\u00e9 \u00e0 terme le plus t\u00f4t possible.<\/li>\n<li>l&rsquo;installation de toitures est \u00e9galement planifi\u00e9e pour l&rsquo;espace ext\u00e9rieur des boxes des chiens.<\/li>\n<li>de m\u00eame, la mise en place de plantes et d&rsquo;arbres et de zones ombrag\u00e9es, l&rsquo;am\u00e9nagement de l&rsquo;espace ext\u00e9rieur des chats, ainsi que l&rsquo;am\u00e9nagement et la pose de carrelage dans des boxes suppl\u00e9mentaires pour les chats sont d&rsquo;ores et d\u00e9j\u00e0 pr\u00e9vus.<\/li>\n<li>enfin, l&rsquo;installation d&rsquo;\u00e9tag\u00e8res dans la r\u00e9serve ainsi que la recherche de sponsors sont \u00e9galement planifi\u00e9es.<\/li>\n<\/ul>\n<p>Un grand merci \u00e0 notre webmaster allemande et \u00e0 notre webmaster fran\u00e7aise pour la superbe mise en page de notre site internet, ainsi qu&rsquo;\u00e0 nos experts informatiques.<\/p>\n<p>Nous vous souhaitons \u00e0 toutes et \u00e0 tous une excellente ann\u00e9e 2014, sous le signe de la r\u00e9ussite et de la sant\u00e9 !<\/p>\n<p><strong>**Catherine Oberzusser et Heike Gantert**<\/strong><\/p>\n","protected":false},"excerpt":{"rendered":"<p>La premi\u00e8re ann\u00e9e d&rsquo;AmisTiCo est pass\u00e9e tr\u00e8s vite. Une ann\u00e9e intensive de travail dont le point culminant aura \u00e9t\u00e9 l&#8217;emm\u00e9nagement dans le nouveau refuge SPA de Colmar. Mais 2013, c&rsquo;est aussi&#8230;<\/p>\n","protected":false},"author":8,"featured_media":0,"comment_status":"open","ping_status":"open","sticky":false,"template":"","format":"standard","meta":{"footnotes":""},"categories":[28],"tags":[],"class_list":["post-1119","post","type-post","status-publish","format-standard","hentry","category-divers"],"_links":{"self":[{"href":"https:\/\/www.amis-tico.eu\/fr\/wp-json\/wp\/v2\/posts\/1119","targetHints":{"allow":["GET"]}}],"collection":[{"href":"https:\/\/www.amis-tico.eu\/fr\/wp-json\/wp\/v2\/posts"}],"about":[{"href":"https:\/\/www.amis-tico.eu\/fr\/wp-json\/wp\/v2\/types\/post"}],"author":[{"embeddable":true,"href":"https:\/\/www.amis-tico.eu\/fr\/wp-json\/wp\/v2\/users\/8"}],"replies":[{"embeddable":true,"href":"https:\/\/www.amis-tico.eu\/fr\/wp-json\/wp\/v2\/comments?post=1119"}],"version-history":[{"count":13,"href":"https:\/\/www.amis-tico.eu\/fr\/wp-json\/wp\/v2\/posts\/1119\/revisions"}],"predecessor-version":[{"id":1248,"href":"https:\/\/www.amis-tico.eu\/fr\/wp-json\/wp\/v2\/posts\/1119\/revisions\/1248"}],"wp:attachment":[{"href":"https:\/\/www.amis-tico.eu\/fr\/wp-json\/wp\/v2\/media?parent=1119"}],"wp:term":[{"taxonomy":"category","embeddable":true,"href":"https:\/\/www.amis-tico.eu\/fr\/wp-json\/wp\/v2\/categories?post=1119"},{"taxonomy":"post_tag","embeddable":true,"href":"https:\/\/www.amis-tico.eu\/fr\/wp-json\/wp\/v2\/tags?post=1119"}],"curies":[{"name":"wp","href":"https:\/\/api.w.org\/{rel}","templated":true}]}}