{"id":1362,"date":"2014-02-21T21:00:02","date_gmt":"2014-02-21T20:00:02","guid":{"rendered":"http:\/\/beta.amis-tico.eu\/fr\/?p=1362"},"modified":"2014-02-24T22:49:15","modified_gmt":"2014-02-24T21:49:15","slug":"babetteulla-update","status":"publish","type":"post","link":"https:\/\/www.amis-tico.eu\/fr\/2014\/babetteulla-update\/","title":{"rendered":"Babette\/Ulla &#8211; DISPARITION"},"content":{"rendered":"<p><strong><span style=\"color: #333333\">Update 19 f\u00e9vrier 2014: Babette a \u00e9t\u00e9 retrouv\u00e9e saine<br \/>\net sauve mais son ma\u00eetre est toujours port\u00e9 <\/span><span style=\"color: #333333\">disparu.<\/span><br \/>\n<\/strong>Sexe: Femelle<br \/>\nAge (date de naissance): 22\/07\/2003<br \/>\nRace: Cocker Spaniel<\/p>\n<div>\n<p><strong>Babette est de retour \u00e0 la maison saine et sauve!<\/strong><\/p>\n<p>La propri\u00e9taire de Babette vient de nous appeler pour nous annoncer que cet apr\u00e8s-midi une dame a aper\u00e7u Babette dans une rue en direction de Schopfheim. Elle a inform\u00e9 la police, qui a pu ramener Babette cet apr\u00e8s-midi de retour dans son foyer. Nous sommes vraiment tr\u00e8s contents que Babette aille bien et qu&rsquo;elle ait \u00e9t\u00e9 retrouv\u00e9e, cependant nous adressons nos pens\u00e9es aux proches du propri\u00e9taire de Babette, qui lui n&rsquo;a toujours pas \u00e9t\u00e9 retrouv\u00e9.<!--more--><\/p>\n<\/div>\n<p><strong>Update 9 f\u00e9vrier 2014: Babette et son ma\u00eetre sont port\u00e9s disparus depuis jeudi 6 f\u00e9vrier 2014 dans l&rsquo;apr\u00e8s-midi&#8230;<\/strong><\/p>\n<p>Extrait du journal <em>Badische Zeitung<\/em>:<\/p>\n<p><em>&laquo;&nbsp;Il va se promener avec son chien &#8211; et ne rentre plus chez lui: un homme de 79 ans originaire de Wehr (Bade-W\u00fcrttemberg) est port\u00e9 disparu depuis plus d&rsquo;un jour. Il est apparemment sain d&rsquo;esprit, mais pourrait actuellement se trouver en situation de d\u00e9tresse&#8230;<\/em><\/p>\n<p><img decoding=\"async\" title=\"Lire la suite\u2026\" alt=\"\" src=\"http:\/\/beta.amis-tico.eu\/fr\/wp-includes\/js\/tinymce\/plugins\/wordpress\/img\/trans.gif\" \/><em>&#8230;Jeudi vers 15h, l&rsquo;homme de 79 ans, r\u00e9sidant \u00e0 Wehr, part avec son chien, un Cocker Spaniel beige, faire une promenade. Quatre heures plus tard, ses proches signalent sa disparition. Jusqu&rsquo;\u00e0 pr\u00e9sent aucune trace de cet homme n&rsquo;a \u00e9t\u00e9 retrouv\u00e9e. Etrange: il est sain d&rsquo;esprit, aucun signe d&rsquo;un \u00e9ventuel trouble mental n&rsquo;est connu.<\/em><\/p>\n<p><em>L&rsquo;homme mesure 1,70m, il est corpulent, a les cheveux gris, et portait au moment de sa disparition un anorak brun et un pantalon brun clair. Son cocker beige l&rsquo;accompagnait.&nbsp;&raquo;<\/em><\/p>\n<p>Articles associ\u00e9s (en allemand): <a href=\"http:\/\/www.google.de\/url?sa=t&amp;rct=j&amp;q=&amp;esrc=s&amp;source=web&amp;cd=2&amp;cad=rja&amp;ved=0CDIQqQIwAQ&amp;url=http%3A%2F%2Fwww.suedkurier.de%2Fregion%2Fhochrhein%2Fwehr%2FWehr-Grosse-Suchaktion-nach-vermisstem-Mann%3Bart372624%2C6678807%3Futm_source%3DNewsticker_Startseite%26utm_medium%3DSuchaktion%2Bnach%2Bvermisstem%2BSenior%26utm_campaign%3DReichweite&amp;ei=J234UqKiJ_DT7AaUxYG4Cw&amp;usg=AFQjCNGz4c5oqs5-zwyDdP7mN0EPy4XOLw&amp;bvm=bv.60983673,d.Yms\" target=\"_blank\">S\u00fcdkurier 07.02.14<\/a> \/ <a href=\"http:\/\/www.badische-zeitung.de\/wehr\/keine-spur-von-vermisstem\" target=\"_blank\">Badische Zeitung 10.02.14<\/a><\/p>\n<p><strong>Update 2013:<\/strong> la gentille Babette a \u00e9t\u00e9 adopt\u00e9e.<\/p>\n<p>Babette a \u00e9t\u00e9 c\u00e9d\u00e9e. Selon son ancienne propri\u00e9taire, elle s&rsquo;appellerait Ulla.<\/p>\n\n\t\t\t<div id='1362-1' class='gallery gallery-1362 gallery-columns-3 gallery-size-thumbnail' itemscope itemtype='http:\/\/schema.org\/ImageGallery'>\n\t\t\t\t<div class='gallery-row gallery-col-3 gallery-clear'>\n\t\t\t\t\t<figure class='gallery-item col-3' itemprop='associatedMedia' itemscope itemtype='http:\/\/schema.org\/ImageObject'>\n\t\t\t\t\t\t<div class='gallery-icon landscape'><a href='https:\/\/www.amis-tico.eu\/fr\/2014\/babetteulla-update\/chienne-babette1-1\/' itemprop=\"contentURL\"><img loading=\"lazy\" decoding=\"async\" width=\"150\" height=\"150\" src=\"https:\/\/www.amis-tico.eu\/fr\/wp-content\/uploads\/sites\/2\/2014\/02\/chienne-babette1-1-150x150.jpg\" class=\"attachment-thumbnail size-thumbnail\" alt=\"\" itemprop=\"thumbnail\" \/><\/a><\/div>\n\t\t\t\t\t<\/figure>\n\t\t\t\t\t<figure class='gallery-item col-3' itemprop='associatedMedia' itemscope itemtype='http:\/\/schema.org\/ImageObject'>\n\t\t\t\t\t\t<div class='gallery-icon landscape'><a href='https:\/\/www.amis-tico.eu\/fr\/2014\/babetteulla-update\/chienne-babette1-2\/' itemprop=\"contentURL\"><img loading=\"lazy\" decoding=\"async\" width=\"150\" height=\"150\" src=\"https:\/\/www.amis-tico.eu\/fr\/wp-content\/uploads\/sites\/2\/2014\/02\/chienne-babette1-2-150x150.jpg\" class=\"attachment-thumbnail size-thumbnail\" alt=\"\" itemprop=\"thumbnail\" \/><\/a><\/div>\n\t\t\t\t\t<\/figure>\n\t\t\t\t\t<figure class='gallery-item col-3' itemprop='associatedMedia' itemscope itemtype='http:\/\/schema.org\/ImageObject'>\n\t\t\t\t\t\t<div class='gallery-icon landscape'><a href='https:\/\/www.amis-tico.eu\/fr\/2014\/babetteulla-update\/chienne-babette1-3\/' itemprop=\"contentURL\"><img loading=\"lazy\" decoding=\"async\" width=\"150\" height=\"150\" src=\"https:\/\/www.amis-tico.eu\/fr\/wp-content\/uploads\/sites\/2\/2014\/02\/chienne-babette1-3-150x150.jpg\" class=\"attachment-thumbnail size-thumbnail\" alt=\"\" itemprop=\"thumbnail\" \/><\/a><\/div>\n\t\t\t\t\t<\/figure>\n\t\t\t\t<\/div>\n\t\t\t<\/div><!-- .gallery -->\n\n<p>&nbsp;<\/p>\n","protected":false},"excerpt":{"rendered":"<p>Update 19 f\u00e9vrier 2014: Babette a \u00e9t\u00e9 retrouv\u00e9e saine et sauve mais son ma\u00eetre est toujours port\u00e9 disparu. Sexe: Femelle Age (date de naissance): 22\/07\/2003 Race: Cocker Spaniel Babette est de retour \u00e0 la maison saine et sauve! La propri\u00e9taire de Babette vient de nous appeler pour nous annoncer que cet apr\u00e8s-midi une dame a [&hellip;]<\/p>\n","protected":false},"author":8,"featured_media":1363,"comment_status":"open","ping_status":"open","sticky":false,"template":"","format":"standard","meta":{"footnotes":""},"categories":[12,28],"tags":[],"class_list":["post-1362","post","type-post","status-publish","format-standard","has-post-thumbnail","hentry","category-adoptes","category-divers"],"_links":{"self":[{"href":"https:\/\/www.amis-tico.eu\/fr\/wp-json\/wp\/v2\/posts\/1362","targetHints":{"allow":["GET"]}}],"collection":[{"href":"https:\/\/www.amis-tico.eu\/fr\/wp-json\/wp\/v2\/posts"}],"about":[{"href":"https:\/\/www.amis-tico.eu\/fr\/wp-json\/wp\/v2\/types\/post"}],"author":[{"embeddable":true,"href":"https:\/\/www.amis-tico.eu\/fr\/wp-json\/wp\/v2\/users\/8"}],"replies":[{"embeddable":true,"href":"https:\/\/www.amis-tico.eu\/fr\/wp-json\/wp\/v2\/comments?post=1362"}],"version-history":[{"count":10,"href":"https:\/\/www.amis-tico.eu\/fr\/wp-json\/wp\/v2\/posts\/1362\/revisions"}],"predecessor-version":[{"id":1596,"href":"https:\/\/www.amis-tico.eu\/fr\/wp-json\/wp\/v2\/posts\/1362\/revisions\/1596"}],"wp:featuredmedia":[{"embeddable":true,"href":"https:\/\/www.amis-tico.eu\/fr\/wp-json\/wp\/v2\/media\/1363"}],"wp:attachment":[{"href":"https:\/\/www.amis-tico.eu\/fr\/wp-json\/wp\/v2\/media?parent=1362"}],"wp:term":[{"taxonomy":"category","embeddable":true,"href":"https:\/\/www.amis-tico.eu\/fr\/wp-json\/wp\/v2\/categories?post=1362"},{"taxonomy":"post_tag","embeddable":true,"href":"https:\/\/www.amis-tico.eu\/fr\/wp-json\/wp\/v2\/tags?post=1362"}],"curies":[{"name":"wp","href":"https:\/\/api.w.org\/{rel}","templated":true}]}}