{"id":1369,"date":"2014-02-09T12:00:46","date_gmt":"2014-02-09T11:00:46","guid":{"rendered":"http:\/\/beta.amis-tico.eu\/fr\/?p=1369"},"modified":"2014-02-24T00:05:44","modified_gmt":"2014-02-23T23:05:44","slug":"voss","status":"publish","type":"post","link":"https:\/\/www.amis-tico.eu\/fr\/2014\/voss\/","title":{"rendered":"Voss"},"content":{"rendered":"<p>Gabarit: Petite taille<br \/>\nSexe: M\u00e2le<br \/>\nAge (date de naissance): 20\/09\/2004<br \/>\nRace: Maltais<br \/>\nPelage\/couleur de robe: Mi-long\/blanche<br \/>\nAu refuge depuis: Janvier 2014<br \/>\n<strong>Update f\u00e9vrier 2014: Voss est adopt\u00e9.<\/strong><\/p>\n<p><!--more-->S&rsquo;entend avec:<br \/>\nAutres chiens: semble OK<br \/>\nChats: n.c<br \/>\nNACs: oui<br \/>\nEnfants en bas \u00e2ge: oui<br \/>\nPeut vivre en: Maison, Appartement<\/p>\n<div>\n<p><strong>Commentaires<\/strong><\/p>\n<p>Voss est un gentil petit bichon maltais n\u00e9 en 2004. Il a \u00e9t\u00e9 abandonn\u00e9 pour cause d&rsquo;allergies.<br \/>\nIl vivait avec des enfants et un hamster.<br \/>\nIl semble cool avec les autres chiens.<\/p>\n<\/div>\n\n\t\t\t<div id='1369-1' class='gallery gallery-1369 gallery-columns-3 gallery-size-thumbnail' itemscope itemtype='http:\/\/schema.org\/ImageGallery'>\n\t\t\t\t<div class='gallery-row gallery-col-3 gallery-clear'>\n\t\t\t\t\t<figure class='gallery-item col-3' itemprop='associatedMedia' itemscope itemtype='http:\/\/schema.org\/ImageObject'>\n\t\t\t\t\t\t<div class='gallery-icon landscape'><a href='https:\/\/www.amis-tico.eu\/fr\/2014\/voss\/chien-voss1-1\/' itemprop=\"contentURL\"><img loading=\"lazy\" decoding=\"async\" width=\"150\" height=\"150\" src=\"https:\/\/www.amis-tico.eu\/fr\/wp-content\/uploads\/sites\/2\/2014\/02\/chien-voss1-1-150x150.jpg\" class=\"attachment-thumbnail size-thumbnail\" alt=\"\" itemprop=\"thumbnail\" \/><\/a><\/div>\n\t\t\t\t\t<\/figure>\n\t\t\t\t\t<figure class='gallery-item col-3' itemprop='associatedMedia' itemscope itemtype='http:\/\/schema.org\/ImageObject'>\n\t\t\t\t\t\t<div class='gallery-icon landscape'><a href='https:\/\/www.amis-tico.eu\/fr\/2014\/voss\/chien-voss1-2\/' itemprop=\"contentURL\"><img loading=\"lazy\" decoding=\"async\" width=\"150\" height=\"150\" src=\"https:\/\/www.amis-tico.eu\/fr\/wp-content\/uploads\/sites\/2\/2014\/02\/chien-voss1-2-150x150.jpg\" class=\"attachment-thumbnail size-thumbnail\" alt=\"\" itemprop=\"thumbnail\" \/><\/a><\/div>\n\t\t\t\t\t<\/figure>\n\t\t\t\t\t<figure class='gallery-item col-3' itemprop='associatedMedia' itemscope itemtype='http:\/\/schema.org\/ImageObject'>\n\t\t\t\t\t\t<div class='gallery-icon landscape'><a href='https:\/\/www.amis-tico.eu\/fr\/2014\/voss\/chien-voss1-3\/' itemprop=\"contentURL\"><img loading=\"lazy\" decoding=\"async\" width=\"150\" height=\"150\" src=\"https:\/\/www.amis-tico.eu\/fr\/wp-content\/uploads\/sites\/2\/2014\/02\/chien-voss1-3-150x150.jpg\" class=\"attachment-thumbnail size-thumbnail\" alt=\"\" itemprop=\"thumbnail\" \/><\/a><\/div>\n\t\t\t\t\t<\/figure>\n\t\t\t\t<\/div>\n\t\t\t<\/div><!-- .gallery -->\n\n","protected":false},"excerpt":{"rendered":"<p>Gabarit: Petite taille Sexe: M\u00e2le Age (date de naissance): 20\/09\/2004 Race: Maltais Pelage\/couleur de robe: Mi-long\/blanche Au refuge depuis: Janvier 2014 Update f\u00e9vrier 2014: Voss est adopt\u00e9.<\/p>\n","protected":false},"author":8,"featured_media":1370,"comment_status":"open","ping_status":"open","sticky":false,"template":"","format":"standard","meta":{"footnotes":""},"categories":[12],"tags":[],"class_list":["post-1369","post","type-post","status-publish","format-standard","has-post-thumbnail","hentry","category-adoptes"],"_links":{"self":[{"href":"https:\/\/www.amis-tico.eu\/fr\/wp-json\/wp\/v2\/posts\/1369","targetHints":{"allow":["GET"]}}],"collection":[{"href":"https:\/\/www.amis-tico.eu\/fr\/wp-json\/wp\/v2\/posts"}],"about":[{"href":"https:\/\/www.amis-tico.eu\/fr\/wp-json\/wp\/v2\/types\/post"}],"author":[{"embeddable":true,"href":"https:\/\/www.amis-tico.eu\/fr\/wp-json\/wp\/v2\/users\/8"}],"replies":[{"embeddable":true,"href":"https:\/\/www.amis-tico.eu\/fr\/wp-json\/wp\/v2\/comments?post=1369"}],"version-history":[{"count":6,"href":"https:\/\/www.amis-tico.eu\/fr\/wp-json\/wp\/v2\/posts\/1369\/revisions"}],"predecessor-version":[{"id":1620,"href":"https:\/\/www.amis-tico.eu\/fr\/wp-json\/wp\/v2\/posts\/1369\/revisions\/1620"}],"wp:featuredmedia":[{"embeddable":true,"href":"https:\/\/www.amis-tico.eu\/fr\/wp-json\/wp\/v2\/media\/1370"}],"wp:attachment":[{"href":"https:\/\/www.amis-tico.eu\/fr\/wp-json\/wp\/v2\/media?parent=1369"}],"wp:term":[{"taxonomy":"category","embeddable":true,"href":"https:\/\/www.amis-tico.eu\/fr\/wp-json\/wp\/v2\/categories?post=1369"},{"taxonomy":"post_tag","embeddable":true,"href":"https:\/\/www.amis-tico.eu\/fr\/wp-json\/wp\/v2\/tags?post=1369"}],"curies":[{"name":"wp","href":"https:\/\/api.w.org\/{rel}","templated":true}]}}