{"id":1589,"date":"2014-07-31T21:00:11","date_gmt":"2014-07-31T20:00:11","guid":{"rendered":"http:\/\/beta.amis-tico.eu\/fr\/?p=1589"},"modified":"2014-08-03T21:49:09","modified_gmt":"2014-08-03T20:49:09","slug":"amistico-vous-remercie","status":"publish","type":"post","link":"https:\/\/www.amis-tico.eu\/fr\/2014\/amistico-vous-remercie\/","title":{"rendered":"AmisTiCo vous remercie!"},"content":{"rendered":"<p>AmisTiCo tient \u00e0 remercier tous les donateurs pour leurs divers dons mat\u00e9riels et\/ou financiers, ainsi que les b\u00e9n\u00e9voles pour leur pr\u00e9sence et investissement personnel lors des actions, toutes ces personnes qui rendent les choses possibles en apportant leur soutien aux animaux et en contribuant \u00e0 leur bien-\u00eatre de diff\u00e9rentes mani\u00e8res.<\/p>\n<p><span style=\"line-height: 1.714285714;font-size: 1rem\">Vous pouvez retrouver les photos des diff\u00e9rents dons mat\u00e9riels <a href=\"http:\/\/beta.amis-tico.eu\/fr\/category\/appels-aux-dons\/remerciements\/\" target=\"_blank\">&gt;&gt; ici &lt;&lt;<\/a><\/span><span style=\"line-height: 1.714285714;font-size: 1rem\">.<\/span><\/p>\n<p><!--more--><\/p>\n<p><strong>Juillet 2014:<\/strong><\/p>\n<p>Merci au refuge SPA de Weil Am Rhein, pour nous avoir permis d&rsquo;avoir un stand pour pr\u00e9senter notre association. Nous avons re\u00e7u ce jour de nombreux dons financiers et de nourriture. Merci \u00e0 tous les donateurs!<\/p>\n<p>Un grand merci pour les dons financiers, de nourriture, les arbres \u00e0 chats et autres jouets et couvertures.<\/p>\n<p><strong>Juin 2014:<\/strong><\/p>\n<p>AmisTiCo remercie tous ceux qui nous ont apport\u00e9 leur soutien humain, mat\u00e9riel ou financier durant ce mois de juin! \ud83d\ude42<\/p>\n<p>Journ\u00e9e portes ouvertes, merci:<br \/>\n&#8211;\u00a0\u00e0 la soci\u00e9t\u00e9 Leclerc et \u00e0 tous ceux qui nous ont soutenu gr\u00e2ce \u00e0 leurs dons de d\u00e9licieux g\u00e2teaux. &#8211; au Club des Jeunes pour nous avoir pr\u00eat\u00e9 les tables et bancs.<br \/>\n&#8211; \u00e0 la soci\u00e9t\u00e9 Carola pour les dons de bouteilles d&rsquo;eau.<br \/>\n&#8211; \u00e0 tous ceux qui ont pr\u00eat\u00e9 le mat\u00e9riel n\u00e9cessaire \u00e0 cette journ\u00e9e, nous ont aid\u00e9 pour le transport et le montage.<br \/>\n&#8211; pour tous les dons r\u00e9colt\u00e9s ce jour-l\u00e0<br \/>\n&#8211; \u00e0 tous les b\u00e9n\u00e9voles ainsi qu&rsquo;\u00e0 tous les nombreux visiteurs!<\/p>\n<p>Merci aux b\u00e9n\u00e9voles qui ont rafistol\u00e9 le toit de l&rsquo;espace ext\u00e9rieur des chats.<\/p>\n<p>Merci \u00e0 tous ceux qui ont soutenu <a title=\"Happy End pour Charly\" href=\"http:\/\/beta.amis-tico.eu\/fr\/2014\/happy-end-pour-charly\/\" target=\"_blank\">Charly<\/a>!<\/p>\n<p>Un grand merci au Breisacher Hundetreff pour le don de 500\u20ac pour la toiture de l&rsquo;espace ext\u00e9rieure des chats.<\/p>\n<p><strong>Mai 2014:<\/strong><\/p>\n<p>Merci particuli\u00e8rement \u00e0:<\/p>\n<ul>\n<li>la famille Hock pour les dons de thuyas et \u00e0 nos b\u00e9n\u00e9voles pour la plantation<\/li>\n<li>Claudia et Kurt pour la maisonnette pour chats<\/li>\n<li>pour le don d&rsquo;un fauteuil pour les chats<\/li>\n<li>Svenja, Hertha, Linda, Ingrid et\u00a0Natacha pour leur aide lors de la journ\u00e9e m\u00e9nage\/travaux N\u00b04<\/li>\n<li>nos donateurs financiers<\/li>\n<\/ul>\n<p><strong>Avril 2014:<\/strong><\/p>\n<ul>\n<li>un grand merci aux donateurs financiers de ce mois-ci ainsi qu&rsquo;a Hertha et Svenja pour les am\u00e9nagements faits dans les boxes ext\u00e9rieurs des chats (installation de supports et branchages).<\/li>\n<\/ul>\n<p><strong>Mars 2014:<\/strong><\/p>\n<p>Un grand merci:<\/p>\n<ul>\n<li>\u00e0 Diana et Gaby pour les superbes paquets<\/li>\n<li>aux propri\u00e9taires de Marley pour les dons de nourriture pour chats<\/li>\n<li>\u00e0 Harald pour avoir isol\u00e9 et carrel\u00e9 la pi\u00e8ce des chats de fourri\u00e8re<\/li>\n<li>pour les dons financiers re\u00e7us ce mois-ci<\/li>\n<\/ul>\n<p><strong>F\u00e9vrier 2014\u00a0<\/strong><\/p>\n<ul>\n<li>Un grand merci \u00e0 Michael, Bettina et Barbara pour les dons de p\u00e2t\u00e9es pour chats.<\/li>\n<\/ul>\n<p><strong>Janvier 2014<\/strong><\/p>\n<ul>\n<li>Merci beaucoup \u00e0 tous les donateurs pour les dons financiers vir\u00e9s ce mois-ci.<\/li>\n<li>Un grand merci \u00e0 Klaus et Barbara,\u00a0qui ont apport\u00e9 une remorque remplie\u00a0de dons mat\u00e9riels divers collect\u00e9s\u00a0au profit du refuge SPA de Colmar.<\/li>\n<li>12 janvier:\u00a0merci \u00e0 toutes les personnes\u00a0qui nous ont aid\u00e9es pour la 2\u00e8me journ\u00e9e de m\u00e9nage\/petits travaux, dont les messieurs qui se sont occup\u00e9s du toit de l\u2019espace ext\u00e9rieur de la chatterie.<\/li>\n<\/ul>\n","protected":false},"excerpt":{"rendered":"<p>AmisTiCo tient \u00e0 remercier tous les donateurs pour leurs divers dons mat\u00e9riels et\/ou financiers, ainsi que les b\u00e9n\u00e9voles pour leur pr\u00e9sence et investissement personnel lors des actions, toutes ces personnes qui rendent les choses possibles en apportant leur soutien aux animaux et en contribuant \u00e0 leur bien-\u00eatre de diff\u00e9rentes mani\u00e8res. Vous pouvez retrouver les photos [&hellip;]<\/p>\n","protected":false},"author":8,"featured_media":0,"comment_status":"open","ping_status":"open","sticky":false,"template":"","format":"standard","meta":{"footnotes":""},"categories":[28],"tags":[],"class_list":["post-1589","post","type-post","status-publish","format-standard","hentry","category-divers"],"_links":{"self":[{"href":"https:\/\/www.amis-tico.eu\/fr\/wp-json\/wp\/v2\/posts\/1589","targetHints":{"allow":["GET"]}}],"collection":[{"href":"https:\/\/www.amis-tico.eu\/fr\/wp-json\/wp\/v2\/posts"}],"about":[{"href":"https:\/\/www.amis-tico.eu\/fr\/wp-json\/wp\/v2\/types\/post"}],"author":[{"embeddable":true,"href":"https:\/\/www.amis-tico.eu\/fr\/wp-json\/wp\/v2\/users\/8"}],"replies":[{"embeddable":true,"href":"https:\/\/www.amis-tico.eu\/fr\/wp-json\/wp\/v2\/comments?post=1589"}],"version-history":[{"count":12,"href":"https:\/\/www.amis-tico.eu\/fr\/wp-json\/wp\/v2\/posts\/1589\/revisions"}],"predecessor-version":[{"id":3346,"href":"https:\/\/www.amis-tico.eu\/fr\/wp-json\/wp\/v2\/posts\/1589\/revisions\/3346"}],"wp:attachment":[{"href":"https:\/\/www.amis-tico.eu\/fr\/wp-json\/wp\/v2\/media?parent=1589"}],"wp:term":[{"taxonomy":"category","embeddable":true,"href":"https:\/\/www.amis-tico.eu\/fr\/wp-json\/wp\/v2\/categories?post=1589"},{"taxonomy":"post_tag","embeddable":true,"href":"https:\/\/www.amis-tico.eu\/fr\/wp-json\/wp\/v2\/tags?post=1589"}],"curies":[{"name":"wp","href":"https:\/\/api.w.org\/{rel}","templated":true}]}}