{"id":1652,"date":"2014-02-24T22:45:24","date_gmt":"2014-02-24T21:45:24","guid":{"rendered":"http:\/\/beta.amis-tico.eu\/fr\/?p=1652"},"modified":"2014-03-14T21:45:31","modified_gmt":"2014-03-14T20:45:31","slug":"mia","status":"publish","type":"post","link":"https:\/\/www.amis-tico.eu\/fr\/2014\/mia\/","title":{"rendered":"Mia"},"content":{"rendered":"<p>Sexe: femelle<br \/>\nAge (date de naissance): 10.2013<br \/>\nRace: Crois\u00e9<br \/>\n<strong>Update mars 2014: Mia est adopt\u00e9e!<\/strong><\/p>\n<p><!--more--><\/p>\n<p><span style=\"line-height: 1.714285714;font-size: 1rem\"><strong>F\u00e9vrier 2014: commentaire de la pension pour chiens<br \/>\nGrisette, en Suisse:<\/strong><\/span><\/p>\n<p><span style=\"line-height: 1.714285714;font-size: 1rem\">Mia est une jeune chienne n\u00e9e en octobre 2013, haute de 38cm et pesant 8,5kg pour l&rsquo;instant (f\u00e9v. 2014). Elle s&rsquo;entend avec les autres chiens, est tr\u00e8s affectueuse avec les gens et pleine de vie. Elle cherche \u00e0 pr\u00e9sent ses ma\u00eetres, qui lui apprendront le B.A-BA de l&rsquo;\u00e9ducation.<\/span><\/p>\n<p>Les derni\u00e8res infos, photos et vid\u00e9os de Mia sont disponibles sur notre page d&rsquo;accueil:\u00a0<a href=\"http:\/\/www.grisette.ch\/\" target=\"_blank\">www.grisette.ch<\/a>.<\/p>\n<p>Mia est puc\u00e9e, vaccin\u00e9e et a \u00e9t\u00e9 test\u00e9e n\u00e9gative aux maladies du sud de l&rsquo;Europe. Elle sera plac\u00e9e -avec un pr\u00e9alable contr\u00f4le du foyer d&rsquo;accueil- sous contrat d&rsquo;adoption contre une contribution de 500 Francs suisses.<\/p>\n<p>Si vous souhaitez faire plus ample connaissance avec Mia contactez-nous, afin que nous vous fassions parvenir le formulaire de candidature:<br \/>\nTel. 0041 32 462 3219 (si r\u00e9pondeur, veuillez laisser un message avec votre num\u00e9ro de t\u00e9l\u00e9phone, nous vous rappelons volontiers), ou par E-mail:\u00a0<a href=\"mailto:info@grisette.ch\" target=\"_blank\">info@grisette.ch<\/a>.<\/p>\n\n\t\t\t<div id='1652-1' class='gallery gallery-1652 gallery-columns-3 gallery-size-thumbnail' itemscope itemtype='http:\/\/schema.org\/ImageGallery'>\n\t\t\t\t<div class='gallery-row gallery-col-3 gallery-clear'>\n\t\t\t\t\t<figure class='gallery-item col-3' itemprop='associatedMedia' itemscope itemtype='http:\/\/schema.org\/ImageObject'>\n\t\t\t\t\t\t<div class='gallery-icon landscape'><a href='https:\/\/www.amis-tico.eu\/fr\/2014\/mia\/chienne-mia1-1\/' itemprop=\"contentURL\"><img loading=\"lazy\" decoding=\"async\" width=\"150\" height=\"150\" src=\"https:\/\/www.amis-tico.eu\/fr\/wp-content\/uploads\/sites\/2\/2014\/02\/chienne-mia1-1-150x150.jpg\" class=\"attachment-thumbnail size-thumbnail\" alt=\"\" itemprop=\"thumbnail\" \/><\/a><\/div>\n\t\t\t\t\t<\/figure>\n\t\t\t\t\t<figure class='gallery-item col-3' itemprop='associatedMedia' itemscope itemtype='http:\/\/schema.org\/ImageObject'>\n\t\t\t\t\t\t<div class='gallery-icon landscape'><a href='https:\/\/www.amis-tico.eu\/fr\/2014\/mia\/chienne-mia1-2\/' itemprop=\"contentURL\"><img loading=\"lazy\" decoding=\"async\" width=\"150\" height=\"150\" src=\"https:\/\/www.amis-tico.eu\/fr\/wp-content\/uploads\/sites\/2\/2014\/02\/chienne-mia1-2-150x150.jpg\" class=\"attachment-thumbnail size-thumbnail\" alt=\"\" itemprop=\"thumbnail\" \/><\/a><\/div>\n\t\t\t\t\t<\/figure>\n\t\t\t<\/div>\n\t\t\t<\/div><!-- .gallery -->\n\n","protected":false},"excerpt":{"rendered":"<p>Sexe: femelle Age (date de naissance): 10.2013 Race: Crois\u00e9 Update mars 2014: Mia est adopt\u00e9e!<\/p>\n","protected":false},"author":8,"featured_media":1654,"comment_status":"open","ping_status":"open","sticky":false,"template":"","format":"standard","meta":{"footnotes":""},"categories":[12],"tags":[],"class_list":["post-1652","post","type-post","status-publish","format-standard","has-post-thumbnail","hentry","category-adoptes"],"_links":{"self":[{"href":"https:\/\/www.amis-tico.eu\/fr\/wp-json\/wp\/v2\/posts\/1652","targetHints":{"allow":["GET"]}}],"collection":[{"href":"https:\/\/www.amis-tico.eu\/fr\/wp-json\/wp\/v2\/posts"}],"about":[{"href":"https:\/\/www.amis-tico.eu\/fr\/wp-json\/wp\/v2\/types\/post"}],"author":[{"embeddable":true,"href":"https:\/\/www.amis-tico.eu\/fr\/wp-json\/wp\/v2\/users\/8"}],"replies":[{"embeddable":true,"href":"https:\/\/www.amis-tico.eu\/fr\/wp-json\/wp\/v2\/comments?post=1652"}],"version-history":[{"count":6,"href":"https:\/\/www.amis-tico.eu\/fr\/wp-json\/wp\/v2\/posts\/1652\/revisions"}],"predecessor-version":[{"id":1941,"href":"https:\/\/www.amis-tico.eu\/fr\/wp-json\/wp\/v2\/posts\/1652\/revisions\/1941"}],"wp:featuredmedia":[{"embeddable":true,"href":"https:\/\/www.amis-tico.eu\/fr\/wp-json\/wp\/v2\/media\/1654"}],"wp:attachment":[{"href":"https:\/\/www.amis-tico.eu\/fr\/wp-json\/wp\/v2\/media?parent=1652"}],"wp:term":[{"taxonomy":"category","embeddable":true,"href":"https:\/\/www.amis-tico.eu\/fr\/wp-json\/wp\/v2\/categories?post=1652"},{"taxonomy":"post_tag","embeddable":true,"href":"https:\/\/www.amis-tico.eu\/fr\/wp-json\/wp\/v2\/tags?post=1652"}],"curies":[{"name":"wp","href":"https:\/\/api.w.org\/{rel}","templated":true}]}}