{"id":1780,"date":"2014-03-11T12:01:30","date_gmt":"2014-03-11T11:01:30","guid":{"rendered":"http:\/\/beta.amis-tico.eu\/fr\/?p=1780"},"modified":"2014-03-11T12:59:15","modified_gmt":"2014-03-11T11:59:15","slug":"formation-pour-proprietaires-de-chiens-categorises","status":"publish","type":"post","link":"https:\/\/www.amis-tico.eu\/fr\/2014\/formation-pour-proprietaires-de-chiens-categorises\/","title":{"rendered":"Formation pour propri\u00e9taires de chiens cat\u00e9goris\u00e9s"},"content":{"rendered":"<p>Le\u00a0samedi 15 mars 2014 aura lieu \u00e0 Pulversheim\u00a0un <a href=\"http:\/\/www.bartenheim.fr\/fileadmin\/bartenheim\/DOCUMENTS\/TRAVAUX_-_URBANNISME\/2014\/Stage_Chiens_Categorises___2.pdf\" target=\"_blank\">stage de formation pour les propri\u00e9taires de chiens cat\u00e9goris\u00e9s<\/a> anim\u00e9 par Patrick Grimm.<\/p>\n<p><strong>Cette formation est ouverte\u00a0<span style=\"text-decoration: underline\">gratuitement<\/span>\u00a0\u00e0 tous les membres b\u00e9n\u00e9voles de la SPA.<\/strong><\/p>\n<p><!--more--><\/p>\n<p>Horaire \/ lieu : 8h30 \u00e0 Pulversheim\u00a0(Eglise St Jean).<br \/>\nPour plus d&rsquo;informations vous pouvez contacter Patrick Grimm au 03.89.48.09.20.<\/p>\n<p><em>Patrick Grimm est \u00e9ducateur canin et comportementaliste.<\/em><\/p>\n","protected":false},"excerpt":{"rendered":"<p>Le\u00a0samedi 15 mars 2014 aura lieu \u00e0 Pulversheim\u00a0un stage de formation pour les propri\u00e9taires de chiens cat\u00e9goris\u00e9s anim\u00e9 par Patrick Grimm. Cette formation est ouverte\u00a0gratuitement\u00a0\u00e0 tous les membres b\u00e9n\u00e9voles de la SPA.<\/p>\n","protected":false},"author":8,"featured_media":0,"comment_status":"open","ping_status":"open","sticky":false,"template":"","format":"standard","meta":{"footnotes":""},"categories":[28],"tags":[],"class_list":["post-1780","post","type-post","status-publish","format-standard","hentry","category-divers"],"_links":{"self":[{"href":"https:\/\/www.amis-tico.eu\/fr\/wp-json\/wp\/v2\/posts\/1780","targetHints":{"allow":["GET"]}}],"collection":[{"href":"https:\/\/www.amis-tico.eu\/fr\/wp-json\/wp\/v2\/posts"}],"about":[{"href":"https:\/\/www.amis-tico.eu\/fr\/wp-json\/wp\/v2\/types\/post"}],"author":[{"embeddable":true,"href":"https:\/\/www.amis-tico.eu\/fr\/wp-json\/wp\/v2\/users\/8"}],"replies":[{"embeddable":true,"href":"https:\/\/www.amis-tico.eu\/fr\/wp-json\/wp\/v2\/comments?post=1780"}],"version-history":[{"count":6,"href":"https:\/\/www.amis-tico.eu\/fr\/wp-json\/wp\/v2\/posts\/1780\/revisions"}],"predecessor-version":[{"id":1855,"href":"https:\/\/www.amis-tico.eu\/fr\/wp-json\/wp\/v2\/posts\/1780\/revisions\/1855"}],"wp:attachment":[{"href":"https:\/\/www.amis-tico.eu\/fr\/wp-json\/wp\/v2\/media?parent=1780"}],"wp:term":[{"taxonomy":"category","embeddable":true,"href":"https:\/\/www.amis-tico.eu\/fr\/wp-json\/wp\/v2\/categories?post=1780"},{"taxonomy":"post_tag","embeddable":true,"href":"https:\/\/www.amis-tico.eu\/fr\/wp-json\/wp\/v2\/tags?post=1780"}],"curies":[{"name":"wp","href":"https:\/\/api.w.org\/{rel}","templated":true}]}}