{"id":1787,"date":"2014-03-05T12:00:56","date_gmt":"2014-03-05T11:00:56","guid":{"rendered":"http:\/\/beta.amis-tico.eu\/fr\/?p=1787"},"modified":"2014-06-17T19:58:17","modified_gmt":"2014-06-17T18:58:17","slug":"largo","status":"publish","type":"post","link":"https:\/\/www.amis-tico.eu\/fr\/2014\/largo\/","title":{"rendered":"Largo"},"content":{"rendered":"<p>Gabarit:Grande taille<br \/>\nSexe:M\u00e2le<br \/>\nAge (date de naissance):08\/02\/2013<br \/>\nRace:crois\u00e9 Berger<br \/>\nPelage\/couleur de robe:Court\/noire<br \/>\nAu refuge depuis:F\u00e9vrier 2014<br \/>\n<strong>Update juin 2014: Largo est adopt\u00e9<\/strong><br \/>\n<!--more--><br \/>\nS&rsquo;entend avec:non connues<br \/>\nPeut vivre en:Maison<\/p>\n<p><strong>Commentaires<\/strong><\/p>\n<p>Largo est un labrador de 1 an n\u00e9 le 8 f\u00e9vrier 2013. Il a \u00e9t\u00e9 r\u00e9cup\u00e9r\u00e9 par une dame qui a eu piti\u00e9 de lui car les anciens propri\u00e9taires ne le sortaient que 5 minutes par jour. Son regard en dit long!\u00a0Malheureusement elle ne pouvait pas le garder.<\/p>\n<p>Largo n&rsquo;est pas dominant, ne tire pas en promenade et ne s&rsquo;int\u00e9resse pas aux autres chiens. Il a besoin d&rsquo;\u00eatre mis en confiance car il est craintif surtout lorsqu&rsquo;il ne conna\u00eet pas les gens!\u00a0Il aura besoin de temps et de beaucoup d&rsquo;amour.\u00a0Une fois sa confiance gagn\u00e9e, c&rsquo;est un chien doux et gentil.<\/p>\n<p>Il sera plac\u00e9 chez des personnes qui sauront prendre le temps de l&rsquo;\u00e9duquer.<\/p>\n\n\t\t\t<div id='1787-1' class='gallery gallery-1787 gallery-columns-6 gallery-size-thumbnail' itemscope itemtype='http:\/\/schema.org\/ImageGallery'>\n\t\t\t\t<div class='gallery-row gallery-col-6 gallery-clear'>\n\t\t\t\t\t<figure class='gallery-item col-6' itemprop='associatedMedia' itemscope itemtype='http:\/\/schema.org\/ImageObject'>\n\t\t\t\t\t\t<div class='gallery-icon landscape'><a href='https:\/\/www.amis-tico.eu\/fr\/2014\/largo\/chien-largo1-6\/' itemprop=\"contentURL\"><img loading=\"lazy\" decoding=\"async\" width=\"150\" height=\"150\" src=\"https:\/\/www.amis-tico.eu\/fr\/wp-content\/uploads\/sites\/2\/2014\/03\/chien-largo1-6-150x150.jpg\" class=\"attachment-thumbnail size-thumbnail\" alt=\"\" itemprop=\"thumbnail\" \/><\/a><\/div>\n\t\t\t\t\t<\/figure>\n\t\t\t\t\t<figure class='gallery-item col-6' itemprop='associatedMedia' itemscope itemtype='http:\/\/schema.org\/ImageObject'>\n\t\t\t\t\t\t<div class='gallery-icon landscape'><a href='https:\/\/www.amis-tico.eu\/fr\/2014\/largo\/chien-largo1-5\/' itemprop=\"contentURL\"><img loading=\"lazy\" decoding=\"async\" width=\"150\" height=\"150\" src=\"https:\/\/www.amis-tico.eu\/fr\/wp-content\/uploads\/sites\/2\/2014\/03\/chien-largo1-5-150x150.jpg\" class=\"attachment-thumbnail size-thumbnail\" alt=\"\" itemprop=\"thumbnail\" \/><\/a><\/div>\n\t\t\t\t\t<\/figure>\n\t\t\t\t\t<figure class='gallery-item col-6' itemprop='associatedMedia' itemscope itemtype='http:\/\/schema.org\/ImageObject'>\n\t\t\t\t\t\t<div class='gallery-icon landscape'><a href='https:\/\/www.amis-tico.eu\/fr\/2014\/largo\/chien-largo1-4\/' itemprop=\"contentURL\"><img loading=\"lazy\" decoding=\"async\" width=\"150\" height=\"150\" src=\"https:\/\/www.amis-tico.eu\/fr\/wp-content\/uploads\/sites\/2\/2014\/03\/chien-largo1-4-150x150.jpg\" class=\"attachment-thumbnail size-thumbnail\" alt=\"\" itemprop=\"thumbnail\" \/><\/a><\/div>\n\t\t\t\t\t<\/figure>\n\t\t\t\t\t<figure class='gallery-item col-6' itemprop='associatedMedia' itemscope itemtype='http:\/\/schema.org\/ImageObject'>\n\t\t\t\t\t\t<div class='gallery-icon landscape'><a href='https:\/\/www.amis-tico.eu\/fr\/2014\/largo\/chien-largo1-3\/' itemprop=\"contentURL\"><img loading=\"lazy\" decoding=\"async\" width=\"150\" height=\"150\" src=\"https:\/\/www.amis-tico.eu\/fr\/wp-content\/uploads\/sites\/2\/2014\/03\/chien-largo1-3-150x150.jpg\" class=\"attachment-thumbnail size-thumbnail\" alt=\"\" itemprop=\"thumbnail\" \/><\/a><\/div>\n\t\t\t\t\t<\/figure>\n\t\t\t\t\t<figure class='gallery-item col-6' itemprop='associatedMedia' itemscope itemtype='http:\/\/schema.org\/ImageObject'>\n\t\t\t\t\t\t<div class='gallery-icon landscape'><a href='https:\/\/www.amis-tico.eu\/fr\/2014\/largo\/chien-largo1-2\/' itemprop=\"contentURL\"><img loading=\"lazy\" decoding=\"async\" width=\"150\" height=\"150\" src=\"https:\/\/www.amis-tico.eu\/fr\/wp-content\/uploads\/sites\/2\/2014\/03\/chien-largo1-2-150x150.jpg\" class=\"attachment-thumbnail size-thumbnail\" alt=\"\" itemprop=\"thumbnail\" \/><\/a><\/div>\n\t\t\t\t\t<\/figure>\n\t\t\t\t\t<figure class='gallery-item col-6' itemprop='associatedMedia' itemscope itemtype='http:\/\/schema.org\/ImageObject'>\n\t\t\t\t\t\t<div class='gallery-icon landscape'><a href='https:\/\/www.amis-tico.eu\/fr\/2014\/largo\/chien-largo1-1\/' itemprop=\"contentURL\"><img loading=\"lazy\" decoding=\"async\" width=\"150\" height=\"150\" src=\"https:\/\/www.amis-tico.eu\/fr\/wp-content\/uploads\/sites\/2\/2014\/03\/chien-largo1-1-150x150.jpg\" class=\"attachment-thumbnail size-thumbnail\" alt=\"\" itemprop=\"thumbnail\" \/><\/a><\/div>\n\t\t\t\t\t<\/figure>\n\t\t\t\t<\/div>\n\t\t\t<\/div><!-- .gallery -->\n\n<p>&nbsp;<\/p>\n","protected":false},"excerpt":{"rendered":"<p>Gabarit:Grande taille Sexe:M\u00e2le Age (date de naissance):08\/02\/2013 Race:crois\u00e9 Berger Pelage\/couleur de robe:Court\/noire Au refuge depuis:F\u00e9vrier 2014 Update juin 2014: Largo est adopt\u00e9<\/p>\n","protected":false},"author":8,"featured_media":1796,"comment_status":"open","ping_status":"open","sticky":false,"template":"","format":"standard","meta":{"footnotes":""},"categories":[12],"tags":[],"class_list":["post-1787","post","type-post","status-publish","format-standard","has-post-thumbnail","hentry","category-adoptes"],"_links":{"self":[{"href":"https:\/\/www.amis-tico.eu\/fr\/wp-json\/wp\/v2\/posts\/1787","targetHints":{"allow":["GET"]}}],"collection":[{"href":"https:\/\/www.amis-tico.eu\/fr\/wp-json\/wp\/v2\/posts"}],"about":[{"href":"https:\/\/www.amis-tico.eu\/fr\/wp-json\/wp\/v2\/types\/post"}],"author":[{"embeddable":true,"href":"https:\/\/www.amis-tico.eu\/fr\/wp-json\/wp\/v2\/users\/8"}],"replies":[{"embeddable":true,"href":"https:\/\/www.amis-tico.eu\/fr\/wp-json\/wp\/v2\/comments?post=1787"}],"version-history":[{"count":6,"href":"https:\/\/www.amis-tico.eu\/fr\/wp-json\/wp\/v2\/posts\/1787\/revisions"}],"predecessor-version":[{"id":3044,"href":"https:\/\/www.amis-tico.eu\/fr\/wp-json\/wp\/v2\/posts\/1787\/revisions\/3044"}],"wp:featuredmedia":[{"embeddable":true,"href":"https:\/\/www.amis-tico.eu\/fr\/wp-json\/wp\/v2\/media\/1796"}],"wp:attachment":[{"href":"https:\/\/www.amis-tico.eu\/fr\/wp-json\/wp\/v2\/media?parent=1787"}],"wp:term":[{"taxonomy":"category","embeddable":true,"href":"https:\/\/www.amis-tico.eu\/fr\/wp-json\/wp\/v2\/categories?post=1787"},{"taxonomy":"post_tag","embeddable":true,"href":"https:\/\/www.amis-tico.eu\/fr\/wp-json\/wp\/v2\/tags?post=1787"}],"curies":[{"name":"wp","href":"https:\/\/api.w.org\/{rel}","templated":true}]}}