{"id":1896,"date":"2014-03-08T11:59:33","date_gmt":"2014-03-08T10:59:33","guid":{"rendered":"http:\/\/beta.amis-tico.eu\/fr\/?p=1896"},"modified":"2014-03-16T15:40:46","modified_gmt":"2014-03-16T14:40:46","slug":"hades","status":"publish","type":"post","link":"https:\/\/www.amis-tico.eu\/fr\/2014\/hades\/","title":{"rendered":"Had\u00e8s"},"content":{"rendered":"<p>Gabarit:\u00a0Petite taille<br \/>\nSexe:\u00a0M\u00e2le<br \/>\nAge (date de naissance):\u00a015\/07\/2012<br \/>\nRace:\u00a0Shi tzu<br \/>\nPelage\/couleur de robe:\u00a0Mi-long\/sable<br \/>\nAu refuge depuis:\u00a0F\u00e9vrier 2014<br \/>\n<strong>Update mars 2014: Had\u00e8s est adopt\u00e9!<\/strong><\/p>\n<p><!--more--><\/p>\n<p>S&rsquo;entend avec:<br \/>\nAutres chiens: oui<br \/>\nChats: n.c<br \/>\nEnfants en bas \u00e2ge: oui<br \/>\nPeut vivre en:\u00a0Maison, Appartement<\/p>\n<p><strong>Mars 2014<\/strong><\/p>\n<p>Had\u00e8s est un petit chien tr\u00e8s tr\u00e8s affectueux et tendre. Il aime faire des c\u00e2lins et donner des bisous.<br \/>\nIl est tr\u00e8s agr\u00e9able en balade et s&rsquo;entend bien avec les autres chiens.<br \/>\nIl a encore besoin d&rsquo;un bon toilettage!<\/p>\n\n\t\t\t<div id='1896-1' class='gallery gallery-1896 gallery-columns-4 gallery-size-thumbnail' itemscope itemtype='http:\/\/schema.org\/ImageGallery'>\n\t\t\t\t<div class='gallery-row gallery-col-4 gallery-clear'>\n\t\t\t\t\t<figure class='gallery-item col-4' itemprop='associatedMedia' itemscope itemtype='http:\/\/schema.org\/ImageObject'>\n\t\t\t\t\t\t<div class='gallery-icon landscape'><a href='https:\/\/www.amis-tico.eu\/fr\/2014\/hades\/chien-hades1-2\/' itemprop=\"contentURL\"><img loading=\"lazy\" decoding=\"async\" width=\"150\" height=\"150\" src=\"https:\/\/www.amis-tico.eu\/fr\/wp-content\/uploads\/sites\/2\/2014\/03\/chien-hades1-2-150x150.jpg\" class=\"attachment-thumbnail size-thumbnail\" alt=\"\" itemprop=\"thumbnail\" \/><\/a><\/div>\n\t\t\t\t\t<\/figure>\n\t\t\t\t\t<figure class='gallery-item col-4' itemprop='associatedMedia' itemscope itemtype='http:\/\/schema.org\/ImageObject'>\n\t\t\t\t\t\t<div class='gallery-icon landscape'><a href='https:\/\/www.amis-tico.eu\/fr\/2014\/hades\/chien-hades1-3\/' itemprop=\"contentURL\"><img loading=\"lazy\" decoding=\"async\" width=\"150\" height=\"150\" src=\"https:\/\/www.amis-tico.eu\/fr\/wp-content\/uploads\/sites\/2\/2014\/03\/chien-hades1-3-150x150.jpg\" class=\"attachment-thumbnail size-thumbnail\" alt=\"\" itemprop=\"thumbnail\" \/><\/a><\/div>\n\t\t\t\t\t<\/figure>\n\t\t\t\t\t<figure class='gallery-item col-4' itemprop='associatedMedia' itemscope itemtype='http:\/\/schema.org\/ImageObject'>\n\t\t\t\t\t\t<div class='gallery-icon landscape'><a href='https:\/\/www.amis-tico.eu\/fr\/2014\/hades\/chien-hades1-1\/' itemprop=\"contentURL\"><img loading=\"lazy\" decoding=\"async\" width=\"150\" height=\"150\" src=\"https:\/\/www.amis-tico.eu\/fr\/wp-content\/uploads\/sites\/2\/2014\/03\/chien-hades1-1-150x150.jpg\" class=\"attachment-thumbnail size-thumbnail\" alt=\"\" itemprop=\"thumbnail\" \/><\/a><\/div>\n\t\t\t\t\t<\/figure>\n\t\t\t\t\t<figure class='gallery-item col-4' itemprop='associatedMedia' itemscope itemtype='http:\/\/schema.org\/ImageObject'>\n\t\t\t\t\t\t<div class='gallery-icon landscape'><a href='https:\/\/www.amis-tico.eu\/fr\/2014\/hades\/chien-hades1-4\/' itemprop=\"contentURL\"><img loading=\"lazy\" decoding=\"async\" width=\"150\" height=\"150\" src=\"https:\/\/www.amis-tico.eu\/fr\/wp-content\/uploads\/sites\/2\/2014\/03\/chien-hades1-4-150x150.jpg\" class=\"attachment-thumbnail size-thumbnail\" alt=\"\" itemprop=\"thumbnail\" \/><\/a><\/div>\n\t\t\t\t\t<\/figure>\n\t\t\t\t<\/div>\n\t\t\t<\/div><!-- .gallery -->\n\n","protected":false},"excerpt":{"rendered":"<p>Gabarit:\u00a0Petite taille Sexe:\u00a0M\u00e2le Age (date de naissance):\u00a015\/07\/2012 Race:\u00a0Shi tzu Pelage\/couleur de robe:\u00a0Mi-long\/sable Au refuge depuis:\u00a0F\u00e9vrier 2014 Update mars 2014: Had\u00e8s est adopt\u00e9!<\/p>\n","protected":false},"author":8,"featured_media":1898,"comment_status":"open","ping_status":"open","sticky":false,"template":"","format":"standard","meta":{"footnotes":""},"categories":[12],"tags":[],"class_list":["post-1896","post","type-post","status-publish","format-standard","has-post-thumbnail","hentry","category-adoptes"],"_links":{"self":[{"href":"https:\/\/www.amis-tico.eu\/fr\/wp-json\/wp\/v2\/posts\/1896","targetHints":{"allow":["GET"]}}],"collection":[{"href":"https:\/\/www.amis-tico.eu\/fr\/wp-json\/wp\/v2\/posts"}],"about":[{"href":"https:\/\/www.amis-tico.eu\/fr\/wp-json\/wp\/v2\/types\/post"}],"author":[{"embeddable":true,"href":"https:\/\/www.amis-tico.eu\/fr\/wp-json\/wp\/v2\/users\/8"}],"replies":[{"embeddable":true,"href":"https:\/\/www.amis-tico.eu\/fr\/wp-json\/wp\/v2\/comments?post=1896"}],"version-history":[{"count":3,"href":"https:\/\/www.amis-tico.eu\/fr\/wp-json\/wp\/v2\/posts\/1896\/revisions"}],"predecessor-version":[{"id":1946,"href":"https:\/\/www.amis-tico.eu\/fr\/wp-json\/wp\/v2\/posts\/1896\/revisions\/1946"}],"wp:featuredmedia":[{"embeddable":true,"href":"https:\/\/www.amis-tico.eu\/fr\/wp-json\/wp\/v2\/media\/1898"}],"wp:attachment":[{"href":"https:\/\/www.amis-tico.eu\/fr\/wp-json\/wp\/v2\/media?parent=1896"}],"wp:term":[{"taxonomy":"category","embeddable":true,"href":"https:\/\/www.amis-tico.eu\/fr\/wp-json\/wp\/v2\/categories?post=1896"},{"taxonomy":"post_tag","embeddable":true,"href":"https:\/\/www.amis-tico.eu\/fr\/wp-json\/wp\/v2\/tags?post=1896"}],"curies":[{"name":"wp","href":"https:\/\/api.w.org\/{rel}","templated":true}]}}