{"id":1985,"date":"2014-03-18T12:54:39","date_gmt":"2014-03-18T11:54:39","guid":{"rendered":"http:\/\/beta.amis-tico.eu\/fr\/?p=1985"},"modified":"2014-03-18T22:02:22","modified_gmt":"2014-03-18T21:02:22","slug":"sara-2","status":"publish","type":"post","link":"https:\/\/www.amis-tico.eu\/fr\/2014\/sara-2\/","title":{"rendered":"Sara"},"content":{"rendered":"<p>Age (date de naissance): 01.01.2012<br \/>\nSexe: femelle<br \/>\nRace: crois\u00e9e Berger<\/p>\n<p><strong>Commentaires de la pension Grisette, en Suisse:<\/strong><\/p>\n<p><strong style=\"line-height: 1.714285714;font-size: 1rem\"><!--more--><\/strong><img decoding=\"async\" title=\"Lire la suite\u2026\" alt=\"\" src=\"http:\/\/beta.amis-tico.eu\/fr\/wp-includes\/js\/tinymce\/plugins\/wordpress\/img\/trans.gif\" \/>Sara est une magnifique et tr\u00e8s gentille chienne crois\u00e9e berger de 2 ans environ. Elle s&rsquo;entend avec les autres chiens et pourrait s&rsquo;habituer \u00e0 des chats ayant d\u00e9j\u00e0 c\u00f4toy\u00e9 des chiens.<\/p>\n<p>Les derni\u00e8res infos, photos et vid\u00e9os sont disponibles sur notre site:\u00a0<a href=\"http:\/\/www.grisette.ch\/\" target=\"_blank\">www.grisette.ch<\/a>.<\/p>\n<p>Sara est puc\u00e9e, vaccin\u00e9e et st\u00e9rilis\u00e9e, et sera plac\u00e9e sous contrat d&rsquo;adoption contre une contribution de 500 Francs suisses.<\/p>\n<p><span style=\"line-height: 1.714285714;font-size: 1rem\">Si vous souhaitez faire plus ample connaissance avec Sara, contactez-nous, afin que nous vous fassions parvenir le formulaire de candidature:<\/span><\/p>\n<p>Tel. 0041 32 462 3219 (langues parl\u00e9es fran\u00e7ais\/allemand, si r\u00e9pondeur, veuillez laisser un message avec votre num\u00e9ro de t\u00e9l\u00e9phone, nous vous rappelons volontiers), ou par E-mail:\u00a0<a href=\"mailto:info@grisette.ch\" target=\"_blank\">info@grisette.ch<\/a>.<\/p>\n\n\t\t\t<div id='1985-1' class='gallery gallery-1985 gallery-columns-3 gallery-size-thumbnail' itemscope itemtype='http:\/\/schema.org\/ImageGallery'>\n\t\t\t\t<div class='gallery-row gallery-col-3 gallery-clear'>\n\t\t\t\t\t<figure class='gallery-item col-3' itemprop='associatedMedia' itemscope itemtype='http:\/\/schema.org\/ImageObject'>\n\t\t\t\t\t\t<div class='gallery-icon landscape'><a href='https:\/\/www.amis-tico.eu\/fr\/2014\/sara-2\/chienne-sara2-1\/' itemprop=\"contentURL\"><img loading=\"lazy\" decoding=\"async\" width=\"150\" height=\"150\" src=\"https:\/\/www.amis-tico.eu\/fr\/wp-content\/uploads\/sites\/2\/2014\/03\/chienne-sara2-1-150x150.jpg\" class=\"attachment-thumbnail size-thumbnail\" alt=\"\" itemprop=\"thumbnail\" \/><\/a><\/div>\n\t\t\t\t\t<\/figure>\n\t\t\t\t\t<figure class='gallery-item col-3' itemprop='associatedMedia' itemscope itemtype='http:\/\/schema.org\/ImageObject'>\n\t\t\t\t\t\t<div class='gallery-icon landscape'><a href='https:\/\/www.amis-tico.eu\/fr\/2014\/sara-2\/chienne-sara2-2\/' itemprop=\"contentURL\"><img loading=\"lazy\" decoding=\"async\" width=\"150\" height=\"150\" src=\"https:\/\/www.amis-tico.eu\/fr\/wp-content\/uploads\/sites\/2\/2014\/03\/chienne-sara2-2-150x150.jpg\" class=\"attachment-thumbnail size-thumbnail\" alt=\"\" itemprop=\"thumbnail\" \/><\/a><\/div>\n\t\t\t\t\t<\/figure>\n\t\t\t<\/div>\n\t\t\t<\/div><!-- .gallery -->\n\n","protected":false},"excerpt":{"rendered":"<p>Age (date de naissance): 01.01.2012 Sexe: femelle Race: crois\u00e9e Berger Commentaires de la pension Grisette, en Suisse:<\/p>\n","protected":false},"author":8,"featured_media":1986,"comment_status":"open","ping_status":"open","sticky":false,"template":"","format":"standard","meta":{"footnotes":""},"categories":[11,32,20],"tags":[],"class_list":["post-1985","post","type-post","status-publish","format-standard","has-post-thumbnail","hentry","category-a-ladoption","category-autres-organismes","category-chiens"],"_links":{"self":[{"href":"https:\/\/www.amis-tico.eu\/fr\/wp-json\/wp\/v2\/posts\/1985","targetHints":{"allow":["GET"]}}],"collection":[{"href":"https:\/\/www.amis-tico.eu\/fr\/wp-json\/wp\/v2\/posts"}],"about":[{"href":"https:\/\/www.amis-tico.eu\/fr\/wp-json\/wp\/v2\/types\/post"}],"author":[{"embeddable":true,"href":"https:\/\/www.amis-tico.eu\/fr\/wp-json\/wp\/v2\/users\/8"}],"replies":[{"embeddable":true,"href":"https:\/\/www.amis-tico.eu\/fr\/wp-json\/wp\/v2\/comments?post=1985"}],"version-history":[{"count":3,"href":"https:\/\/www.amis-tico.eu\/fr\/wp-json\/wp\/v2\/posts\/1985\/revisions"}],"predecessor-version":[{"id":2002,"href":"https:\/\/www.amis-tico.eu\/fr\/wp-json\/wp\/v2\/posts\/1985\/revisions\/2002"}],"wp:featuredmedia":[{"embeddable":true,"href":"https:\/\/www.amis-tico.eu\/fr\/wp-json\/wp\/v2\/media\/1986"}],"wp:attachment":[{"href":"https:\/\/www.amis-tico.eu\/fr\/wp-json\/wp\/v2\/media?parent=1985"}],"wp:term":[{"taxonomy":"category","embeddable":true,"href":"https:\/\/www.amis-tico.eu\/fr\/wp-json\/wp\/v2\/categories?post=1985"},{"taxonomy":"post_tag","embeddable":true,"href":"https:\/\/www.amis-tico.eu\/fr\/wp-json\/wp\/v2\/tags?post=1985"}],"curies":[{"name":"wp","href":"https:\/\/api.w.org\/{rel}","templated":true}]}}