{"id":2545,"date":"2014-04-29T15:16:37","date_gmt":"2014-04-29T14:16:37","guid":{"rendered":"http:\/\/beta.amis-tico.eu\/fr\/?p=2545"},"modified":"2014-04-30T15:46:19","modified_gmt":"2014-04-30T14:46:19","slug":"petits-amenagements-chez-les-chats-amistico-dit-merci","status":"publish","type":"post","link":"https:\/\/www.amis-tico.eu\/fr\/2014\/petits-amenagements-chez-les-chats-amistico-dit-merci\/","title":{"rendered":"Petits am\u00e9nagements chez les chats &#8211; AmisTiCo dit merci!"},"content":{"rendered":"<p><a style=\"color: #0f3647\" href=\"http:\/\/beta.amis-tico.eu\/de\/wp-content\/uploads\/sites\/3\/2014\/04\/Katzenfreil%C3%A4ufe-2.jpg\"><img loading=\"lazy\" decoding=\"async\" class=\"alignleft\" alt=\"Katzenfreil\u00e4ufe 2\" src=\"http:\/\/beta.amis-tico.eu\/de\/wp-content\/uploads\/sites\/3\/2014\/04\/Katzenfreil%C3%A4ufe-2-574x400.jpg\" width=\"344\" height=\"240\" \/><\/a><\/p>\n<p><strong>Un grand merci \u00e0 Hertha et Svenja!<\/strong><\/p>\n<p>Hertha et Svenja ont accroch\u00e9 dans les boxes ext\u00e9rieurs des chats de nouveaux supports sur lesquels ces derniers peuvent se pr\u00e9lasser, et ont \u00e9galement r\u00e9par\u00e9 certains supports d\u00e9j\u00e0 pr\u00e9sents.<\/p>\n<p>Elles ont aussi install\u00e9 dans chaque box de grandes branches de bois pour que les chats puissent y grimper et faire leurs griffes.<\/p>\n<p><strong>Un grand merci pour leur aide! <a href=\"http:\/\/beta.amis-tico.eu\/fr\/2014\/petits-amenagements-chez-les-chats-amistico-dit-merci\/\">Plus de photos &gt;&gt;&gt;<\/a><\/strong><\/p>\n<p><!--more--><\/p>\n\n\t\t\t<div id='2545-1' class='gallery gallery-2545 gallery-columns-4 gallery-size-thumbnail' itemscope itemtype='http:\/\/schema.org\/ImageGallery'>\n\t\t\t\t<div class='gallery-row gallery-col-4 gallery-clear'>\n\t\t\t\t\t<figure class='gallery-item col-4' itemprop='associatedMedia' itemscope itemtype='http:\/\/schema.org\/ImageObject'>\n\t\t\t\t\t\t<div class='gallery-icon landscape'><a href='https:\/\/www.amis-tico.eu\/fr\/2014\/petits-amenagements-chez-les-chats-amistico-dit-merci\/2014_4_amenagement-chats-1\/' itemprop=\"contentURL\"><img loading=\"lazy\" decoding=\"async\" width=\"150\" height=\"150\" src=\"https:\/\/www.amis-tico.eu\/fr\/wp-content\/uploads\/sites\/2\/2014\/04\/2014_4_amenagement-chats-1-150x150.jpg\" class=\"attachment-thumbnail size-thumbnail\" alt=\"\" itemprop=\"thumbnail\" \/><\/a><\/div>\n\t\t\t\t\t<\/figure>\n\t\t\t\t\t<figure class='gallery-item col-4' itemprop='associatedMedia' itemscope itemtype='http:\/\/schema.org\/ImageObject'>\n\t\t\t\t\t\t<div class='gallery-icon landscape'><a href='https:\/\/www.amis-tico.eu\/fr\/2014\/petits-amenagements-chez-les-chats-amistico-dit-merci\/2014_4_amenagement-chats-3\/' itemprop=\"contentURL\"><img loading=\"lazy\" decoding=\"async\" width=\"150\" height=\"150\" src=\"https:\/\/www.amis-tico.eu\/fr\/wp-content\/uploads\/sites\/2\/2014\/04\/2014_4_amenagement-chats-3-150x150.jpg\" class=\"attachment-thumbnail size-thumbnail\" alt=\"\" itemprop=\"thumbnail\" \/><\/a><\/div>\n\t\t\t\t\t<\/figure>\n\t\t\t\t\t<figure class='gallery-item col-4' itemprop='associatedMedia' itemscope itemtype='http:\/\/schema.org\/ImageObject'>\n\t\t\t\t\t\t<div class='gallery-icon landscape'><a href='https:\/\/www.amis-tico.eu\/fr\/2014\/petits-amenagements-chez-les-chats-amistico-dit-merci\/2014_4_amenagement-chats-4\/' itemprop=\"contentURL\"><img loading=\"lazy\" decoding=\"async\" width=\"150\" height=\"150\" src=\"https:\/\/www.amis-tico.eu\/fr\/wp-content\/uploads\/sites\/2\/2014\/04\/2014_4_amenagement-chats-4-150x150.jpg\" class=\"attachment-thumbnail size-thumbnail\" alt=\"\" itemprop=\"thumbnail\" \/><\/a><\/div>\n\t\t\t\t\t<\/figure>\n\t\t\t\t\t<figure class='gallery-item col-4' itemprop='associatedMedia' itemscope itemtype='http:\/\/schema.org\/ImageObject'>\n\t\t\t\t\t\t<div class='gallery-icon landscape'><a href='https:\/\/www.amis-tico.eu\/fr\/2014\/petits-amenagements-chez-les-chats-amistico-dit-merci\/2014_4_amenagement-chats-5\/' itemprop=\"contentURL\"><img loading=\"lazy\" decoding=\"async\" width=\"150\" height=\"150\" src=\"https:\/\/www.amis-tico.eu\/fr\/wp-content\/uploads\/sites\/2\/2014\/04\/2014_4_amenagement-chats-5-150x150.jpg\" class=\"attachment-thumbnail size-thumbnail\" alt=\"\" itemprop=\"thumbnail\" \/><\/a><\/div>\n\t\t\t\t\t<\/figure>\n\t\t\t\t<\/div>\n\t\t\t<\/div><!-- .gallery -->\n\n","protected":false},"excerpt":{"rendered":"<p>Un grand merci \u00e0 Hertha et Svenja! Hertha et Svenja ont accroch\u00e9 dans les boxes ext\u00e9rieurs des chats de nouveaux supports sur lesquels ces derniers peuvent se pr\u00e9lasser, et ont \u00e9galement r\u00e9par\u00e9 certains supports d\u00e9j\u00e0 pr\u00e9sents. Elles ont aussi install\u00e9 dans chaque box de grandes branches de bois pour que les chats puissent y grimper [&hellip;]<\/p>\n","protected":false},"author":8,"featured_media":0,"comment_status":"open","ping_status":"open","sticky":false,"template":"","format":"standard","meta":{"footnotes":""},"categories":[10],"tags":[],"class_list":["post-2545","post","type-post","status-publish","format-standard","hentry","category-remerciements"],"_links":{"self":[{"href":"https:\/\/www.amis-tico.eu\/fr\/wp-json\/wp\/v2\/posts\/2545","targetHints":{"allow":["GET"]}}],"collection":[{"href":"https:\/\/www.amis-tico.eu\/fr\/wp-json\/wp\/v2\/posts"}],"about":[{"href":"https:\/\/www.amis-tico.eu\/fr\/wp-json\/wp\/v2\/types\/post"}],"author":[{"embeddable":true,"href":"https:\/\/www.amis-tico.eu\/fr\/wp-json\/wp\/v2\/users\/8"}],"replies":[{"embeddable":true,"href":"https:\/\/www.amis-tico.eu\/fr\/wp-json\/wp\/v2\/comments?post=2545"}],"version-history":[{"count":5,"href":"https:\/\/www.amis-tico.eu\/fr\/wp-json\/wp\/v2\/posts\/2545\/revisions"}],"predecessor-version":[{"id":2564,"href":"https:\/\/www.amis-tico.eu\/fr\/wp-json\/wp\/v2\/posts\/2545\/revisions\/2564"}],"wp:attachment":[{"href":"https:\/\/www.amis-tico.eu\/fr\/wp-json\/wp\/v2\/media?parent=2545"}],"wp:term":[{"taxonomy":"category","embeddable":true,"href":"https:\/\/www.amis-tico.eu\/fr\/wp-json\/wp\/v2\/categories?post=2545"},{"taxonomy":"post_tag","embeddable":true,"href":"https:\/\/www.amis-tico.eu\/fr\/wp-json\/wp\/v2\/tags?post=2545"}],"curies":[{"name":"wp","href":"https:\/\/api.w.org\/{rel}","templated":true}]}}