{"id":2570,"date":"2014-04-30T12:00:17","date_gmt":"2014-04-30T11:00:17","guid":{"rendered":"http:\/\/beta.amis-tico.eu\/fr\/?p=2570"},"modified":"2015-04-29T21:05:54","modified_gmt":"2015-04-29T20:05:54","slug":"noir","status":"publish","type":"post","link":"https:\/\/www.amis-tico.eu\/fr\/2014\/noir\/","title":{"rendered":"Noir"},"content":{"rendered":"<p>Sexe: m\u00e2le<br \/>\nAge (date de naissance): 2012<br \/>\nAu refuge depuis: 04\/2013<\/p>\n<p>Noir- comme son nom l&rsquo;indique- est un jeune chat noir.<br \/>\nIl est au refuge depuis un an d\u00e9j\u00e0.<\/p>\n<p><!--more--><\/p>\n<p>Comme les autres chats de son box, il est plut\u00f4t timide et ne se laisse pas vraiment caresser. Nous souhaitons donc pour lui des personnes sachant faire preuve de beaucoup de patience et psychologie, et qui soient pr\u00eates \u00e0 lui laisser le temps qu&rsquo;il lui faudra pour s&rsquo;adapter. Dans son nouveau foyer il ne faudra cependant pas qu&rsquo;il y ait de jeunes enfants, et Noir sera plac\u00e9 en tant que chat d&rsquo;int\u00e9rieur. Avec les autres chats il n&rsquo;a pas de probl\u00e8me.<\/p>\n\n\t\t\t<div id='2570-1' class='gallery gallery-2570 gallery-columns-3 gallery-size-thumbnail' itemscope itemtype='http:\/\/schema.org\/ImageGallery'>\n\t\t\t\t<div class='gallery-row gallery-col-3 gallery-clear'>\n\t\t\t\t\t<figure class='gallery-item col-3' itemprop='associatedMedia' itemscope itemtype='http:\/\/schema.org\/ImageObject'>\n\t\t\t\t\t\t<div class='gallery-icon landscape'><a href='https:\/\/www.amis-tico.eu\/fr\/2014\/noir\/chat-noir1-1\/' itemprop=\"contentURL\"><img loading=\"lazy\" decoding=\"async\" width=\"150\" height=\"150\" src=\"https:\/\/www.amis-tico.eu\/fr\/wp-content\/uploads\/sites\/2\/2014\/04\/chat-noir1-1-150x150.jpg\" class=\"attachment-thumbnail size-thumbnail\" alt=\"\" itemprop=\"thumbnail\" \/><\/a><\/div>\n\t\t\t\t\t<\/figure>\n\t\t\t\t\t<figure class='gallery-item col-3' itemprop='associatedMedia' itemscope itemtype='http:\/\/schema.org\/ImageObject'>\n\t\t\t\t\t\t<div class='gallery-icon landscape'><a href='https:\/\/www.amis-tico.eu\/fr\/2014\/noir\/chat-noir1-3\/' itemprop=\"contentURL\"><img loading=\"lazy\" decoding=\"async\" width=\"150\" height=\"150\" src=\"https:\/\/www.amis-tico.eu\/fr\/wp-content\/uploads\/sites\/2\/2014\/04\/chat-noir1-3-150x150.jpg\" class=\"attachment-thumbnail size-thumbnail\" alt=\"\" itemprop=\"thumbnail\" \/><\/a><\/div>\n\t\t\t\t\t<\/figure>\n\t\t\t\t\t<figure class='gallery-item col-3' itemprop='associatedMedia' itemscope itemtype='http:\/\/schema.org\/ImageObject'>\n\t\t\t\t\t\t<div class='gallery-icon landscape'><a href='https:\/\/www.amis-tico.eu\/fr\/2014\/noir\/chat-noir1-2\/' itemprop=\"contentURL\"><img loading=\"lazy\" decoding=\"async\" width=\"150\" height=\"150\" src=\"https:\/\/www.amis-tico.eu\/fr\/wp-content\/uploads\/sites\/2\/2014\/04\/chat-noir1-2-150x150.jpg\" class=\"attachment-thumbnail size-thumbnail\" alt=\"\" itemprop=\"thumbnail\" \/><\/a><\/div>\n\t\t\t\t\t<\/figure>\n\t\t\t\t<\/div>\n\t\t\t<\/div><!-- .gallery -->\n\n<p>&nbsp;<\/p>\n<p>&nbsp;<\/p>\n","protected":false},"excerpt":{"rendered":"<p>Sexe: m\u00e2le Age (date de naissance): 2012 Au refuge depuis: 04\/2013 Noir- comme son nom l&rsquo;indique- est un jeune chat noir. Il est au refuge depuis un an d\u00e9j\u00e0.<\/p>\n","protected":false},"author":8,"featured_media":2572,"comment_status":"open","ping_status":"open","sticky":false,"template":"","format":"standard","meta":{"footnotes":""},"categories":[12],"tags":[],"class_list":["post-2570","post","type-post","status-publish","format-standard","has-post-thumbnail","hentry","category-adoptes"],"_links":{"self":[{"href":"https:\/\/www.amis-tico.eu\/fr\/wp-json\/wp\/v2\/posts\/2570","targetHints":{"allow":["GET"]}}],"collection":[{"href":"https:\/\/www.amis-tico.eu\/fr\/wp-json\/wp\/v2\/posts"}],"about":[{"href":"https:\/\/www.amis-tico.eu\/fr\/wp-json\/wp\/v2\/types\/post"}],"author":[{"embeddable":true,"href":"https:\/\/www.amis-tico.eu\/fr\/wp-json\/wp\/v2\/users\/8"}],"replies":[{"embeddable":true,"href":"https:\/\/www.amis-tico.eu\/fr\/wp-json\/wp\/v2\/comments?post=2570"}],"version-history":[{"count":5,"href":"https:\/\/www.amis-tico.eu\/fr\/wp-json\/wp\/v2\/posts\/2570\/revisions"}],"predecessor-version":[{"id":4301,"href":"https:\/\/www.amis-tico.eu\/fr\/wp-json\/wp\/v2\/posts\/2570\/revisions\/4301"}],"wp:featuredmedia":[{"embeddable":true,"href":"https:\/\/www.amis-tico.eu\/fr\/wp-json\/wp\/v2\/media\/2572"}],"wp:attachment":[{"href":"https:\/\/www.amis-tico.eu\/fr\/wp-json\/wp\/v2\/media?parent=2570"}],"wp:term":[{"taxonomy":"category","embeddable":true,"href":"https:\/\/www.amis-tico.eu\/fr\/wp-json\/wp\/v2\/categories?post=2570"},{"taxonomy":"post_tag","embeddable":true,"href":"https:\/\/www.amis-tico.eu\/fr\/wp-json\/wp\/v2\/tags?post=2570"}],"curies":[{"name":"wp","href":"https:\/\/api.w.org\/{rel}","templated":true}]}}