{"id":3210,"date":"2014-07-02T09:54:03","date_gmt":"2014-07-02T08:54:03","guid":{"rendered":"http:\/\/beta.amis-tico.eu\/fr\/?p=3210"},"modified":"2014-07-03T09:59:46","modified_gmt":"2014-07-03T08:59:46","slug":"hugo-tu-nous-manques-terriblement","status":"publish","type":"post","link":"https:\/\/www.amis-tico.eu\/fr\/2014\/hugo-tu-nous-manques-terriblement\/","title":{"rendered":"Hugo: tu nous manques terriblement"},"content":{"rendered":"<p><a href=\"http:\/\/beta.amis-tico.eu\/fr\/wp-content\/uploads\/sites\/2\/2014\/07\/chien-hugo1-1.jpg\"><img loading=\"lazy\" decoding=\"async\" class=\"size-medium wp-image-3211 alignleft\" src=\"http:\/\/beta.amis-tico.eu\/fr\/wp-content\/uploads\/sites\/2\/2014\/07\/chien-hugo1-1-198x300.jpg\" alt=\"chien hugo1-1\" width=\"198\" height=\"300\" srcset=\"https:\/\/www.amis-tico.eu\/fr\/wp-content\/uploads\/sites\/2\/2014\/07\/chien-hugo1-1-198x300.jpg 198w, https:\/\/www.amis-tico.eu\/fr\/wp-content\/uploads\/sites\/2\/2014\/07\/chien-hugo1-1.jpg 624w\" sizes=\"auto, (max-width: 198px) 100vw, 198px\" \/><\/a><\/p>\n<p>&nbsp;<\/p>\n<p>Le temps que Hugo et son nouveau foyer ont\u00a0pass\u00e9 ensemble aura malheureusement \u00e9t\u00e9 court. Le superbe bonhomme noir\u00a0aux\u00a0oreilles coup\u00e9es typiques s&rsquo;en est all\u00e9. Son \u00e9tat g\u00e9n\u00e9ral s&rsquo;\u00e9tait d\u00e9t\u00e9rior\u00e9 et ses r\u00e9sultats sanguins \u00e9taient tr\u00e8s mauvais, il avait donc \u00e9t\u00e9 plac\u00e9 en stationnaire\u00a0dans une clinique v\u00e9t\u00e9rinaire. Mais malheureusement personne ne pouvait plus rien faire pour aider Hugo. Il manque terriblement \u00e0 sa famille.<\/p>\n<p><a title=\"Hugo\" href=\"http:\/\/beta.amis-tico.eu\/de\/2013\/hugo\/\">Hugo&gt;&gt;&gt;<\/a><\/p>\n","protected":false},"excerpt":{"rendered":"<p>&nbsp; Le temps que Hugo et son nouveau foyer ont\u00a0pass\u00e9 ensemble aura malheureusement \u00e9t\u00e9 court. Le superbe bonhomme noir\u00a0aux\u00a0oreilles coup\u00e9es typiques s&rsquo;en est all\u00e9. Son \u00e9tat g\u00e9n\u00e9ral s&rsquo;\u00e9tait d\u00e9t\u00e9rior\u00e9 et ses r\u00e9sultats sanguins \u00e9taient tr\u00e8s mauvais, il avait donc \u00e9t\u00e9 plac\u00e9 en stationnaire\u00a0dans une clinique v\u00e9t\u00e9rinaire. Mais malheureusement personne ne pouvait plus rien faire pour [&hellip;]<\/p>\n","protected":false},"author":8,"featured_media":0,"comment_status":"open","ping_status":"open","sticky":false,"template":"","format":"standard","meta":{"footnotes":""},"categories":[13],"tags":[],"class_list":["post-3210","post","type-post","status-publish","format-standard","hentry","category-ils-nous-ont-quittes"],"_links":{"self":[{"href":"https:\/\/www.amis-tico.eu\/fr\/wp-json\/wp\/v2\/posts\/3210","targetHints":{"allow":["GET"]}}],"collection":[{"href":"https:\/\/www.amis-tico.eu\/fr\/wp-json\/wp\/v2\/posts"}],"about":[{"href":"https:\/\/www.amis-tico.eu\/fr\/wp-json\/wp\/v2\/types\/post"}],"author":[{"embeddable":true,"href":"https:\/\/www.amis-tico.eu\/fr\/wp-json\/wp\/v2\/users\/8"}],"replies":[{"embeddable":true,"href":"https:\/\/www.amis-tico.eu\/fr\/wp-json\/wp\/v2\/comments?post=3210"}],"version-history":[{"count":1,"href":"https:\/\/www.amis-tico.eu\/fr\/wp-json\/wp\/v2\/posts\/3210\/revisions"}],"predecessor-version":[{"id":3212,"href":"https:\/\/www.amis-tico.eu\/fr\/wp-json\/wp\/v2\/posts\/3210\/revisions\/3212"}],"wp:attachment":[{"href":"https:\/\/www.amis-tico.eu\/fr\/wp-json\/wp\/v2\/media?parent=3210"}],"wp:term":[{"taxonomy":"category","embeddable":true,"href":"https:\/\/www.amis-tico.eu\/fr\/wp-json\/wp\/v2\/categories?post=3210"},{"taxonomy":"post_tag","embeddable":true,"href":"https:\/\/www.amis-tico.eu\/fr\/wp-json\/wp\/v2\/tags?post=3210"}],"curies":[{"name":"wp","href":"https:\/\/api.w.org\/{rel}","templated":true}]}}