{"id":322,"date":"2013-11-17T02:24:04","date_gmt":"2013-11-17T00:24:04","guid":{"rendered":"http:\/\/beta.amis-tico.eu\/fr\/?p=322"},"modified":"2013-11-23T16:01:05","modified_gmt":"2013-11-23T14:01:05","slug":"kiko","status":"publish","type":"post","link":"https:\/\/www.amis-tico.eu\/fr\/2013\/kiko\/","title":{"rendered":"Kiko"},"content":{"rendered":"<p>Gabarit: Grande taille<br \/>\nSexe: M\u00e2le<br \/>\nAge (date de naissance): 15\/10\/2012<br \/>\nRace: Labrador X Border Collie<br \/>\nPelage: Ras<br \/>\nCouleur de robe: Noir\/Blanc<br \/>\nAu refuge depuis: Octobre 2013<br \/>\n<!--more--><br \/>\nS&rsquo;entend avec:<br \/>\nAutres chiens: n.c<br \/>\nChats: n.c<br \/>\nNACs: n.c<br \/>\nEnfants en bas \u00e2ge: OK<br \/>\nPeut vivre en: Maison, Appartement<\/p>\n<div>\n<p><strong>Commentaires :\u00a0<\/strong><\/p>\n<p>Kiko a \u00e9t\u00e9 abandonn\u00e9 pour cause de d\u00e9m\u00e9nagement et de difficult\u00e9s financi\u00e8res, il connait la plupart des ordres mais en espagnol. Il a v\u00e9cu avec un b\u00e9b\u00e9. C&rsquo;est un chien gentil et attachant.<\/p>\n<p>Un premier r\u00e9cit des promeneurs: &laquo;&nbsp;Kiko est un super chien, tr\u00e8s gentil, tr\u00e8s ob\u00e9issant. Sociable avec les chiens et les chats.&nbsp;&raquo;<\/p>\n\n\t\t\t<div id='322-1' class='gallery gallery-322 gallery-columns-3 gallery-size-thumbnail' itemscope itemtype='http:\/\/schema.org\/ImageGallery'>\n\t\t\t\t<div class='gallery-row gallery-col-3 gallery-clear'>\n\t\t\t\t\t<figure class='gallery-item col-3' itemprop='associatedMedia' itemscope itemtype='http:\/\/schema.org\/ImageObject'>\n\t\t\t\t\t\t<div class='gallery-icon landscape'><a href='https:\/\/www.amis-tico.eu\/fr\/2013\/kiko\/chien-kiko1-1\/' itemprop=\"contentURL\"><img loading=\"lazy\" decoding=\"async\" width=\"150\" height=\"150\" src=\"https:\/\/www.amis-tico.eu\/fr\/wp-content\/uploads\/sites\/2\/2013\/11\/chien-kiko1-1-150x150.jpg\" class=\"attachment-thumbnail size-thumbnail\" alt=\"\" itemprop=\"thumbnail\" \/><\/a><\/div>\n\t\t\t\t\t<\/figure>\n\t\t\t\t\t<figure class='gallery-item col-3' itemprop='associatedMedia' itemscope itemtype='http:\/\/schema.org\/ImageObject'>\n\t\t\t\t\t\t<div class='gallery-icon landscape'><a href='https:\/\/www.amis-tico.eu\/fr\/2013\/kiko\/chien-kiko1-2\/' itemprop=\"contentURL\"><img loading=\"lazy\" decoding=\"async\" width=\"150\" height=\"150\" src=\"https:\/\/www.amis-tico.eu\/fr\/wp-content\/uploads\/sites\/2\/2013\/11\/chien-kiko1-2-150x150.jpg\" class=\"attachment-thumbnail size-thumbnail\" alt=\"\" itemprop=\"thumbnail\" \/><\/a><\/div>\n\t\t\t\t\t<\/figure>\n\t\t\t\t\t<figure class='gallery-item col-3' itemprop='associatedMedia' itemscope itemtype='http:\/\/schema.org\/ImageObject'>\n\t\t\t\t\t\t<div class='gallery-icon landscape'><a href='https:\/\/www.amis-tico.eu\/fr\/2013\/kiko\/chien-kiko1-3\/' itemprop=\"contentURL\"><img loading=\"lazy\" decoding=\"async\" width=\"150\" height=\"150\" src=\"https:\/\/www.amis-tico.eu\/fr\/wp-content\/uploads\/sites\/2\/2013\/11\/chien-kiko1-3-150x150.jpg\" class=\"attachment-thumbnail size-thumbnail\" alt=\"\" itemprop=\"thumbnail\" \/><\/a><\/div>\n\t\t\t\t\t<\/figure>\n\t\t\t\t<\/div>\n\t\t\t<\/div><!-- .gallery -->\n\n<\/div>\n","protected":false},"excerpt":{"rendered":"<p>Gabarit: Grande taille Sexe: M\u00e2le Age (date de naissance): 15\/10\/2012 Race: Labrador X Border Collie Pelage: Ras Couleur de robe: Noir\/Blanc Au refuge depuis: Octobre 2013<\/p>\n","protected":false},"author":8,"featured_media":323,"comment_status":"open","ping_status":"open","sticky":false,"template":"","format":"standard","meta":{"footnotes":""},"categories":[12],"tags":[],"class_list":["post-322","post","type-post","status-publish","format-standard","has-post-thumbnail","hentry","category-adoptes"],"_links":{"self":[{"href":"https:\/\/www.amis-tico.eu\/fr\/wp-json\/wp\/v2\/posts\/322","targetHints":{"allow":["GET"]}}],"collection":[{"href":"https:\/\/www.amis-tico.eu\/fr\/wp-json\/wp\/v2\/posts"}],"about":[{"href":"https:\/\/www.amis-tico.eu\/fr\/wp-json\/wp\/v2\/types\/post"}],"author":[{"embeddable":true,"href":"https:\/\/www.amis-tico.eu\/fr\/wp-json\/wp\/v2\/users\/8"}],"replies":[{"embeddable":true,"href":"https:\/\/www.amis-tico.eu\/fr\/wp-json\/wp\/v2\/comments?post=322"}],"version-history":[{"count":4,"href":"https:\/\/www.amis-tico.eu\/fr\/wp-json\/wp\/v2\/posts\/322\/revisions"}],"predecessor-version":[{"id":388,"href":"https:\/\/www.amis-tico.eu\/fr\/wp-json\/wp\/v2\/posts\/322\/revisions\/388"}],"wp:featuredmedia":[{"embeddable":true,"href":"https:\/\/www.amis-tico.eu\/fr\/wp-json\/wp\/v2\/media\/323"}],"wp:attachment":[{"href":"https:\/\/www.amis-tico.eu\/fr\/wp-json\/wp\/v2\/media?parent=322"}],"wp:term":[{"taxonomy":"category","embeddable":true,"href":"https:\/\/www.amis-tico.eu\/fr\/wp-json\/wp\/v2\/categories?post=322"},{"taxonomy":"post_tag","embeddable":true,"href":"https:\/\/www.amis-tico.eu\/fr\/wp-json\/wp\/v2\/tags?post=322"}],"curies":[{"name":"wp","href":"https:\/\/api.w.org\/{rel}","templated":true}]}}