{"id":382,"date":"2013-11-25T12:11:00","date_gmt":"2013-11-25T10:11:00","guid":{"rendered":"http:\/\/beta.amis-tico.eu\/fr\/?p=382"},"modified":"2013-11-25T13:13:30","modified_gmt":"2013-11-25T11:13:30","slug":"pour-mieux-communiquer-avec-son-chien-et-filer-le-bonheur-parfait","status":"publish","type":"post","link":"https:\/\/www.amis-tico.eu\/fr\/2013\/pour-mieux-communiquer-avec-son-chien-et-filer-le-bonheur-parfait\/","title":{"rendered":"Pour mieux communiquer avec son chien et filer le bonheur parfait&#8230;"},"content":{"rendered":"<p>Quoi ? Vous n&rsquo;avez pas encore r\u00e9serv\u00e9 votre place \u00e0 la conf\u00e9rence de Patrick Grimm sur une\u00a0meilleure communication avec votre compagnon \u00e0 quatre pattes le 29 novembre prochain ?\u00a0Rassurez-vous, il n&rsquo;est pas trop tard !<\/p>\n<p><em>Patrick Grimm est \u00e9ducateur canin et comportementaliste.<\/em><!--more--><\/p>\n<p><a href=\"http:\/\/beta.amis-tico.eu\/fr\/wp-content\/uploads\/sites\/2\/2013\/11\/Conference-Patrick-Grimm-nov-2013_UP.jpg\"><img loading=\"lazy\" decoding=\"async\" class=\"alignnone size-large wp-image-383\" alt=\"Conference Patrick Grimm nov 2013_UP\" src=\"http:\/\/beta.amis-tico.eu\/fr\/wp-content\/uploads\/sites\/2\/2013\/11\/Conference-Patrick-Grimm-nov-2013_UP-796x1024.jpg\" width=\"625\" height=\"804\" srcset=\"https:\/\/www.amis-tico.eu\/fr\/wp-content\/uploads\/sites\/2\/2013\/11\/Conference-Patrick-Grimm-nov-2013_UP-796x1024.jpg 796w, https:\/\/www.amis-tico.eu\/fr\/wp-content\/uploads\/sites\/2\/2013\/11\/Conference-Patrick-Grimm-nov-2013_UP-233x300.jpg 233w, https:\/\/www.amis-tico.eu\/fr\/wp-content\/uploads\/sites\/2\/2013\/11\/Conference-Patrick-Grimm-nov-2013_UP-624x802.jpg 624w, https:\/\/www.amis-tico.eu\/fr\/wp-content\/uploads\/sites\/2\/2013\/11\/Conference-Patrick-Grimm-nov-2013_UP.jpg 1555w\" sizes=\"auto, (max-width: 625px) 100vw, 625px\" \/><\/a><\/p>\n<p>&nbsp;<\/p>\n","protected":false},"excerpt":{"rendered":"<p>Quoi ? Vous n&rsquo;avez pas encore r\u00e9serv\u00e9 votre place \u00e0 la conf\u00e9rence de Patrick Grimm sur une\u00a0meilleure communication avec votre compagnon \u00e0 quatre pattes le 29 novembre prochain ?\u00a0Rassurez-vous, il n&rsquo;est pas trop tard ! Patrick Grimm est \u00e9ducateur canin et comportementaliste.<\/p>\n","protected":false},"author":8,"featured_media":0,"comment_status":"open","ping_status":"open","sticky":false,"template":"","format":"standard","meta":{"footnotes":""},"categories":[28],"tags":[],"class_list":["post-382","post","type-post","status-publish","format-standard","hentry","category-divers"],"_links":{"self":[{"href":"https:\/\/www.amis-tico.eu\/fr\/wp-json\/wp\/v2\/posts\/382","targetHints":{"allow":["GET"]}}],"collection":[{"href":"https:\/\/www.amis-tico.eu\/fr\/wp-json\/wp\/v2\/posts"}],"about":[{"href":"https:\/\/www.amis-tico.eu\/fr\/wp-json\/wp\/v2\/types\/post"}],"author":[{"embeddable":true,"href":"https:\/\/www.amis-tico.eu\/fr\/wp-json\/wp\/v2\/users\/8"}],"replies":[{"embeddable":true,"href":"https:\/\/www.amis-tico.eu\/fr\/wp-json\/wp\/v2\/comments?post=382"}],"version-history":[{"count":5,"href":"https:\/\/www.amis-tico.eu\/fr\/wp-json\/wp\/v2\/posts\/382\/revisions"}],"predecessor-version":[{"id":515,"href":"https:\/\/www.amis-tico.eu\/fr\/wp-json\/wp\/v2\/posts\/382\/revisions\/515"}],"wp:attachment":[{"href":"https:\/\/www.amis-tico.eu\/fr\/wp-json\/wp\/v2\/media?parent=382"}],"wp:term":[{"taxonomy":"category","embeddable":true,"href":"https:\/\/www.amis-tico.eu\/fr\/wp-json\/wp\/v2\/categories?post=382"},{"taxonomy":"post_tag","embeddable":true,"href":"https:\/\/www.amis-tico.eu\/fr\/wp-json\/wp\/v2\/tags?post=382"}],"curies":[{"name":"wp","href":"https:\/\/api.w.org\/{rel}","templated":true}]}}