{"id":507,"date":"2013-11-24T23:26:55","date_gmt":"2013-11-24T22:26:55","guid":{"rendered":"http:\/\/beta.amis-tico.eu\/fr\/?p=507"},"modified":"2014-07-20T15:22:23","modified_gmt":"2014-07-20T14:22:23","slug":"champion","status":"publish","type":"post","link":"https:\/\/www.amis-tico.eu\/fr\/2013\/champion\/","title":{"rendered":"Champion"},"content":{"rendered":"<p>Gabarit: Petite taille<br \/>\nSexe: M\u00e2le<br \/>\nAge (date de naissance): +- 2003<br \/>\nRace: Crois\u00e9<br \/>\nAu refuge depuis: Mai 2013<br \/>\n<strong>Update juillet 2014: Champion\u00a0est adopt\u00e9<\/strong><\/p>\n<p><strong>Update mai 2014: combien de temps doit encore attendre<\/strong><br \/>\n<strong> le gentil petit papy?<\/strong><\/p>\n<p><!--more-->S&rsquo;entend avec:<br \/>\nAutres chiens: OK<br \/>\nChats: OK<br \/>\nNACs: n.c<br \/>\nEnfants en bas \u00e2ge: n.c<br \/>\nPeut vivre en: Maison<\/p>\n<p><a href=\"http:\/\/beta.amis-tico.eu\/fr\/wp-content\/uploads\/sites\/2\/2013\/11\/chien-champion1-u2-1.jpg\"><img loading=\"lazy\" decoding=\"async\" class=\"alignnone size-medium wp-image-2808\" src=\"http:\/\/beta.amis-tico.eu\/fr\/wp-content\/uploads\/sites\/2\/2013\/11\/chien-champion1-u2-1-300x246.jpg\" alt=\"chien champion1-u2-1\" width=\"300\" height=\"246\" srcset=\"https:\/\/www.amis-tico.eu\/fr\/wp-content\/uploads\/sites\/2\/2013\/11\/chien-champion1-u2-1-300x246.jpg 300w, https:\/\/www.amis-tico.eu\/fr\/wp-content\/uploads\/sites\/2\/2013\/11\/chien-champion1-u2-1.jpg 624w\" sizes=\"auto, (max-width: 300px) 100vw, 300px\" \/><\/a><\/p>\n<p><strong>Update Avril 2014:\u00a0Champion attend toujours un nouveau\u00a0foyer qui prendra soin de lui.<\/strong><\/p>\n<p><a href=\"http:\/\/beta.amis-tico.eu\/fr\/wp-content\/uploads\/sites\/2\/2013\/11\/chien-champion1-u1-1.jpg\"><img loading=\"lazy\" decoding=\"async\" class=\"alignnone size-medium wp-image-2434\" src=\"http:\/\/beta.amis-tico.eu\/fr\/wp-content\/uploads\/sites\/2\/2013\/11\/chien-champion1-u1-1-300x242.jpg\" alt=\"chien champion1-u1-1\" width=\"300\" height=\"242\" srcset=\"https:\/\/www.amis-tico.eu\/fr\/wp-content\/uploads\/sites\/2\/2013\/11\/chien-champion1-u1-1-300x242.jpg 300w, https:\/\/www.amis-tico.eu\/fr\/wp-content\/uploads\/sites\/2\/2013\/11\/chien-champion1-u1-1.jpg 624w\" sizes=\"auto, (max-width: 300px) 100vw, 300px\" \/><\/a><\/p>\n<p><strong>Novembre 2013<\/strong><\/p>\n<p>Le petit papi Champion a \u00e9t\u00e9 c\u00e9d\u00e9 et attend encore et toujours un nouveau foyer plein d&rsquo;amour! Il est adorable, m\u00eame s&rsquo;il n&rsquo;aime pas toujours \u00eatre touch\u00e9 et manipul\u00e9, il arrive qu&rsquo;il pince, il veut simplement qu&rsquo;on le laisse tranquille.<\/p>\n\n\t\t\t<div id='507-1' class='gallery gallery-507 gallery-columns-4 gallery-size-thumbnail' itemscope itemtype='http:\/\/schema.org\/ImageGallery'>\n\t\t\t\t<div class='gallery-row gallery-col-4 gallery-clear'>\n\t\t\t\t\t<figure class='gallery-item col-4' itemprop='associatedMedia' itemscope itemtype='http:\/\/schema.org\/ImageObject'>\n\t\t\t\t\t\t<div class='gallery-icon landscape'><a href='https:\/\/www.amis-tico.eu\/fr\/2013\/champion\/chien-champion1-2\/' itemprop=\"contentURL\"><img loading=\"lazy\" decoding=\"async\" width=\"150\" height=\"150\" src=\"https:\/\/www.amis-tico.eu\/fr\/wp-content\/uploads\/sites\/2\/2013\/11\/chien-champion1-2-150x150.jpg\" class=\"attachment-thumbnail size-thumbnail\" alt=\"\" itemprop=\"thumbnail\" \/><\/a><\/div>\n\t\t\t\t\t<\/figure>\n\t\t\t\t\t<figure class='gallery-item col-4' itemprop='associatedMedia' itemscope itemtype='http:\/\/schema.org\/ImageObject'>\n\t\t\t\t\t\t<div class='gallery-icon landscape'><a href='https:\/\/www.amis-tico.eu\/fr\/2013\/champion\/chien-champion1-1\/' itemprop=\"contentURL\"><img loading=\"lazy\" decoding=\"async\" width=\"150\" height=\"150\" src=\"https:\/\/www.amis-tico.eu\/fr\/wp-content\/uploads\/sites\/2\/2013\/11\/chien-champion1-1-150x150.jpg\" class=\"attachment-thumbnail size-thumbnail\" alt=\"\" itemprop=\"thumbnail\" \/><\/a><\/div>\n\t\t\t\t\t<\/figure>\n\t\t\t\t\t<figure class='gallery-item col-4' itemprop='associatedMedia' itemscope itemtype='http:\/\/schema.org\/ImageObject'>\n\t\t\t\t\t\t<div class='gallery-icon landscape'><a href='https:\/\/www.amis-tico.eu\/fr\/2013\/champion\/chien-champion1-4\/' itemprop=\"contentURL\"><img loading=\"lazy\" decoding=\"async\" width=\"150\" height=\"150\" src=\"https:\/\/www.amis-tico.eu\/fr\/wp-content\/uploads\/sites\/2\/2013\/11\/chien-champion1-4-150x150.jpg\" class=\"attachment-thumbnail size-thumbnail\" alt=\"\" itemprop=\"thumbnail\" \/><\/a><\/div>\n\t\t\t\t\t<\/figure>\n\t\t\t\t\t<figure class='gallery-item col-4' itemprop='associatedMedia' itemscope itemtype='http:\/\/schema.org\/ImageObject'>\n\t\t\t\t\t\t<div class='gallery-icon landscape'><a href='https:\/\/www.amis-tico.eu\/fr\/2013\/champion\/chien-champion1-3\/' itemprop=\"contentURL\"><img loading=\"lazy\" decoding=\"async\" width=\"150\" height=\"150\" src=\"https:\/\/www.amis-tico.eu\/fr\/wp-content\/uploads\/sites\/2\/2013\/11\/chien-champion1-3-150x150.jpg\" class=\"attachment-thumbnail size-thumbnail\" alt=\"\" itemprop=\"thumbnail\" \/><\/a><\/div>\n\t\t\t\t\t<\/figure>\n\t\t\t\t<\/div>\n\t\t\t<\/div><!-- .gallery -->\n\n","protected":false},"excerpt":{"rendered":"<p>Gabarit: Petite taille Sexe: M\u00e2le Age (date de naissance): +- 2003 Race: Crois\u00e9 Au refuge depuis: Mai 2013 Update juillet 2014: Champion\u00a0est adopt\u00e9 Update mai 2014: combien de temps doit encore attendre le gentil petit papy?<\/p>\n","protected":false},"author":8,"featured_media":2809,"comment_status":"open","ping_status":"open","sticky":false,"template":"","format":"standard","meta":{"footnotes":""},"categories":[12],"tags":[],"class_list":["post-507","post","type-post","status-publish","format-standard","has-post-thumbnail","hentry","category-adoptes"],"_links":{"self":[{"href":"https:\/\/www.amis-tico.eu\/fr\/wp-json\/wp\/v2\/posts\/507","targetHints":{"allow":["GET"]}}],"collection":[{"href":"https:\/\/www.amis-tico.eu\/fr\/wp-json\/wp\/v2\/posts"}],"about":[{"href":"https:\/\/www.amis-tico.eu\/fr\/wp-json\/wp\/v2\/types\/post"}],"author":[{"embeddable":true,"href":"https:\/\/www.amis-tico.eu\/fr\/wp-json\/wp\/v2\/users\/8"}],"replies":[{"embeddable":true,"href":"https:\/\/www.amis-tico.eu\/fr\/wp-json\/wp\/v2\/comments?post=507"}],"version-history":[{"count":6,"href":"https:\/\/www.amis-tico.eu\/fr\/wp-json\/wp\/v2\/posts\/507\/revisions"}],"predecessor-version":[{"id":3265,"href":"https:\/\/www.amis-tico.eu\/fr\/wp-json\/wp\/v2\/posts\/507\/revisions\/3265"}],"wp:featuredmedia":[{"embeddable":true,"href":"https:\/\/www.amis-tico.eu\/fr\/wp-json\/wp\/v2\/media\/2809"}],"wp:attachment":[{"href":"https:\/\/www.amis-tico.eu\/fr\/wp-json\/wp\/v2\/media?parent=507"}],"wp:term":[{"taxonomy":"category","embeddable":true,"href":"https:\/\/www.amis-tico.eu\/fr\/wp-json\/wp\/v2\/categories?post=507"},{"taxonomy":"post_tag","embeddable":true,"href":"https:\/\/www.amis-tico.eu\/fr\/wp-json\/wp\/v2\/tags?post=507"}],"curies":[{"name":"wp","href":"https:\/\/api.w.org\/{rel}","templated":true}]}}