{"id":552,"date":"2013-11-27T20:19:09","date_gmt":"2013-11-27T19:19:09","guid":{"rendered":"http:\/\/beta.amis-tico.eu\/fr\/?p=552"},"modified":"2014-01-15T00:13:01","modified_gmt":"2014-01-14T23:13:01","slug":"askar","status":"publish","type":"post","link":"https:\/\/www.amis-tico.eu\/fr\/2013\/askar\/","title":{"rendered":"Askar"},"content":{"rendered":"<p>Gabarit: Grande taille<br \/>\nSexe: M\u00e2le<br \/>\nAge (date de naissance): 06\/10\/2010<br \/>\nRace: Berger d&rsquo;Anatolie<br \/>\nPelage: Court<br \/>\nCouleur de robe: charbonn\u00e9e<br \/>\nAu refuge depuis: Novembre 2013<!--more--><br \/>\nS&rsquo;entend avec:<br \/>\nAutres chiens: n.c<br \/>\nChats: n.c<br \/>\nEnfants en bas \u00e2ge: n.c<br \/>\nPeut vivre en: Maison<\/p>\n<div>\n<p><strong>Commentaires<\/strong><\/p>\n<p>Askar est arriv\u00e9 au refuge tr\u00e8s maigre. Il n&rsquo;est malheureusement pas inconnu du refuge : cette ann\u00e9e, il s&rsquo;y est d\u00e9j\u00e0 retrouv\u00e9 plusieurs fois. Jusqu&rsquo;\u00e0 pr\u00e9sent, son ma\u00eetre est toujours venu le r\u00e9cup\u00e9rer, cette fois-ci non. Comme tous les Bergers d&rsquo;Anatolie il est tr\u00e8s grand et a de la force. Il est sympa et les balades sont agr\u00e9ables avec lui, cependant il a besoin de fermet\u00e9 pour \u00e9viter les d\u00e9bordements.<\/p>\n\n\t\t\t<div id='552-1' class='gallery gallery-552 gallery-columns-4 gallery-size-thumbnail' itemscope itemtype='http:\/\/schema.org\/ImageGallery'>\n\t\t\t\t<div class='gallery-row gallery-col-4 gallery-clear'>\n\t\t\t\t\t<figure class='gallery-item col-4' itemprop='associatedMedia' itemscope itemtype='http:\/\/schema.org\/ImageObject'>\n\t\t\t\t\t\t<div class='gallery-icon landscape'><a href='https:\/\/www.amis-tico.eu\/fr\/2013\/askar\/chien-askar1-1\/' itemprop=\"contentURL\"><img loading=\"lazy\" decoding=\"async\" width=\"150\" height=\"150\" src=\"https:\/\/www.amis-tico.eu\/fr\/wp-content\/uploads\/sites\/2\/2013\/11\/chien-askar1-1-150x150.jpg\" class=\"attachment-thumbnail size-thumbnail\" alt=\"\" itemprop=\"thumbnail\" \/><\/a><\/div>\n\t\t\t\t\t<\/figure>\n\t\t\t\t\t<figure class='gallery-item col-4' itemprop='associatedMedia' itemscope itemtype='http:\/\/schema.org\/ImageObject'>\n\t\t\t\t\t\t<div class='gallery-icon landscape'><a href='https:\/\/www.amis-tico.eu\/fr\/2013\/askar\/chien-askar1-2\/' itemprop=\"contentURL\"><img loading=\"lazy\" decoding=\"async\" width=\"150\" height=\"150\" src=\"https:\/\/www.amis-tico.eu\/fr\/wp-content\/uploads\/sites\/2\/2013\/11\/chien-askar1-2-150x150.jpg\" class=\"attachment-thumbnail size-thumbnail\" alt=\"\" itemprop=\"thumbnail\" \/><\/a><\/div>\n\t\t\t\t\t<\/figure>\n\t\t\t\t\t<figure class='gallery-item col-4' itemprop='associatedMedia' itemscope itemtype='http:\/\/schema.org\/ImageObject'>\n\t\t\t\t\t\t<div class='gallery-icon landscape'><a href='https:\/\/www.amis-tico.eu\/fr\/2013\/askar\/chien-askar1-3\/' itemprop=\"contentURL\"><img loading=\"lazy\" decoding=\"async\" width=\"150\" height=\"150\" src=\"https:\/\/www.amis-tico.eu\/fr\/wp-content\/uploads\/sites\/2\/2013\/11\/chien-askar1-3-150x150.jpg\" class=\"attachment-thumbnail size-thumbnail\" alt=\"\" itemprop=\"thumbnail\" \/><\/a><\/div>\n\t\t\t\t\t<\/figure>\n\t\t\t\t\t<figure class='gallery-item col-4' itemprop='associatedMedia' itemscope itemtype='http:\/\/schema.org\/ImageObject'>\n\t\t\t\t\t\t<div class='gallery-icon landscape'><a href='https:\/\/www.amis-tico.eu\/fr\/2013\/askar\/chien-askar1-4\/' itemprop=\"contentURL\"><img loading=\"lazy\" decoding=\"async\" width=\"150\" height=\"150\" src=\"https:\/\/www.amis-tico.eu\/fr\/wp-content\/uploads\/sites\/2\/2013\/11\/chien-askar1-4-150x150.jpg\" class=\"attachment-thumbnail size-thumbnail\" alt=\"\" itemprop=\"thumbnail\" \/><\/a><\/div>\n\t\t\t\t\t<\/figure>\n\t\t\t\t<\/div>\n\t\t\t<\/div><!-- .gallery -->\n\n<\/div>\n","protected":false},"excerpt":{"rendered":"<p>Gabarit: Grande taille Sexe: M\u00e2le Age (date de naissance): 06\/10\/2010 Race: Berger d&rsquo;Anatolie Pelage: Court Couleur de robe: charbonn\u00e9e Au refuge depuis: Novembre 2013<\/p>\n","protected":false},"author":8,"featured_media":553,"comment_status":"open","ping_status":"open","sticky":false,"template":"","format":"standard","meta":{"footnotes":""},"categories":[12],"tags":[],"class_list":["post-552","post","type-post","status-publish","format-standard","has-post-thumbnail","hentry","category-adoptes"],"_links":{"self":[{"href":"https:\/\/www.amis-tico.eu\/fr\/wp-json\/wp\/v2\/posts\/552","targetHints":{"allow":["GET"]}}],"collection":[{"href":"https:\/\/www.amis-tico.eu\/fr\/wp-json\/wp\/v2\/posts"}],"about":[{"href":"https:\/\/www.amis-tico.eu\/fr\/wp-json\/wp\/v2\/types\/post"}],"author":[{"embeddable":true,"href":"https:\/\/www.amis-tico.eu\/fr\/wp-json\/wp\/v2\/users\/8"}],"replies":[{"embeddable":true,"href":"https:\/\/www.amis-tico.eu\/fr\/wp-json\/wp\/v2\/comments?post=552"}],"version-history":[{"count":2,"href":"https:\/\/www.amis-tico.eu\/fr\/wp-json\/wp\/v2\/posts\/552\/revisions"}],"predecessor-version":[{"id":558,"href":"https:\/\/www.amis-tico.eu\/fr\/wp-json\/wp\/v2\/posts\/552\/revisions\/558"}],"wp:featuredmedia":[{"embeddable":true,"href":"https:\/\/www.amis-tico.eu\/fr\/wp-json\/wp\/v2\/media\/553"}],"wp:attachment":[{"href":"https:\/\/www.amis-tico.eu\/fr\/wp-json\/wp\/v2\/media?parent=552"}],"wp:term":[{"taxonomy":"category","embeddable":true,"href":"https:\/\/www.amis-tico.eu\/fr\/wp-json\/wp\/v2\/categories?post=552"},{"taxonomy":"post_tag","embeddable":true,"href":"https:\/\/www.amis-tico.eu\/fr\/wp-json\/wp\/v2\/tags?post=552"}],"curies":[{"name":"wp","href":"https:\/\/api.w.org\/{rel}","templated":true}]}}